{"id":121364,"date":"2021-05-04T19:26:49","date_gmt":"2021-05-04T19:26:49","guid":{"rendered":"https:\/\/dimensionturistica.com\/es\/?p=121364"},"modified":"2021-05-04T19:26:49","modified_gmt":"2021-05-04T19:26:49","slug":"cometur-propone-crear-fondo-anual-de-10-mdp-para-la-promocion-turistica","status":"publish","type":"post","link":"https:\/\/dimensionturistica.com\/es\/cometur-propone-crear-fondo-anual-de-10-mdp-para-la-promocion-turistica\/","title":{"rendered":"Cometur propone crear fondo anual de 10 mdp para la promoci\u00f3n tur\u00edstica"},"content":{"rendered":"<p> <br \/>\n<\/p>\n<div>\n<p>Integrantes del <strong>Consejo Metropolitano de Turismo (<a rel=\"nofollow noopener\" target=\"_blank\" href=\"https:\/\/www.eldictamen.mx\/tag\/cometur\/\">COMETUR)<\/a><\/strong>, encabezado por su presidente <strong>Sergio Lois Heredia<\/strong>, propondr\u00e1n a los candidatos a las presidencias municipales de <strong>Veracruz, Boca del R\u00edo y Medell\u00edn<\/strong>, la creaci\u00f3n de un<strong> fondo anual de 10 millones de pesos para la promoci\u00f3n tur\u00edstica.<\/strong><\/p>\n<p>\u201cSon cuatro propuestas, de estas cuatro la que consideramos m\u00e1s importante que<strong> se genere un presupuesto<\/strong> para la promoci\u00f3n tur\u00edstica desde los municipios de la zona metropolitana\u201d, coment\u00f3.<\/p>\n<p>La propuesta en espec\u00edfico es que entre los municipios que conforman la conurbaci\u00f3n Veracruz, Boca del R\u00edo y Medell\u00edn, se logre recaudar anualmente un presupuesto de 10 millones de pesos; cuyo uso exclusivo ser\u00eda la <strong>promoci\u00f3n tur\u00edstica de la zona metropolitana<\/strong>.<\/p>\n<p>Adem\u00e1s que dicho presupuesto, no vaya acompa\u00f1ado de ning\u00fan impuesto nuevo y que sea ejecutado directamente por los ayuntamientos y para la toma de decisiones en cuanto a la inversi\u00f3n promocional, se tome en cuenta a las <strong>agrupaciones empresariales<\/strong>.<\/p>\n<p>Otra de las propuestas es que las direcciones de turismo municipal, generen anualmente un nuevo producto tur\u00edstico que pueda reinventar y renovar la oferta tur\u00edstica de la zona metropolitana.<\/p>\n<p><strong><em><span class=\"has-inline-color has-pale-cyan-blue-color\">Te puede interesar: <\/span><\/em><\/strong><\/p>\n<h4 class=\"has-text-align-center\" id=\"h-cometur-aplicaci-n-de-las-vacunas-reactivar-a-la-econom-a-en-veracruz\"><a rel=\"nofollow noopener\" target=\"_blank\" href=\"https:\/\/www.eldictamen.mx\/noticias-de-veracruz\/boca-ver\/cometur-aplicacion-de-las-vacunas-reactivaria-la-economia-en-veracruz\/\"><strong><em><span class=\"has-inline-color has-pale-cyan-blue-color\">Cometur: aplicaci\u00f3n de las vacunas reactivar\u00eda la econom\u00eda en Veracruz<\/span><\/em><\/strong><\/a><\/h4>\n<h4 class=\"has-text-align-center\" id=\"h-cometur-prioridad-de-los-hoteleros-en-2021-es-que-sobreviva-la-empresa\"><a rel=\"nofollow noopener\" target=\"_blank\" href=\"https:\/\/www.eldictamen.mx\/noticias-de-veracruz\/boca-ver\/cometur-prioridad-de-los-hoteleros-en-2021-es-que-sobreviva-la-empresa\/\"><strong><em><span class=\"has-inline-color has-pale-cyan-blue-color\">COMETUR: Prioridad de los hoteleros en 2021 es que sobreviva la empresa<\/span><\/em><\/strong><\/a><\/h4>\n<p>\u201cYa que los productos tur\u00edsticos que tenemos actualmente, si bien est\u00e1n actualizados, siguen siendo los mismos que ten\u00edamos<strong> a inicios del siglo XXI<\/strong>; y es importante que se generen nuevos productos tur\u00edsticos\u201d, coment\u00f3.<\/p>\n<p>Adem\u00e1s que se tomen en cuenta a los grupos de trabajo marca sello, como es el <strong>turismo deportivo, espect\u00e1culos, hist\u00f3rico y gastron\u00f3mico<\/strong>; con la finalidad de <strong>crear calendarios<\/strong> y as\u00ed evitar que las fechas de los eventos se encimen.<\/p>\n<p>Detall\u00f3 que, en la actualidad, <strong>el tema turismo es un negocio desordenado<\/strong> y el objetivo es transformarlo en una industria ordenada.<\/p>\n<p>Y por \u00faltimo, que las campa\u00f1as promocionales de los diversos ayuntamientos est\u00e9n alineadas y coordinadas; esto con la finalidad de que uno m\u00e1s uno no sea dos, sino tres.<\/p>\n<p>Dichas propuestas se les har\u00e1n llegar a los<strong> candidatos a las presidencias municipales de Veracruz, Boca del R\u00edo y Medell\u00edn<\/strong>, o a trav\u00e9s de reuniones que se seguramente la COMETUR, sostendr\u00e1 para conocer sus propuestas.<\/p>\n<p><strong>S\u00edguenos en\u00a0<\/strong><em><strong>Twitter\u00a0<\/strong><\/em><strong><em><a rel=\"nofollow noopener\" target=\"_blank\" href=\"https:\/\/twitter.com\/ElDictamen\">@ElDictamen<\/a><\/em><\/strong><em><strong>.<\/strong><\/em><\/p>\n<p><strong>O si lo prefieres,\u00a0en\u00a0<\/strong><em><strong>Fb\u00a0<\/strong><\/em><strong><em><a rel=\"nofollow noopener\" target=\"_blank\" href=\"https:\/\/www.facebook.com\/ElDictamen\/\">\/ElDictamen.<\/a><\/em><\/strong><\/p>\n<p><strong>Y tambi\u00e9n en Instagram:\u00a0<a rel=\"nofollow noopener\" target=\"_blank\" href=\"https:\/\/www.instagram.com\/eldictamen\/\">@ElDictamen<\/a><\/strong><\/p>\n<p><strong>M\u00e1s noticias\u00a0<a rel=\"nofollow noopener\" target=\"_blank\" href=\"https:\/\/www.eldictamen.mx\/\">AQU\u00cd.<\/a><\/strong><\/p>\n<\/div>\n<p><script async src=\"\/\/platform.twitter.com\/widgets.js\" charset=\"utf-8\"><\/script><script type=\"text\/plain\" data-cli-class=\"cli-blocker-script\" data-cli-script-type=\"non-necessary\" data-cli-block=\"true\" data-cli-element-position=\"head\">\n!function(f,b,e,v,n,t,s){if(f.fbq)return;n=f.fbq=function(){n.callMethod?\nn.callMethod.apply(n,arguments):n.queue.push(arguments)};if(!f._fbq)f._fbq=n;\nn.push=n;n.loaded=!0;n.version='2.0';n.queue=[];t=b.createElement(e);t.async=!0;\nt.src=v;s=b.getElementsByTagName(e)[0];s.parentNode.insertBefore(t,s)}(window,\ndocument,'script','https:\/\/connect.facebook.net\/en_US\/fbevents.js');\n<\/script><script async defer src=\"https:\/\/platform.instagram.com\/en_US\/embeds.js\"><\/script><br \/>\n<br \/><\/p>\n<p><em> &#8221; Fuentes www.eldictamen.mx &#8221; <\/em><\/p>\n","protected":false},"excerpt":{"rendered":"<p>Integrantes del Consejo Metropolitano de Turismo (COMETUR), encabezado por su presidente Sergio Lois Heredia, propondr\u00e1n a los candidatos a las presidencias municipales de Veracruz, Boca del R\u00edo y Medell\u00edn, la creaci\u00f3n de un fondo anual de 10 millones de pesos para la promoci\u00f3n tur\u00edstica. \u201cSon cuatro propuestas, de estas cuatro la que consideramos m\u00e1s importante [&hellip;]<\/p>\n","protected":false},"author":4,"featured_media":121365,"comment_status":"open","ping_status":"closed","sticky":false,"template":"","format":"standard","meta":{"om_disable_all_campaigns":false,"jnews-multi-image_gallery":[],"jnews_single_post":[],"jnews_primary_category":[],"jnews_social_meta":[],"footnotes":""},"categories":[40],"tags":[],"class_list":["post-121364","post","type-post","status-publish","format-standard","has-post-thumbnail","hentry","category-industria"],"_links":{"self":[{"href":"https:\/\/dimensionturistica.com\/es\/wp-json\/wp\/v2\/posts\/121364","targetHints":{"allow":["GET"]}}],"collection":[{"href":"https:\/\/dimensionturistica.com\/es\/wp-json\/wp\/v2\/posts"}],"about":[{"href":"https:\/\/dimensionturistica.com\/es\/wp-json\/wp\/v2\/types\/post"}],"author":[{"embeddable":true,"href":"https:\/\/dimensionturistica.com\/es\/wp-json\/wp\/v2\/users\/4"}],"replies":[{"embeddable":true,"href":"https:\/\/dimensionturistica.com\/es\/wp-json\/wp\/v2\/comments?post=121364"}],"version-history":[{"count":0,"href":"https:\/\/dimensionturistica.com\/es\/wp-json\/wp\/v2\/posts\/121364\/revisions"}],"wp:featuredmedia":[{"embeddable":true,"href":"https:\/\/dimensionturistica.com\/es\/wp-json\/wp\/v2\/media\/121365"}],"wp:attachment":[{"href":"https:\/\/dimensionturistica.com\/es\/wp-json\/wp\/v2\/media?parent=121364"}],"wp:term":[{"taxonomy":"category","embeddable":true,"href":"https:\/\/dimensionturistica.com\/es\/wp-json\/wp\/v2\/categories?post=121364"},{"taxonomy":"post_tag","embeddable":true,"href":"https:\/\/dimensionturistica.com\/es\/wp-json\/wp\/v2\/tags?post=121364"}],"curies":[{"name":"wp","href":"https:\/\/api.w.org\/{rel}","templated":true}]}}