{"id":121358,"date":"2021-05-04T19:18:48","date_gmt":"2021-05-04T19:18:48","guid":{"rendered":"https:\/\/dimensionturistica.com\/es\/?p=121358"},"modified":"2021-05-04T19:18:48","modified_gmt":"2021-05-04T19:18:48","slug":"promueven-el-caribe-mexicano-en-europa","status":"publish","type":"post","link":"https:\/\/dimensionturistica.com\/es\/promueven-el-caribe-mexicano-en-europa\/","title":{"rendered":"Promueven el Caribe Mexicano en Europa"},"content":{"rendered":"<p> <br \/>\n<\/p>\n<div id=\"\">\n<p>Desde el a\u00f1o pasado, el Consejo de Promoci\u00f3n Tur\u00edstica de Quintana Roo promueve el Caribe mexicano a trav\u00e9s de una serie de eventos virtuales que nombraron Caravanas Virtuales. Dichas caravanas llegan a los mercados europeos y tienen la finalidad de reactivar el turismo hacia los 12 destinos que conforman la regi\u00f3n.<\/p>\n<p>Hasta el momento, la Caravana Digital del Caribe Mexicano cuanta ya con el registro de 630 agentes de viajes y touroperadores europeos.<\/p>\n<p>A los registrados se les ofrece una serie de presentaciones de destino y actualizaciones sobre las medidas y protocolos de seguridad sanitaria implementados en la regi\u00f3n para hacer frente a la pandemia de Covid-19 y proteger la integridad de los visitantes.<\/p>\n<p>La Directora Ejecutiva de Promoci\u00f3n del Caribe mexicano, Lizzie Cole, explic\u00f3 la apertura a recibir turistas europeos. Para darles la bienvenida de manera segura, el gobierno estatal y la iniciativa privada implementaron protocolos sanitarios y certificaciones.<\/p>\n<p>Tal vez te interese leer: <a rel=\"nofollow noopener\" target=\"_blank\" href=\"https:\/\/periodicoviaje.com\/tendencias\/caravana-virtual-del-caribe-mexicano-llega-a-francia\/\">Caravana Virtual del Caribe Mexicano llega a Francia<\/a><\/p>\n<p>\u201cLos aeropuertos de M\u00e9xico y especialmente de Canc\u00fan y Cozumel no tienen restricciones para la llegada de viajeros internacionales, por lo que todos son bienvenidos. No hay cuarentenas. Sin embargo, todos deben respetar el protocolo establecido. Tenemos una certificaci\u00f3n muy estricta para el turismo, que incluye hoteles, restaurantes y servicios de transporte \u201d mencion\u00f3 la directora.<\/p>\n<p>Durante el tiempo que la Caravana Digital ha recorrido Europa, es notable el inter\u00e9s de los agentes de viajes y touroperadores europeos.<\/p>\n<p>Uno de los principales motores del inter\u00e9s es la creaci\u00f3n de la estrategia de reactivaci\u00f3n del turismo espec\u00edfica para su mercado.  <\/p>\n<p>Adem\u00e1s de promover los 12 destinos del Caribe Mexicano, en los que se incluyen los m\u00e1s conocidos, los participantes pudieron saber de otros destinos menos conocidos como son Maya Ka\u2019an, Bacalar o Chetumal.\u00a0<\/p>\n<p>La directora de Promoci\u00f3n del Caribe mexicano, Evelyn Pintado, condujo las sesiones de capacitaci\u00f3n de agentes de viaje. Se incluyeron novedades e informaci\u00f3n sobre productos, as\u00ed como actividades recreativas y culturales que pueden hacer en los destinos de la regi\u00f3n.<\/p>\n<p>Adicional, los asistentes al evento digital tuvieron la oportunidad de participar en sesiones de networking en las que los hoteleros y proveedores tur\u00edsticos del Caribe mexicano presentaron sus productos y entablaron comunicaci\u00f3n con los profesionales del turismo europeo interesados en M\u00e9xico. <\/p>\n<p>Todo el evento se desarrolla a trav\u00e9s de una <a rel=\"nofollow noopener\" target=\"_blank\" href=\"http:\/\/www.caravanacaribemexicano.com\">plataforma virtual dise\u00f1ada espec\u00edficamente para llevar a cabo las caravanas.<\/a><\/p>\n<p>En complete participaron 27 hoteles y proveedores de los\u00a012 destinos del Caribe Mexicano, incluidas aerol\u00edneas que informaron sobre la conectividad de Europa a los aeropuertos internacionales de Canc\u00fan, Chetumal y Cozumel.\u00a0<\/p>\n<p>En los eventos virtuales participaron las aerol\u00edneas Evelop! de Espa\u00f1a, TAP de Portugal, Aerom\u00e9xico, Air France, y Lufthansa. \u00a0<\/p>\n<p>Los 4 eventos virtuales estuvieron dirigidos en ingl\u00e9s, espa\u00f1ol, portugu\u00e9s, alem\u00e1n y franc\u00e9s a los mercados del Reino Unido, Irlanda, Francia, B\u00e9lgica, Suiza, Alemania, Austria, Espa\u00f1a y Portugal.<\/p>\n<figure class=\"wp-block-embed is-type-wp-embed is-provider-periodico-viaje wp-block-embed-periodico-viaje\"\/>\n<style><![CDATA[#wpdevar_comment_1 span,#wpdevar_comment_1 iframe{width:100% !important;}]]><\/style>\n<\/p><\/div>\n<p><script>(function(d, s, id) {\n          var js, fjs = d.getElementsByTagName(s)[0];\n          if (d.getElementById(id)) return;\n          js = d.createElement(s); js.id = id;\n          js.src = \"https:\/\/connect.facebook.net\/es_ES\/sdk.js#xfbml=1&appId=336516854042462&version=v2.3\";\n          fjs.parentNode.insertBefore(js, fjs);\n        }(document, 'script', 'facebook-jssdk'));<\/script><br \/>\n<br \/><\/p>\n<p><em> &#8221; Fuentes periodicoviaje.com &#8221; <\/em><\/p>\n","protected":false},"excerpt":{"rendered":"<p>Desde el a\u00f1o pasado, el Consejo de Promoci\u00f3n Tur\u00edstica de Quintana Roo promueve el Caribe mexicano a trav\u00e9s de una serie de eventos virtuales que nombraron Caravanas Virtuales. Dichas caravanas llegan a los mercados europeos y tienen la finalidad de reactivar el turismo hacia los 12 destinos que conforman la regi\u00f3n. Hasta el momento, la [&hellip;]<\/p>\n","protected":false},"author":4,"featured_media":121359,"comment_status":"open","ping_status":"closed","sticky":false,"template":"","format":"standard","meta":{"om_disable_all_campaigns":false,"jnews-multi-image_gallery":[],"jnews_single_post":[],"jnews_primary_category":[],"jnews_social_meta":[],"footnotes":""},"categories":[40],"tags":[],"class_list":["post-121358","post","type-post","status-publish","format-standard","has-post-thumbnail","hentry","category-industria"],"_links":{"self":[{"href":"https:\/\/dimensionturistica.com\/es\/wp-json\/wp\/v2\/posts\/121358","targetHints":{"allow":["GET"]}}],"collection":[{"href":"https:\/\/dimensionturistica.com\/es\/wp-json\/wp\/v2\/posts"}],"about":[{"href":"https:\/\/dimensionturistica.com\/es\/wp-json\/wp\/v2\/types\/post"}],"author":[{"embeddable":true,"href":"https:\/\/dimensionturistica.com\/es\/wp-json\/wp\/v2\/users\/4"}],"replies":[{"embeddable":true,"href":"https:\/\/dimensionturistica.com\/es\/wp-json\/wp\/v2\/comments?post=121358"}],"version-history":[{"count":0,"href":"https:\/\/dimensionturistica.com\/es\/wp-json\/wp\/v2\/posts\/121358\/revisions"}],"wp:featuredmedia":[{"embeddable":true,"href":"https:\/\/dimensionturistica.com\/es\/wp-json\/wp\/v2\/media\/121359"}],"wp:attachment":[{"href":"https:\/\/dimensionturistica.com\/es\/wp-json\/wp\/v2\/media?parent=121358"}],"wp:term":[{"taxonomy":"category","embeddable":true,"href":"https:\/\/dimensionturistica.com\/es\/wp-json\/wp\/v2\/categories?post=121358"},{"taxonomy":"post_tag","embeddable":true,"href":"https:\/\/dimensionturistica.com\/es\/wp-json\/wp\/v2\/tags?post=121358"}],"curies":[{"name":"wp","href":"https:\/\/api.w.org\/{rel}","templated":true}]}}