{"id":121319,"date":"2021-05-04T18:05:32","date_gmt":"2021-05-04T18:05:32","guid":{"rendered":"https:\/\/dimensionturistica.com\/es\/?p=121319"},"modified":"2021-05-04T18:05:32","modified_gmt":"2021-05-04T18:05:32","slug":"barranquilla-recibio-4-nominaciones-a-los-world-travel-award","status":"publish","type":"post","link":"https:\/\/dimensionturistica.com\/es\/barranquilla-recibio-4-nominaciones-a-los-world-travel-award\/","title":{"rendered":"Barranquilla recibio 4 nominaciones a los World Travel Award"},"content":{"rendered":"<p> <br \/>\n<\/p>\n<div>\n<p dir=\"ltr\"><span id=\"docs-internal-guid-6850f7ff-7fff-ff2b-2e11-a20f1c33f9c9\">Dada la oferta tur\u00edstica y cultural de Barranquilla y su trayectoria en los World Journey Awards (WTA); ser galardonados como el destino cultural de Am\u00e9rica del Sur en la versi\u00f3n pasada de los premios, para este a\u00f1o, Barranquilla fue nominada por los WTA 2021 en las siguientes categor\u00edas:<\/span><\/p>\n<ul style=\"list-style-type:disc;\">\n<li aria-level=\"1\" dir=\"ltr\">\n<p dir=\"ltr\" role=\"presentation\"><span id=\"docs-internal-guid-6850f7ff-7fff-ff2b-2e11-a20f1c33f9c9\">Principal destino de reuniones y conferencias de Am\u00e9rica del Sur 2021<\/span>, en esta categor\u00eda compite con Bogot\u00e1, Buenos Aires, Guayaquil, Lima, Medell\u00edn, R\u00edo de Janeiro, Santiago y S\u00e3o Paulo.<\/p>\n<\/li>\n<li aria-level=\"1\" dir=\"ltr\">\n<p dir=\"ltr\" role=\"presentation\"><span id=\"docs-internal-guid-6850f7ff-7fff-ff2b-2e11-a20f1c33f9c9\">Principal destino de festivales y eventos de Sudam\u00e9rica 2021<\/span>, en esta categor\u00eda compite con Bogot\u00e1, Buenos Aires, Lima, Medell\u00edn, Montevideo, R\u00edo de Janeiro, Santiago y S\u00e3o Paulo.<\/p>\n<\/li>\n<li aria-level=\"1\" dir=\"ltr\">\n<p dir=\"ltr\" role=\"presentation\"><span id=\"docs-internal-guid-6850f7ff-7fff-ff2b-2e11-a20f1c33f9c9\">Principal destino tur\u00edstico emergente de Sudam\u00e9rica 2021<\/span>, en esta categor\u00eda compite con Guayaquil, Montevideo, San Jos\u00e9 del Guaviare, Santiago de Cali y Santiago.<\/p>\n<\/li>\n<li aria-level=\"1\" dir=\"ltr\">\n<p dir=\"ltr\" role=\"presentation\"><span id=\"docs-internal-guid-6850f7ff-7fff-ff2b-2e11-a20f1c33f9c9\">Ciudad cultural de Am\u00e9rica del Sur 2021<\/span>, en esta categor\u00eda compite con Bogot\u00e1, Buenos Aires, Cartagena, Cuenca, Cusco, Lima, Medell\u00edn, Montevideo, Quito, R\u00edo de Janeiro, Santiago de Cali, Santiago, S\u00e3o Paulo.<\/p>\n<\/li>\n<\/ul>\n<p dir=\"ltr\"><span id=\"docs-internal-guid-6850f7ff-7fff-ff2b-2e11-a20f1c33f9c9\">El ganador de cada categor\u00eda depender\u00e1 del n\u00famero de votaciones que logre el destino por parte de profesionales de la industria de viajes y del p\u00fablico. La convocatoria estar\u00e1 abierta hasta el 26 de julio de 2021, y los ganadores se dar\u00e1n a conocer el 16 de octubre del mismo a\u00f1o.\u00a0<\/span><\/p>\n<p dir=\"ltr\"><span id=\"docs-internal-guid-910d567c-7fff-a826-408b-2017781e364d\">Para votar:\u00a0<\/span><\/p>\n<p dir=\"ltr\"><span id=\"docs-internal-guid-910d567c-7fff-a826-408b-2017781e364d\"><a rel=\"nofollow noopener\" target=\"_blank\" href=\"http:\/\/www.worldtravelawards.com\/register\">Regi\u0301strate y espera la confirmacio\u0301n por correo<\/a>\u00a0<\/span><br \/><span id=\"docs-internal-guid-910d567c-7fff-a826-408b-2017781e364d\"><a rel=\"nofollow noopener\" target=\"_blank\" href=\"https:\/\/www.worldtravelawards.com\/vote\">Luego inicia sesio\u0301n con tu correo y vota<\/a>\u00a0<\/span><\/p>\n<p><span id=\"docs-internal-guid-910d567c-7fff-a826-408b-2017781e364d\">\u201cRecibir estas 4 nominaciones da muestra del trabajo articulado entre entidades como ProBarranquilla, la Alcald\u00eda Distrital y la Gobernaci\u00f3n del Atl\u00e1ntico para promover nuestro territorio nacional e internacionalmente como el mejor destino para el turismo de eventos y reuniones. Ser reconocidos en estas categor\u00edas comprueba que el apetito por los viajes y el turismo contin\u00faa en aumento y es un buen augurio para el futuro de la industria a medida que comienza la recuperaci\u00f3n del sector en el mundo.\u201d Resalta Ana Mar\u00eda Badel directora ejecutiva de ProBarranquilla.<\/span><\/p>\n<\/p><\/div>\n\n<p><em> &#8221; Fuentes es.travel2latam.com &#8221; <\/em><\/p>\n","protected":false},"excerpt":{"rendered":"<p>Dada la oferta tur\u00edstica y cultural de Barranquilla y su trayectoria en los World Journey Awards (WTA); ser galardonados como el destino cultural de Am\u00e9rica del Sur en la versi\u00f3n pasada de los premios, para este a\u00f1o, Barranquilla fue nominada por los WTA 2021 en las siguientes categor\u00edas: Principal destino de reuniones y conferencias de [&hellip;]<\/p>\n","protected":false},"author":4,"featured_media":0,"comment_status":"open","ping_status":"closed","sticky":false,"template":"","format":"standard","meta":{"om_disable_all_campaigns":false,"jnews-multi-image_gallery":[],"jnews_single_post":[],"jnews_primary_category":[],"jnews_social_meta":[],"footnotes":""},"categories":[40],"tags":[],"class_list":["post-121319","post","type-post","status-publish","format-standard","hentry","category-industria"],"_links":{"self":[{"href":"https:\/\/dimensionturistica.com\/es\/wp-json\/wp\/v2\/posts\/121319","targetHints":{"allow":["GET"]}}],"collection":[{"href":"https:\/\/dimensionturistica.com\/es\/wp-json\/wp\/v2\/posts"}],"about":[{"href":"https:\/\/dimensionturistica.com\/es\/wp-json\/wp\/v2\/types\/post"}],"author":[{"embeddable":true,"href":"https:\/\/dimensionturistica.com\/es\/wp-json\/wp\/v2\/users\/4"}],"replies":[{"embeddable":true,"href":"https:\/\/dimensionturistica.com\/es\/wp-json\/wp\/v2\/comments?post=121319"}],"version-history":[{"count":0,"href":"https:\/\/dimensionturistica.com\/es\/wp-json\/wp\/v2\/posts\/121319\/revisions"}],"wp:attachment":[{"href":"https:\/\/dimensionturistica.com\/es\/wp-json\/wp\/v2\/media?parent=121319"}],"wp:term":[{"taxonomy":"category","embeddable":true,"href":"https:\/\/dimensionturistica.com\/es\/wp-json\/wp\/v2\/categories?post=121319"},{"taxonomy":"post_tag","embeddable":true,"href":"https:\/\/dimensionturistica.com\/es\/wp-json\/wp\/v2\/tags?post=121319"}],"curies":[{"name":"wp","href":"https:\/\/api.w.org\/{rel}","templated":true}]}}