{"id":121311,"date":"2021-05-04T17:49:27","date_gmt":"2021-05-04T17:49:27","guid":{"rendered":"https:\/\/dimensionturistica.com\/es\/?p=121311"},"modified":"2021-05-04T17:49:27","modified_gmt":"2021-05-04T17:49:27","slug":"avianca-amplia-distribucion-de-boletos-para-agencias-de-viaje","status":"publish","type":"post","link":"https:\/\/dimensionturistica.com\/es\/avianca-amplia-distribucion-de-boletos-para-agencias-de-viaje\/","title":{"rendered":"Avianca ampl\u00eda distribuci\u00f3n de boletos para agencias de viaje"},"content":{"rendered":"<p> <br \/>\n<\/p>\n<div>\n<div class=\"td-post-featured-image\"><img decoding=\"async\" width=\"696\" height=\"406\" class=\"entry-thumb\" src=\"https:\/\/www.valoraanalitik.com\/wp-content\/uploads\/2021\/03\/Avianca-avion2.jpg\" alt=\"Avianca ampl\u00eda distribuci\u00f3n de boletos para agencias de viaje\" title=\"Avianca ampl\u00eda distribuci\u00f3n de boletos para agencias de viaje\"\/><\/div>\n<p><span style=\"font-size: 11pt;\"><span style=\"font-family: Calibri,sans-serif;\"><span style=\"font-size: 12.0pt;\"><span style=\"font-family: 'Lucida Sans Unicode',sans-serif;\">Avianca, en el marco de su estrategia \u201cCambiando Juntos\u201d revel\u00f3 que presentar\u00e1 cambios que se ver\u00e1n reflejados desde agosto en los canales de ventas de sus pasajes.<\/span><\/span><\/span><\/span><\/p>\n<p><span style=\"font-size: 11pt;\"><span style=\"font-family: Calibri,sans-serif;\"><span style=\"font-size: 12.0pt;\"><span style=\"font-family: 'Lucida Sans Unicode',sans-serif;\"><a rel=\"nofollow noopener\" target=\"_blank\" style=\"color: #0563c1; text-decoration: underline;\" href=\"https:\/\/www.valoraanalitik.com\/tag\/avianca\/\">Avianca<\/a> mejora su pol\u00edtica de distribuci\u00f3n para ofrecer precios muy competitivos a sus pasajeros. Las ventas por canales m\u00e1s eficientes permitir\u00e1n entregar ahorros a los clientes, tener tarifas m\u00e1s bajas y seguir dando a las agencias toda la oferta de la aerol\u00ednea.\u00a0<\/span><\/span><\/span><\/span><\/p>\n<p><span style=\"font-size: 11pt;\"><span style=\"font-family: Calibri,sans-serif;\"><span style=\"font-size: 12.0pt;\"><span style=\"font-family: 'Lucida Sans Unicode',sans-serif;\">El esquema de ventas a trav\u00e9s de los sistemas globales de distribuci\u00f3n -GDS- se mantiene, sin embargo, aquellos tiquetes emitidos por esta v\u00eda, tendr\u00e1n un cargo adicional para compensar el costo que implica el uso de dichos canales. <strong>Los cambios se implementar\u00e1n a partir de agosto en todos los mercados en los que la aerol\u00ednea tiene operaci\u00f3n<\/strong>. Vea m\u00e1s informaci\u00f3n <a rel=\"nofollow noopener\" target=\"_blank\" style=\"color: #0563c1; text-decoration: underline;\" href=\"https:\/\/www.valoraanalitik.com\/empresas\/\">en Empresas<\/a>.<\/span><\/span><\/span><\/span><\/p>\n<p><span style=\"font-size: 11pt;\"><span style=\"font-family: Calibri,sans-serif;\"><strong><span style=\"font-size: 12.0pt;\"><span style=\"font-family: 'Lucida Sans Unicode',sans-serif;\">Recomendado: <a rel=\"nofollow noopener\" target=\"_blank\" style=\"color: #0563c1; text-decoration: underline;\" title=\"Avianca cambi\u00f3 cancel\u00f3 vuelos desde y hacia Cali por protestas\" href=\"https:\/\/www.valoraanalitik.com\/2021\/05\/01\/avianca-cambio-cancelo-vuelos-desde-y-hacia-cali-por-protestas\/\">Avianca cambi\u00f3 cancel\u00f3 vuelos desde y hacia Cali por protestas<\/a><\/span><\/span><\/strong><\/span><\/span><\/p>\n<h3><span style=\"font-size: 13.5pt;\"><span style=\"background-color: white;\"><span style=\"font-family: 'Times New Roman',serif;\"><span style=\"font-size: 12.0pt;\"><span style=\"font-family: 'Lucida Sans Unicode',sans-serif;\"><span style=\"color: black;\">Al igual que un sinn\u00famero de aerol\u00edneas en el mundo, <\/span><\/span><\/span><span style=\"font-size: 12.0pt;\"><span style=\"font-family: 'Lucida Sans Unicode',sans-serif;\"><span style=\"color: black;\">desde agosto Avianca ampliar\u00e1 su esquema de distribuci\u00f3n de venta de boletos para agencias de viajes<\/span><\/span><\/span><span style=\"font-size: 12.0pt;\"><span style=\"font-family: 'Lucida Sans Unicode',sans-serif;\"><span style=\"color: black;\">, habilitando m\u00e1s canales eficientes en los que los agentes de viaje acceder\u00e1n a todo el inventario de la aerol\u00ednea -tiquetes y servicios complementarios- a los mejores precios. <\/span><\/span><\/span><\/span><\/span><\/span><\/h3>\n<p><span style=\"font-size: 11pt;\"><span style=\"font-family: Calibri,sans-serif;\"><span style=\"font-size: 12.0pt;\"><span style=\"font-family: 'Lucida Sans Unicode',sans-serif;\">A su vez, con la implementaci\u00f3n de esta mejora, los pasajeros encontrar\u00e1n boletos m\u00e1s econ\u00f3micos, lo que corresponde con la visi\u00f3n de ser una compa\u00f1\u00eda m\u00e1s accesible para todos.<\/span><\/span><\/span><\/span><\/p>\n<p><span style=\"font-size: 11pt;\"><span style=\"font-family: Calibri,sans-serif;\"><span style=\"font-size: 12.0pt;\"><span style=\"font-family: 'Lucida Sans Unicode',sans-serif;\">\u201cLas aerol\u00edneas han migrado a este esquema de venta que demuestra ser eficiente y tener m\u00faltiples beneficios para los clientes. Este es un cambio importante, necesario y en l\u00ednea con la din\u00e1mica de la distribuci\u00f3n de viajes a\u00e9reos en el mundo\u201d, coment\u00f3 Silvia Mosquera, Chief Business Officer de Avianca. <\/span><\/span><\/span><\/span><\/p>\n<p><span style=\"font-size: 11pt;\"><span style=\"font-family: Calibri,sans-serif;\"><span style=\"font-size: 12.0pt;\"><span style=\"font-family: 'Lucida Sans Unicode',sans-serif;\">Adem\u00e1s, explic\u00f3 que las agencias que utilicen canales m\u00e1s eficientes, como Avianca NDC y el Portal Net para agencias,\u00a0no tendr\u00e1n que pagar cargos adicionales por la emisi\u00f3n de tiquetes. <\/span><\/span><\/span><\/span><\/p>\n<p><span style=\"font-size: 11pt;\"><span style=\"font-family: Calibri,sans-serif;\"><span style=\"font-size: 12.0pt;\"><span style=\"font-family: 'Lucida Sans Unicode',sans-serif;\">\u201cAvianca entregar\u00e1 todo el apoyo y soporte a sus aliados para que se sumen a este nuevo esquema que sin duda beneficia a los clientes y en consecuencia a la reactivaci\u00f3n del turismo\u201d.<\/span><\/span><\/span><\/span><\/p>\n<p><span style=\"font-size: 11pt;\"><span style=\"font-family: Calibri,sans-serif;\"><span style=\"font-size: 12.0pt;\"><span style=\"font-family: 'Lucida Sans Unicode',sans-serif;\">La aerol\u00ednea tambi\u00e9n inform\u00f3 que seguir\u00e1 manteniendo la opci\u00f3n de conectarse a la oferta comercial mediante los sistemas globales de distribuci\u00f3n (GDS), no obstante,\u00a0a partir del 1 de agosto de 2021, <strong>los boletos que se vendan por esta v\u00eda tendr\u00e1n un cargo adicional\u00a0para compensar el costo que implica el uso de dichos canales.<\/strong><\/span><\/span><\/span><\/span><\/p>\n<p><span style=\"font-size: 11pt;\"><span style=\"font-family: Calibri,sans-serif;\"><span style=\"font-size: 12.0pt;\"><span style=\"font-family: 'Lucida Sans Unicode',sans-serif;\">Semanas atr\u00e1s, Avianca dio a conocer su estrategia \u201cCambiando Juntos\u201d, la cual responde a la nueva visi\u00f3n de la compa\u00f1\u00eda, <strong>que se enfoca en tener precios muy competitivos, una importante expansi\u00f3n de su purple de rutas privilegiando destinos punto a punto y ofrecer un producto m\u00e1s easy y adaptado a las necesidades de los pasajeros.<\/strong> En este sentido, la optimizaci\u00f3n de los canales de distribuci\u00f3n anunciada responde al prop\u00f3sito de tener una Avianca para todos y mucho m\u00e1s accesible.<\/span><\/span><\/span><\/span><\/p>\n<p>\u2014<\/p>\n<div class=\"code-block code-block-7\" style=\"margin: 8px auto; text-align: center; display: block; clear: both;\"> <a rel=\"nofollow noopener\" target=\"_blank\" href=\"https:\/\/news.google.com\/publications\/CAAiEKLndMd6COgf5Pbrf2fLiNQqFAgKIhCi53THegjoH-T2639ny4jU?oc=3&amp;ceid=CO:es-419\"><img decoding=\"async\" src=\"https:\/\/www.valoraanalitik.com\/wp-content\/uploads\/2020\/06\/convierta-valora.jpg\" width=\"100%\" alt=\"Convierta a ValoraAnalitik en su fuente de noticias\" title=\"Convierta a ValoraAnalitik en su fuente de noticias\"\/><\/a><\/div><\/div>\n\n<p><em> &#8221; Fuentes www.valoraanalitik.com &#8221; <\/em><\/p>\n","protected":false},"excerpt":{"rendered":"<p>Avianca, en el marco de su estrategia \u201cCambiando Juntos\u201d revel\u00f3 que presentar\u00e1 cambios que se ver\u00e1n reflejados desde agosto en los canales de ventas de sus pasajes. Avianca mejora su pol\u00edtica de distribuci\u00f3n para ofrecer precios muy competitivos a sus pasajeros. Las ventas por canales m\u00e1s eficientes permitir\u00e1n entregar ahorros a los clientes, tener tarifas [&hellip;]<\/p>\n","protected":false},"author":4,"featured_media":121312,"comment_status":"open","ping_status":"closed","sticky":false,"template":"","format":"standard","meta":{"om_disable_all_campaigns":false,"jnews-multi-image_gallery":[],"jnews_single_post":[],"jnews_primary_category":[],"jnews_social_meta":[],"footnotes":""},"categories":[40],"tags":[],"class_list":["post-121311","post","type-post","status-publish","format-standard","has-post-thumbnail","hentry","category-industria"],"_links":{"self":[{"href":"https:\/\/dimensionturistica.com\/es\/wp-json\/wp\/v2\/posts\/121311","targetHints":{"allow":["GET"]}}],"collection":[{"href":"https:\/\/dimensionturistica.com\/es\/wp-json\/wp\/v2\/posts"}],"about":[{"href":"https:\/\/dimensionturistica.com\/es\/wp-json\/wp\/v2\/types\/post"}],"author":[{"embeddable":true,"href":"https:\/\/dimensionturistica.com\/es\/wp-json\/wp\/v2\/users\/4"}],"replies":[{"embeddable":true,"href":"https:\/\/dimensionturistica.com\/es\/wp-json\/wp\/v2\/comments?post=121311"}],"version-history":[{"count":0,"href":"https:\/\/dimensionturistica.com\/es\/wp-json\/wp\/v2\/posts\/121311\/revisions"}],"wp:featuredmedia":[{"embeddable":true,"href":"https:\/\/dimensionturistica.com\/es\/wp-json\/wp\/v2\/media\/121312"}],"wp:attachment":[{"href":"https:\/\/dimensionturistica.com\/es\/wp-json\/wp\/v2\/media?parent=121311"}],"wp:term":[{"taxonomy":"category","embeddable":true,"href":"https:\/\/dimensionturistica.com\/es\/wp-json\/wp\/v2\/categories?post=121311"},{"taxonomy":"post_tag","embeddable":true,"href":"https:\/\/dimensionturistica.com\/es\/wp-json\/wp\/v2\/tags?post=121311"}],"curies":[{"name":"wp","href":"https:\/\/api.w.org\/{rel}","templated":true}]}}