{"id":121305,"date":"2021-05-04T17:41:21","date_gmt":"2021-05-04T17:41:21","guid":{"rendered":"https:\/\/dimensionturistica.com\/es\/?p=121305"},"modified":"2021-05-04T17:41:22","modified_gmt":"2021-05-04T17:41:22","slug":"desconecta-esta-mujer-se-reencuentra-con-su-perro-tras-18-meses-separados","status":"publish","type":"post","link":"https:\/\/dimensionturistica.com\/es\/desconecta-esta-mujer-se-reencuentra-con-su-perro-tras-18-meses-separados\/","title":{"rendered":"DESCONECTA.-Esta mujer se reencuentra con su perro tras 18 meses separados"},"content":{"rendered":"<p> <br \/>\n<\/p>\n<div>\n<div class=\"visual__image  image_container\"><img decoding=\"async\" alt=\"04\/05\/2021 Esta mujer se reencuentra con su perro tras 18 meses separados.&#13;&#10;&#13;&#10;MADRID, 4 may. (EDIZIONES) Esta mujer comparti\u00f3 el momento en el que por fin pudo volver a ver a su perro despu\u00e9s de estar separados durante un a\u00f1o y medio debido al coronavirus.&#13;&#10;&#13;&#10;SOCIEDAD &#13;&#10;YOUTUBE - CATERS - @MIKAYLAHAU&#13;&#10;\" height=\"541\" width=\"966\" src=\"https:\/\/www.infobae.com\/new-resizer\/YX-ZB3dwfo9g4DhGtO_ebbA2muI=\/420x236\/filters:format(jpg):quality(85)\/cloudfront-us-east-1.images.arcpublishing.com\/infobae\/KBRTNQPW3VDQPFFL2NXSNZRMZQ.jpg\" srcset=\"https:\/\/www.infobae.com\/new-resizer\/YX-ZB3dwfo9g4DhGtO_ebbA2muI=\/420x236\/filters:format(jpg):quality(85)\/cloudfront-us-east-1.images.arcpublishing.com\/infobae\/KBRTNQPW3VDQPFFL2NXSNZRMZQ.jpg 420w,https:\/\/www.infobae.com\/new-resizer\/ORfbWQ1_-6wQWl11Vqt_nd5Eusw=\/768x432\/filters:format(jpg):quality(85)\/cloudfront-us-east-1.images.arcpublishing.com\/infobae\/KBRTNQPW3VDQPFFL2NXSNZRMZQ.jpg 768w,https:\/\/www.infobae.com\/new-resizer\/68f57FmzFIzhXe7CiMMxXBqpVqw=\/992x558\/filters:format(jpg):quality(85)\/cloudfront-us-east-1.images.arcpublishing.com\/infobae\/KBRTNQPW3VDQPFFL2NXSNZRMZQ.jpg 992w,https:\/\/www.infobae.com\/new-resizer\/hrfLMp99gkEeOhYCdG6FlFhrYpc=\/1200x675\/filters:format(jpg):quality(85)\/cloudfront-us-east-1.images.arcpublishing.com\/infobae\/KBRTNQPW3VDQPFFL2NXSNZRMZQ.jpg 1200w\" sizes=\"auto, (min-width: 800px) 50vw, 90vw\" loading=\"lazy\"\/><figcaption>04\/05\/2021 Esta mujer se reencuentra con su perro tras 18 meses separados.&#13;<br \/>\n&#13;<br \/>\nMADRID, 4 could. (EDIZIONES) Esta mujer comparti\u00f3 el momento en el que por fin pudo volver a ver a su perro despu\u00e9s de estar separados durante un a\u00f1o y medio debido al coronavirus.&#13;<br \/>\n&#13;<br \/>\nSOCIEDAD &#13;<br \/>\nYOUTUBE &#8211; CATERS &#8211; @MIKAYLAHAU&#13;<br \/>\n<\/figcaption><\/div>\n<p class=\"paragraph\">MADRID, 4 could. (EDIZIONES)<\/p>\n<p>Esta mujer comparti\u00f3 el momento en el que por fin pudo volver a ver a su perro despu\u00e9s de estar separados durante un a\u00f1o y medio debido al coronavirus.<\/p>\n<p>Mikayla Neil, creadora de contenidos de 22 a\u00f1os, de Melbourne (Australia), grab\u00f3 el momento en que su perro fue corriendo hacia ella despu\u00e9s de dieciocho meses separados.<\/p>\n<div class=\"jeg_video_container jeg_video_content\"><iframe loading=\"lazy\" title=\"Woman Reunited With Her Dog After 18 Months Apart\" width=\"500\" height=\"281\" src=\"https:\/\/www.youtube.com\/embed\/UTifR7v5OAI?feature=oembed\" frameborder=\"0\" allow=\"accelerometer; autoplay; clipboard-write; encrypted-media; gyroscope; picture-in-picture; web-share\" referrerpolicy=\"strict-origin-when-cross-origin\" allowfullscreen><\/iframe><\/div>\n<p>Las restricciones de viaje por el coronavirus impidieron a Mikayla viajar desde Nueva Zelanda a Australia hasta hace poco.<\/p>\n<p>El 25 de abril, Mikayla pudo ver por fin a su fox terrier, Tess.<\/p>\n<\/div>\n<p><script defer=\"\">!function(f,b,e,v,n,t,s) {if(f.fbq)return;n=f.fbq=function(){n.callMethod? n.callMethod.apply(n,arguments):n.queue.push(arguments)}; if(!f._fbq)f._fbq=n;n.push=n;n.loaded=!0;n.version='2.0'; n.queue=[];t=b.createElement(e);t.async=!0; t.src=v;s=b.getElementsByTagName(e)[0]; s.parentNode.insertBefore(t,s)}(window, document,'script', 'https:\/\/connect.facebook.net\/en_US\/fbevents.js'); fbq('init', '336383993555320'); fbq('track', 'PageView'); fbq('track', 'ViewContent');<\/script><br \/>\n<br \/><\/p>\n<p><em> &#8221; Fuentes www.infobae.com &#8221; <\/em><\/p>\n","protected":false},"excerpt":{"rendered":"<p>04\/05\/2021 Esta mujer se reencuentra con su perro tras 18 meses separados.&#13; &#13; MADRID, 4 could. (EDIZIONES) Esta mujer comparti\u00f3 el momento en el que por fin pudo volver a ver a su perro despu\u00e9s de estar separados durante un a\u00f1o y medio debido al coronavirus.&#13; &#13; SOCIEDAD &#13; YOUTUBE &#8211; CATERS &#8211; @MIKAYLAHAU&#13; MADRID, [&hellip;]<\/p>\n","protected":false},"author":4,"featured_media":121306,"comment_status":"open","ping_status":"closed","sticky":false,"template":"","format":"standard","meta":{"om_disable_all_campaigns":false,"jnews-multi-image_gallery":[],"jnews_single_post":[],"jnews_primary_category":[],"jnews_social_meta":[],"footnotes":""},"categories":[40],"tags":[],"class_list":["post-121305","post","type-post","status-publish","format-standard","has-post-thumbnail","hentry","category-industria"],"_links":{"self":[{"href":"https:\/\/dimensionturistica.com\/es\/wp-json\/wp\/v2\/posts\/121305","targetHints":{"allow":["GET"]}}],"collection":[{"href":"https:\/\/dimensionturistica.com\/es\/wp-json\/wp\/v2\/posts"}],"about":[{"href":"https:\/\/dimensionturistica.com\/es\/wp-json\/wp\/v2\/types\/post"}],"author":[{"embeddable":true,"href":"https:\/\/dimensionturistica.com\/es\/wp-json\/wp\/v2\/users\/4"}],"replies":[{"embeddable":true,"href":"https:\/\/dimensionturistica.com\/es\/wp-json\/wp\/v2\/comments?post=121305"}],"version-history":[{"count":0,"href":"https:\/\/dimensionturistica.com\/es\/wp-json\/wp\/v2\/posts\/121305\/revisions"}],"wp:featuredmedia":[{"embeddable":true,"href":"https:\/\/dimensionturistica.com\/es\/wp-json\/wp\/v2\/media\/121306"}],"wp:attachment":[{"href":"https:\/\/dimensionturistica.com\/es\/wp-json\/wp\/v2\/media?parent=121305"}],"wp:term":[{"taxonomy":"category","embeddable":true,"href":"https:\/\/dimensionturistica.com\/es\/wp-json\/wp\/v2\/categories?post=121305"},{"taxonomy":"post_tag","embeddable":true,"href":"https:\/\/dimensionturistica.com\/es\/wp-json\/wp\/v2\/tags?post=121305"}],"curies":[{"name":"wp","href":"https:\/\/api.w.org\/{rel}","templated":true}]}}