{"id":121297,"date":"2021-05-04T17:25:09","date_gmt":"2021-05-04T17:25:09","guid":{"rendered":"https:\/\/dimensionturistica.com\/es\/?p=121297"},"modified":"2021-05-04T17:25:09","modified_gmt":"2021-05-04T17:25:09","slug":"incremento-de-conectividad-aerea-mejorara-afluencia-turistica-en-mzllo-empresarios-del-ramo-afmedios","status":"publish","type":"post","link":"https:\/\/dimensionturistica.com\/es\/incremento-de-conectividad-aerea-mejorara-afluencia-turistica-en-mzllo-empresarios-del-ramo-afmedios\/","title":{"rendered":"Incremento de conectividad a\u00e9rea mejorar\u00e1 afluencia tur\u00edstica en Mzllo: empresarios del ramo | AFmedios ."},"content":{"rendered":"<p> <br \/>\n<\/p>\n<div>\n<p>\n<iframe loading=\"lazy\" src=\"https:\/\/www.afmedios.com\/incremento-de-conectividad-aerea-mejorara-afluencia-turistica-en-mzllo-empresarios\/about:blank\" width=\"340\" height=\"130\" style=\"border:none;overflow:hidden\" scrolling=\"no\" frameborder=\"0\" allowfullscreen=\"true\" allow=\"autoplay; clipboard-write; encrypted-media; picture-in-picture; web-share\" data-rocket-lazyload=\"fitvidscompatible\" data-lazy-src=\"https:\/\/www.facebook.com\/plugins\/page.php?href=https%3A%2F%2Fwww.facebook.com%2Fafmedios%2F&amp;tabs&amp;width=340&amp;height=130&amp;small_header=false&amp;adapt_container_width=true&amp;hide_cover=false&amp;show_facepile=true&amp;appId=316945572097121\"><\/iframe><noscript><iframe loading=\"lazy\" src=\"https:\/\/www.facebook.com\/plugins\/page.php?href=https%3A%2F%2Fwww.facebook.com%2Fafmedios%2F&amp;tabs&amp;width=340&amp;height=130&amp;small_header=false&amp;adapt_container_width=true&amp;hide_cover=false&amp;show_facepile=true&amp;appId=316945572097121\" width=\"340\" height=\"130\" style=\"border:none;overflow:hidden\" scrolling=\"no\" frameborder=\"0\" allowfullscreen=\"true\" allow=\"autoplay; clipboard-write; encrypted-media; picture-in-picture; web-share\"><\/iframe><\/noscript><\/p>\n<p>Manzanillo.- Mejorar la conectividad a\u00e9rea, especialmente de vuelos internacionales, dar\u00e1 un nuevo impulso a la actividad tur\u00edstica, coincidieron en se\u00f1alar empresarios del ramo tras el anuncio de una nueva conexi\u00f3n Manzanillo-Los \u00c1ngeles que entrar\u00e1 en funcionamiento este pr\u00f3ximo fin de semana.<span id=\"more-339680\"\/><\/p>\n<p>Consultado al respecto por AFmedios Arturo S\u00e1nchez Gordillo, presidente del Consejo Nacional Empresarial Tur\u00edstico (CNET) Colima, consider\u00f3 lo anterior como una noticia importante y alentadora para el ramo tur\u00edstico, lo que adem\u00e1s pudiera atraer un mayor n\u00famero de visitantes a la regi\u00f3n.<\/p>\n<p>\u201cEs una muy buena noticia, reactivar vuelos internacionales es una buena se\u00f1al, pero adem\u00e1s es doblemente buena noticia porque es otra aerol\u00ednea que abre frecuencia con vuelo directo internacional y m\u00e1s a\u00fan porque nos enlaza con una regi\u00f3n tan importante de la uni\u00f3n americana\u201d.<\/p>\n<p>S\u00e1nchez Gordillo indic\u00f3 que ello tambi\u00e9n implica la confianza de una empresa en la ciudad y el estado.<\/p>\n<p>\u201cSeguramente ellos (United) est\u00e1n analizando que Manzanillo es rentable, que volar a este municipio es atractivo y eso tambi\u00e9n habr\u00eda que subrayarlo\u201d.<\/p>\n<p>El representante de la CNET expuso que tal situaci\u00f3n tambi\u00e9n es resultado del trabajo que est\u00e1n haciendo tanto autoridades como sector tur\u00edstico para atraer m\u00e1s visitantes del extranjero.<\/p>\n<p>\u201cHemos cumplidos con lo que hoy por hoy es muy importante tambi\u00e9n para la industria tur\u00edstica que es la salud, porque toda la cadena tur\u00edstica est\u00e1 capacitada cumpliendo a cabalidad con todo lo que marcan los protocolos ante esta pandemia de COVID-19\u201d.<\/p>\n<p>De paso Arturo S\u00e1nchez tambi\u00e9n destac\u00f3 el trabajo que ha hecho el Aeropuerto Internacional Manzanillo-Costalegre (AIMC).<\/p>\n<p>\u201cDel trabajo y la buena administraci\u00f3n con que el inmueble cuenta a trav\u00e9s de su titular Sarah\u00ed Castro\u2026 habr\u00e1 que aprovechar la oportunidad y trabajar para que el vuelo se consolide\u201d<\/p>\n<p>Por separado Alberto Mac\u00edas Alfaro, empresario restaurantero en el puerto, record\u00f3 que la conectividad a\u00e9rea es una constante demanda del sector por lo que celebr\u00f3 que a pesar de las dificultades a nivel mundial en temas econ\u00f3micos y de salud se haya conseguido un nuevo vuelo.<\/p>\n<p>\u201cPorque no es un vuelo adicional, es un vuelo nuevo, United ya facilitaba vuelos a trav\u00e9s de otros destinos desde Estados Unidos pero ahora lo har\u00e1 estableciendo esta frecuencia desde California\u201d.<\/p>\n<p><picture loading=\"lazy\" class=\"alignnone size-full wp-image-339703\"><source type=\"image\/webp\" srcset=\"https:\/\/afmedios-afmedios.netdna-ssl.com\/inc\/uploads\/2021\/05\/llegada_aeropuerto.jpg.webp 1200w, https:\/\/afmedios-afmedios.netdna-ssl.com\/inc\/uploads\/2021\/05\/llegada_aeropuerto-300x200.jpg.webp 300w, https:\/\/afmedios-afmedios.netdna-ssl.com\/inc\/uploads\/2021\/05\/llegada_aeropuerto-1024x683.jpg.webp 1024w, https:\/\/afmedios-afmedios.netdna-ssl.com\/inc\/uploads\/2021\/05\/llegada_aeropuerto-768x512.jpg.webp 768w, https:\/\/afmedios-afmedios.netdna-ssl.com\/inc\/uploads\/2021\/05\/llegada_aeropuerto-696x464.jpg.webp 696w, https:\/\/afmedios-afmedios.netdna-ssl.com\/inc\/uploads\/2021\/05\/llegada_aeropuerto-1068x712.jpg.webp 1068w, https:\/\/afmedios-afmedios.netdna-ssl.com\/inc\/uploads\/2021\/05\/llegada_aeropuerto-630x420.jpg.webp 630w\" sizes=\"(max-width: 1200px) 100vw, 1200px\"\/><img decoding=\"async\" loading=\"lazy\" src=\"https:\/\/afmedios-afmedios.netdna-ssl.com\/inc\/uploads\/2021\/05\/llegada_aeropuerto.jpg\" alt=\"\" width=\"1200\" height=\"800\" srcset=\"https:\/\/afmedios-afmedios.netdna-ssl.com\/inc\/uploads\/2021\/05\/llegada_aeropuerto.jpg 1200w, https:\/\/afmedios-afmedios.netdna-ssl.com\/inc\/uploads\/2021\/05\/llegada_aeropuerto-300x200.jpg 300w, https:\/\/afmedios-afmedios.netdna-ssl.com\/inc\/uploads\/2021\/05\/llegada_aeropuerto-1024x683.jpg 1024w, https:\/\/afmedios-afmedios.netdna-ssl.com\/inc\/uploads\/2021\/05\/llegada_aeropuerto-768x512.jpg 768w, https:\/\/afmedios-afmedios.netdna-ssl.com\/inc\/uploads\/2021\/05\/llegada_aeropuerto-696x464.jpg 696w, https:\/\/afmedios-afmedios.netdna-ssl.com\/inc\/uploads\/2021\/05\/llegada_aeropuerto-1068x712.jpg 1068w, https:\/\/afmedios-afmedios.netdna-ssl.com\/inc\/uploads\/2021\/05\/llegada_aeropuerto-630x420.jpg 630w\" sizes=\"auto, (max-width: 1200px) 100vw, 1200px\"\/>\n<\/picture><\/p>\n<p>Asimismo enfatiz\u00f3 que esta operaci\u00f3n facilitar\u00e1 la llegada de turismo internacional.<\/p>\n<p>\u201cTodos los segmentos son importantes para el sector pero habr\u00e1 que mencionar que el turismo internacional suele tener una mayor capacidad de derrama econ\u00f3mica, de ah\u00ed la trascendencia de este vuelo\u201d.<\/p>\n<p>Cabe recordar que recientemente el AIMC anunci\u00f3 el arribo a partir del s\u00e1bado 8 de mayo, de un vuelo nuevo procedente desde la urbe californiana.<\/p>\n<p>As\u00ed pues ser\u00e1n 3 las frecuencias desde esa localidad, 2 ya previamente ofertadas por el consorcio Alaska Airways.<\/p>\n<p>Adem\u00e1s actualmente contin\u00faa en funcionamiento, una vez por semana, del vuelo Manzanillo-Houston (Texas), a trav\u00e9s de la compa\u00f1\u00eda United.<\/p>\n<p><picture loading=\"lazy\" class=\"alignnone size-full wp-image-339701\"><source type=\"image\/webp\" srcset=\"https:\/\/afmedios-afmedios.netdna-ssl.com\/inc\/uploads\/2021\/05\/avion_llegada_aeropuerto_manzanillo.jpg.webp 1200w, https:\/\/afmedios-afmedios.netdna-ssl.com\/inc\/uploads\/2021\/05\/avion_llegada_aeropuerto_manzanillo-300x200.jpg.webp 300w, https:\/\/afmedios-afmedios.netdna-ssl.com\/inc\/uploads\/2021\/05\/avion_llegada_aeropuerto_manzanillo-1024x683.jpg.webp 1024w, https:\/\/afmedios-afmedios.netdna-ssl.com\/inc\/uploads\/2021\/05\/avion_llegada_aeropuerto_manzanillo-768x512.jpg.webp 768w, https:\/\/afmedios-afmedios.netdna-ssl.com\/inc\/uploads\/2021\/05\/avion_llegada_aeropuerto_manzanillo-696x464.jpg.webp 696w, https:\/\/afmedios-afmedios.netdna-ssl.com\/inc\/uploads\/2021\/05\/avion_llegada_aeropuerto_manzanillo-1068x712.jpg.webp 1068w, https:\/\/afmedios-afmedios.netdna-ssl.com\/inc\/uploads\/2021\/05\/avion_llegada_aeropuerto_manzanillo-630x420.jpg.webp 630w\" sizes=\"(max-width: 1200px) 100vw, 1200px\"\/><img decoding=\"async\" loading=\"lazy\" src=\"https:\/\/afmedios-afmedios.netdna-ssl.com\/inc\/uploads\/2021\/05\/avion_llegada_aeropuerto_manzanillo.jpg\" alt=\"\" width=\"1200\" height=\"800\" srcset=\"https:\/\/afmedios-afmedios.netdna-ssl.com\/inc\/uploads\/2021\/05\/avion_llegada_aeropuerto_manzanillo.jpg 1200w, https:\/\/afmedios-afmedios.netdna-ssl.com\/inc\/uploads\/2021\/05\/avion_llegada_aeropuerto_manzanillo-300x200.jpg 300w, https:\/\/afmedios-afmedios.netdna-ssl.com\/inc\/uploads\/2021\/05\/avion_llegada_aeropuerto_manzanillo-1024x683.jpg 1024w, https:\/\/afmedios-afmedios.netdna-ssl.com\/inc\/uploads\/2021\/05\/avion_llegada_aeropuerto_manzanillo-768x512.jpg 768w, https:\/\/afmedios-afmedios.netdna-ssl.com\/inc\/uploads\/2021\/05\/avion_llegada_aeropuerto_manzanillo-696x464.jpg 696w, https:\/\/afmedios-afmedios.netdna-ssl.com\/inc\/uploads\/2021\/05\/avion_llegada_aeropuerto_manzanillo-1068x712.jpg 1068w, https:\/\/afmedios-afmedios.netdna-ssl.com\/inc\/uploads\/2021\/05\/avion_llegada_aeropuerto_manzanillo-630x420.jpg 630w\" sizes=\"auto, (max-width: 1200px) 100vw, 1200px\"\/>\n<\/picture><\/p>\n<p>Derechos Reservados AF<\/p>\n<\/p><\/div>\n\n<p><em> &#8221; Fuentes www.afmedios.com &#8221; <\/em><\/p>\n","protected":false},"excerpt":{"rendered":"<p>Manzanillo.- Mejorar la conectividad a\u00e9rea, especialmente de vuelos internacionales, dar\u00e1 un nuevo impulso a la actividad tur\u00edstica, coincidieron en se\u00f1alar empresarios del ramo tras el anuncio de una nueva conexi\u00f3n Manzanillo-Los \u00c1ngeles que entrar\u00e1 en funcionamiento este pr\u00f3ximo fin de semana. Consultado al respecto por AFmedios Arturo S\u00e1nchez Gordillo, presidente del Consejo Nacional Empresarial Tur\u00edstico [&hellip;]<\/p>\n","protected":false},"author":4,"featured_media":121298,"comment_status":"open","ping_status":"closed","sticky":false,"template":"","format":"standard","meta":{"om_disable_all_campaigns":false,"jnews-multi-image_gallery":[],"jnews_single_post":[],"jnews_primary_category":[],"jnews_social_meta":[],"footnotes":""},"categories":[40],"tags":[],"class_list":["post-121297","post","type-post","status-publish","format-standard","has-post-thumbnail","hentry","category-industria"],"_links":{"self":[{"href":"https:\/\/dimensionturistica.com\/es\/wp-json\/wp\/v2\/posts\/121297","targetHints":{"allow":["GET"]}}],"collection":[{"href":"https:\/\/dimensionturistica.com\/es\/wp-json\/wp\/v2\/posts"}],"about":[{"href":"https:\/\/dimensionturistica.com\/es\/wp-json\/wp\/v2\/types\/post"}],"author":[{"embeddable":true,"href":"https:\/\/dimensionturistica.com\/es\/wp-json\/wp\/v2\/users\/4"}],"replies":[{"embeddable":true,"href":"https:\/\/dimensionturistica.com\/es\/wp-json\/wp\/v2\/comments?post=121297"}],"version-history":[{"count":0,"href":"https:\/\/dimensionturistica.com\/es\/wp-json\/wp\/v2\/posts\/121297\/revisions"}],"wp:featuredmedia":[{"embeddable":true,"href":"https:\/\/dimensionturistica.com\/es\/wp-json\/wp\/v2\/media\/121298"}],"wp:attachment":[{"href":"https:\/\/dimensionturistica.com\/es\/wp-json\/wp\/v2\/media?parent=121297"}],"wp:term":[{"taxonomy":"category","embeddable":true,"href":"https:\/\/dimensionturistica.com\/es\/wp-json\/wp\/v2\/categories?post=121297"},{"taxonomy":"post_tag","embeddable":true,"href":"https:\/\/dimensionturistica.com\/es\/wp-json\/wp\/v2\/tags?post=121297"}],"curies":[{"name":"wp","href":"https:\/\/api.w.org\/{rel}","templated":true}]}}