{"id":121286,"date":"2021-05-04T16:36:21","date_gmt":"2021-05-04T16:36:21","guid":{"rendered":"https:\/\/dimensionturistica.com\/es\/?p=121286"},"modified":"2021-05-04T16:36:21","modified_gmt":"2021-05-04T16:36:21","slug":"reino-unido-canarias-apunta-a-la-lista-verde-y-baleares-seguiria-en-la-ambar-noticias-de-agencias-de-viajes","status":"publish","type":"post","link":"https:\/\/dimensionturistica.com\/es\/reino-unido-canarias-apunta-a-la-lista-verde-y-baleares-seguiria-en-la-ambar-noticias-de-agencias-de-viajes\/","title":{"rendered":"Reino Unido: Canarias apunta a la &#8220;lista verde&#8221; y Baleares seguir\u00eda en la \u00e1mbar | Noticias de Agencias de viajes"},"content":{"rendered":"<p> <br \/>\n<\/p>\n<div>\n<p><a rel=\"nofollow noopener\" target=\"_blank\" href=\"https:\/\/www.preferente.com\/wp-content\/uploads\/2020\/10\/TUI-Canarias.jpg\"><img decoding=\"async\" class=\"aligncenter wp-image-303921 size-full\" src=\"https:\/\/www.preferente.com\/wp-content\/uploads\/2020\/10\/TUI-Canarias.jpg\" alt=\"\" width=\"640\" height=\"477\" srcset=\"https:\/\/www.preferente.com\/wp-content\/uploads\/2020\/10\/TUI-Canarias.jpg 640w, https:\/\/www.preferente.com\/wp-content\/uploads\/2020\/10\/TUI-Canarias-300x224.jpg 300w, https:\/\/www.preferente.com\/wp-content\/uploads\/2020\/10\/TUI-Canarias-268x200.jpg 268w, https:\/\/www.preferente.com\/wp-content\/uploads\/2020\/10\/TUI-Canarias-201x150.jpg 201w, https:\/\/www.preferente.com\/wp-content\/uploads\/2020\/10\/TUI-Canarias-101x75.jpg 101w, https:\/\/www.preferente.com\/wp-content\/uploads\/2020\/10\/TUI-Canarias-81x60.jpg 81w, https:\/\/www.preferente.com\/wp-content\/uploads\/2020\/10\/TUI-Canarias-188x140.jpg 188w, https:\/\/www.preferente.com\/wp-content\/uploads\/2020\/10\/TUI-Canarias-43x32.jpg 43w, https:\/\/www.preferente.com\/wp-content\/uploads\/2020\/10\/TUI-Canarias-436x325.jpg 436w, https:\/\/www.preferente.com\/wp-content\/uploads\/2020\/10\/TUI-Canarias-174x130.jpg 174w\" sizes=\"(max-width: 640px) 100vw, 640px\"\/><\/a><\/p>\n<p>El Gobierno brit\u00e1nico se plantea incluir a Canarias en la \u201clista verde\u201d de destinos seguros pero, en cambio, mantendr\u00eda a Baleares en la \u201clista \u00e1mbar\u201d. La comunidad balear lleva semanas presionando a las autoridades brit\u00e1nicas para dejar de estar en la lista \u00e1mbar y entrar en la verde, pero deber\u00e1 esperar. La lista de destinos seguros a\u00fan no es oficial.<\/p>\n<p>Seg\u00fan ha trascendido este martes en una actualizaci\u00f3n de las restricciones de viaje que figuran en la internet del Ejecutivo brit\u00e1nico, el Ministerio de Exteriores se\u00f1ala que \u00abdesaconseja cualquier viaje no esencial a Espa\u00f1a, incluidas las islas Baleares pero excluidas las islas Canarias, en base a la precise evaluaci\u00f3n de los riesgos de la COVID-19\u00bb, si bien se est\u00e1 a la espera de un pronunciamiento oficial.<\/p>\n<p>Asimismo, el Gobierno brit\u00e1nico tambi\u00e9n se plantea incluir en la lista de pa\u00edses seguros a Portugal, excepto las Azores, y a varias islas griegas.<\/p>\n<p>El gabinete de Johnson ha se\u00f1alado que antes \u00a0del 17 de mayo se permitar\u00e1 de nuevo los viajes al extranjero y se difundir\u00e1, adem\u00e1s, su nuevo sistema de \u00absem\u00e1foro\u00bb por el que clasificar\u00e1 en rojo, \u00e1mbar y verde a los pa\u00edses en funci\u00f3n de la situaci\u00f3n epidemiol\u00f3gica.<\/p>\n<p><!-- AddThis Advanced Settings above via filter on the_content --><!-- AddThis Advanced Settings below via filter on the_content --><!-- AddThis Advanced Settings generic via filter on the_content --><!-- AddThis Share Buttons above via filter on the_content --><!-- AddThis Share Buttons below via filter on the_content --><!-- AddThis Share Buttons generic via filter on the_content -->\t\t\t<\/div>\n\n<p><em> &#8221; Fuentes www.preferente.com &#8221; <\/em><\/p>\n","protected":false},"excerpt":{"rendered":"<p>El Gobierno brit\u00e1nico se plantea incluir a Canarias en la \u201clista verde\u201d de destinos seguros pero, en cambio, mantendr\u00eda a Baleares en la \u201clista \u00e1mbar\u201d. La comunidad balear lleva semanas presionando a las autoridades brit\u00e1nicas para dejar de estar en la lista \u00e1mbar y entrar en la verde, pero deber\u00e1 esperar. La lista de destinos [&hellip;]<\/p>\n","protected":false},"author":4,"featured_media":85487,"comment_status":"open","ping_status":"closed","sticky":false,"template":"","format":"standard","meta":{"om_disable_all_campaigns":false,"jnews-multi-image_gallery":[],"jnews_single_post":[],"jnews_primary_category":[],"jnews_social_meta":[],"footnotes":""},"categories":[40],"tags":[],"class_list":["post-121286","post","type-post","status-publish","format-standard","has-post-thumbnail","hentry","category-industria"],"_links":{"self":[{"href":"https:\/\/dimensionturistica.com\/es\/wp-json\/wp\/v2\/posts\/121286","targetHints":{"allow":["GET"]}}],"collection":[{"href":"https:\/\/dimensionturistica.com\/es\/wp-json\/wp\/v2\/posts"}],"about":[{"href":"https:\/\/dimensionturistica.com\/es\/wp-json\/wp\/v2\/types\/post"}],"author":[{"embeddable":true,"href":"https:\/\/dimensionturistica.com\/es\/wp-json\/wp\/v2\/users\/4"}],"replies":[{"embeddable":true,"href":"https:\/\/dimensionturistica.com\/es\/wp-json\/wp\/v2\/comments?post=121286"}],"version-history":[{"count":0,"href":"https:\/\/dimensionturistica.com\/es\/wp-json\/wp\/v2\/posts\/121286\/revisions"}],"wp:featuredmedia":[{"embeddable":true,"href":"https:\/\/dimensionturistica.com\/es\/wp-json\/wp\/v2\/media\/85487"}],"wp:attachment":[{"href":"https:\/\/dimensionturistica.com\/es\/wp-json\/wp\/v2\/media?parent=121286"}],"wp:term":[{"taxonomy":"category","embeddable":true,"href":"https:\/\/dimensionturistica.com\/es\/wp-json\/wp\/v2\/categories?post=121286"},{"taxonomy":"post_tag","embeddable":true,"href":"https:\/\/dimensionturistica.com\/es\/wp-json\/wp\/v2\/tags?post=121286"}],"curies":[{"name":"wp","href":"https:\/\/api.w.org\/{rel}","templated":true}]}}