{"id":121274,"date":"2021-05-04T16:11:55","date_gmt":"2021-05-04T16:11:55","guid":{"rendered":"https:\/\/dimensionturistica.com\/es\/?p=121274"},"modified":"2021-05-04T16:11:55","modified_gmt":"2021-05-04T16:11:55","slug":"las-agencias-de-viaje-de-jaen-comercializan-las-actividades-de-la-campana-a-jaen-a-tu-paraiso","status":"publish","type":"post","link":"https:\/\/dimensionturistica.com\/es\/las-agencias-de-viaje-de-jaen-comercializan-las-actividades-de-la-campana-a-jaen-a-tu-paraiso\/","title":{"rendered":"Las agencias de viaje de Ja\u00e9n comercializan las actividades de la campa\u00f1a &#8216;A Ja\u00e9n. A tu para\u00edso&#8217;"},"content":{"rendered":"<p> <br \/>\n<\/p>\n<div>\n<p>JA\u00c9N, 4 (EUROPA PRESS)<\/p>\n<p>La Diputaci\u00f3n de Ja\u00e9n y las agencias de viaje jiennenses van a colaborar &#8220;para promocionar y comercializar la provincia como destino tur\u00edstico dentro de la campa\u00f1a de proximidad &#8216;A Ja\u00e9n. A tu para\u00edso&#8217;.<\/p>\n<p>As\u00ed lo ha se\u00f1alado el diputado de Promoci\u00f3n y Turismo, Francisco Javier Lozano, tras la reuni\u00f3n que mantenido este martes con el presidente de las agencias de viaje de la provincia, Francisco Fern\u00e1ndez, y otros representantes de este colectivo para abordar las distintas acciones que se est\u00e1n llevando a cabo dentro de la citada campa\u00f1a impulsad por la Administraci\u00f3n provincial en el marco de su estrategia de reactivaci\u00f3n tur\u00edstica.<\/p>\n<p>Lozano ha explicado que la cooperaci\u00f3n entre ambas entidades viene dada por &#8220;los cambios provocados por la pandemia, que han mermado de forma considerable el negocio de las agencias de viaje de la provincia, que ahora m\u00e1s que nunca necesitan del apoyo de las administraciones p\u00fablicas&#8221;.<\/p>\n<p>En este contexto, ha subrayado que la Diputaci\u00f3n, &#8220;a pesar de no tener las competencias directas en materia de turismo y empleo, ha puesto en marcha una estrategia para reactivar el turismo provincial con un presupuesto de 1.131.000 euros&#8221;.<\/p>\n<p>&#8220;Entre otras iniciativas, incluye trabajar con m\u00e1s de 60 agencias de viaje y una inversi\u00f3n superior a los 60.000 euros, que se traducir\u00e1n en ayuda y colaboraci\u00f3n con contratos de servicios por valor de casi mil euros para cada una de estas agencias de viaje&#8221;, ha afirmado.<\/p>\n<p>Al respecto, el diputado de Promoci\u00f3n y Turismo ha concretado que las oficinas de las agencias de viaje de la provincia &#8220;ser\u00e1n puntos de promoci\u00f3n de los atractivos y actividades de los programas de dinamizaci\u00f3n tur\u00edstica de la estrategia de la Diputaci\u00f3n, aunque tambi\u00e9n pondr\u00e1n en valor los distintos productos y recursos tur\u00edsticos jiennenses ya consolidados&#8221;.<\/p>\n<p>Propuestas, entre otras muchas, como Ja\u00e9n, destino aventura; Noches de Palacio; A Ja\u00e9n, a vivir experiencias; la Ruta de los Castillos y las Batallas, el Viaje al Tiempo de los \u00cdberos o las dos ciudades Patrimonio de la Humanidad de \u00dabeda y Baeza.<\/p>\n<p>&#8220;Un sinf\u00edn de actividades organizadas por la Diputaci\u00f3n con las que pretendemos aumentar la movilidad de los jiennenses y el consumo de los servicios tur\u00edsticos y de las 650 actividades gratuitas incluidas en &#8216;A Ja\u00e9n. A tu para\u00edso&#8217;, de las que van a poder encontrar informaci\u00f3n detallada a trav\u00e9s de las diferentes agencias de viaje de la provincia&#8221;, ha dicho.<\/p>\n<p>Adem\u00e1s de esta labor de promoci\u00f3n y comercializaci\u00f3n, las agencias de viaje jiennenses trabajar\u00e1n, en colaboraci\u00f3n con la Diputaci\u00f3n, &#8220;en un &#8216;workshop&#8217; junto a las empresas de servicios tur\u00edsticos provinciales, en una &#8216;webinar&#8217; y en una propuesta de plataforma en la que se habilitar\u00e1 tambi\u00e9n un espacio para el encuentro, el di\u00e1logo empresarial y la posible elaboraci\u00f3n de paquetes tur\u00edsticos entre esas empresas y las agencias con la posibilidad de que se publiquen en la plataforma de Ja\u00e9n, para\u00edso interior&#8221;.<\/p>\n<p>Tras este encuentro, Lozano ha invitado a los ciudadan\u00eda jiennense a que, &#8220;a trav\u00e9s de esta campa\u00f1a, se acerquen a las agencias de viaje&#8221;: &#8220;Y conozcan de una manera cercana la profesionalidad con la que los empleados del sector brindan sus servicios para que los jiennenses viajen con las mayores garant\u00edas y puedan organizar sus viajes redescubriendo el para\u00edso interior jiennense de una forma segura, con tranquilidad y plena capacidad de cumplir sus objetivos en sus viajes&#8221;, ha concluido.<\/p>\n<\/p><\/div>\n<p><script async defer crossorigin=\"anonymous\" src=\"https:\/\/connect.facebook.net\/es_ES\/sdk.js#xfbml=1&#038;version=v9.0&#038;appId=638312966378642&#038;autoLogAppEvents=1\" nonce=\"O5I0PNym\"><\/script><script async defer crossorigin=\"anonymous\" src=\"https:\/\/connect.facebook.net\/es_ES\/sdk.js#xfbml=1&#038;version=v8.0&#038;appId=638312966378642&#038;autoLogAppEvents=1\" nonce=\"0b73ePDH\"><\/script><script async defer crossorigin=\"anonymous\" src=\"https:\/\/connect.facebook.net\/es_ES\/sdk.js#xfbml=1&#038;version=v8.0&#038;appId=638312966378642&#038;autoLogAppEvents=1\" nonce=\"FFEYVe2C\"><\/script><script async defer crossorigin=\"anonymous\" src=\"https:\/\/connect.facebook.net\/es_ES\/sdk.js#xfbml=1&#038;version=v10.0&#038;appId=638312966378642&#038;autoLogAppEvents=1\" nonce=\"s441p1nY\"><\/script><script async defer crossorigin=\"anonymous\" src=\"https:\/\/connect.facebook.net\/es_ES\/sdk.js#xfbml=1&#038;version=v10.0&#038;appId=638312966378642&#038;autoLogAppEvents=1\" nonce=\"1yFcUrVG\"><\/script><script async defer crossorigin=\"anonymous\" src=\"https:\/\/connect.facebook.net\/es_ES\/sdk.js#xfbml=1&#038;version=v10.0&#038;appId=638312966378642&#038;autoLogAppEvents=1\" nonce=\"LsRqqzO4\"><\/script><br \/>\n<br \/><\/p>\n<p><em> &#8221; Fuentes www.teleprensa.com &#8221; <\/em><\/p>\n","protected":false},"excerpt":{"rendered":"<p>JA\u00c9N, 4 (EUROPA PRESS) La Diputaci\u00f3n de Ja\u00e9n y las agencias de viaje jiennenses van a colaborar &#8220;para promocionar y comercializar la provincia como destino tur\u00edstico dentro de la campa\u00f1a de proximidad &#8216;A Ja\u00e9n. A tu para\u00edso&#8217;. As\u00ed lo ha se\u00f1alado el diputado de Promoci\u00f3n y Turismo, Francisco Javier Lozano, tras la reuni\u00f3n que mantenido [&hellip;]<\/p>\n","protected":false},"author":4,"featured_media":121275,"comment_status":"open","ping_status":"closed","sticky":false,"template":"","format":"standard","meta":{"om_disable_all_campaigns":false,"jnews-multi-image_gallery":[],"jnews_single_post":[],"jnews_primary_category":[],"jnews_social_meta":[],"footnotes":""},"categories":[40],"tags":[569,19889],"class_list":["post-121274","post","type-post","status-publish","format-standard","has-post-thumbnail","hentry","category-industria","tag-agencias-de-viajes","tag-jaen"],"_links":{"self":[{"href":"https:\/\/dimensionturistica.com\/es\/wp-json\/wp\/v2\/posts\/121274","targetHints":{"allow":["GET"]}}],"collection":[{"href":"https:\/\/dimensionturistica.com\/es\/wp-json\/wp\/v2\/posts"}],"about":[{"href":"https:\/\/dimensionturistica.com\/es\/wp-json\/wp\/v2\/types\/post"}],"author":[{"embeddable":true,"href":"https:\/\/dimensionturistica.com\/es\/wp-json\/wp\/v2\/users\/4"}],"replies":[{"embeddable":true,"href":"https:\/\/dimensionturistica.com\/es\/wp-json\/wp\/v2\/comments?post=121274"}],"version-history":[{"count":0,"href":"https:\/\/dimensionturistica.com\/es\/wp-json\/wp\/v2\/posts\/121274\/revisions"}],"wp:featuredmedia":[{"embeddable":true,"href":"https:\/\/dimensionturistica.com\/es\/wp-json\/wp\/v2\/media\/121275"}],"wp:attachment":[{"href":"https:\/\/dimensionturistica.com\/es\/wp-json\/wp\/v2\/media?parent=121274"}],"wp:term":[{"taxonomy":"category","embeddable":true,"href":"https:\/\/dimensionturistica.com\/es\/wp-json\/wp\/v2\/categories?post=121274"},{"taxonomy":"post_tag","embeddable":true,"href":"https:\/\/dimensionturistica.com\/es\/wp-json\/wp\/v2\/tags?post=121274"}],"curies":[{"name":"wp","href":"https:\/\/api.w.org\/{rel}","templated":true}]}}