{"id":121249,"date":"2021-05-04T15:21:08","date_gmt":"2021-05-04T15:21:08","guid":{"rendered":"https:\/\/dimensionturistica.com\/es\/?p=121249"},"modified":"2021-05-04T15:21:08","modified_gmt":"2021-05-04T15:21:08","slug":"las-agencias-de-viaje-promocionan-la-marca-a-jaen-a-tu-paraiso","status":"publish","type":"post","link":"https:\/\/dimensionturistica.com\/es\/las-agencias-de-viaje-promocionan-la-marca-a-jaen-a-tu-paraiso\/","title":{"rendered":"Las agencias de viaje promocionan la marca &#8216;A Ja\u00e9n. A tu para\u00edso&#8217;"},"content":{"rendered":"<p> <br \/>\n<\/p>\n<div>\n<h4>La Administraci\u00f3n provincial destina 60.000 euros para que estas empresas promocionen las 650 propuestas incluidas en esta estrategia y los distintos destinos tur\u00edsticos de la provincia<\/h4>\n<p>El diputado de Promoci\u00f3n y Turismo, <strong>Francisco Javier Lozano<\/strong>, se ha reunido hoy con el presidente de las agencias de viaje de la provincia, Francisco Fern\u00e1ndez, y otros representantes de este colectivo para abordar las distintas acciones que se est\u00e1n llevando a cabo dentro de la campa\u00f1a &#8216;A Ja\u00e9n. A tu para\u00edso&#8217;, que ha impulsado la Administraci\u00f3n provincial en el marco de su estrategia de reactivaci\u00f3n tur\u00edstica. Sobre la cooperaci\u00f3n entre ambas entidades, Lozano ha precisado: \u201cVamos a colaborar con las agencias de viaje jiennenses para promocionar y comercializar la provincia de Ja\u00e9n como destino tur\u00edstico dentro de la campa\u00f1a de proximidad &#8216;A Ja\u00e9n. A tu para\u00edso&#8217;.<\/p>\n<p>Esta cooperaci\u00f3n viene dada, como ha explicado el diputado, por los cambios provocados por la pandemia, que han mermado de forma appreciable el negocio de las agencias de viaje de la provincia, que ahora m\u00e1s que nunca necesitan del apoyo de las administraciones p\u00fablicas. En este contexto, Francisco Javier Lozano ha subrayado que la Diputaci\u00f3n, a pesar de no tener las competencias directas en materia de turismo y empleo, ha puesto en marcha una estrategia para reactivar el turismo provincial con un presupuesto de 1.131.000 euros, que entre otras iniciativas incluye trabajar con m\u00e1s de 60 agencias de viaje y una inversi\u00f3n superior a los 60.000 euros, que se traducir\u00e1n en ayuda y colaboraci\u00f3n con contratos de servicios por valor de casi mil euros para cada una de estas agencias de viaje\u201d.<\/p>\n<p>En este sentido, el diputado de Promoci\u00f3n y Turismo ha concretado que las oficinas de las agencias de viaje de nuestra provincia ser\u00e1n puntos de promoci\u00f3n de los atractivos y actividades de los programas de dinamizaci\u00f3n tur\u00edstica de la estrategia de la Diputaci\u00f3n, aunque tambi\u00e9n pondr\u00e1n en valor los distintos productos y recursos tur\u00edsticos jiennenses ya consolidados\u201d. Entre otros, ha citado propuestas como Ja\u00e9n, destino aventura, Noches de Palacio, A Ja\u00e9n, a vivir experiencias, la Ruta de los Castillos y las Batallas, el Viaje al tiempo de los Iberos, las dos ciudades Patrimonio de la Humanidad: \u00dabeda y Baeza. \u201cUn sinf\u00edn de actividades organizadas por la Diputaci\u00f3n Provincial con las que pretendemos aumentar la movilidad de los jiennenses y el consumo de los servicios tur\u00edsticos y de las 650 actividades gratuitas incluidas en &#8216;A Ja\u00e9n. A tu para\u00edso&#8217;, de las que van a poder encontrar informaci\u00f3n detallada a trav\u00e9s de las diferentes agencias de viaje de la provincia\u201d.<\/p>\n<p>Adem\u00e1s de este trabajo de promoci\u00f3n y comercializaci\u00f3n, las agencias de viaje jiennenses tambi\u00e9n trabajar\u00e1n, en colaboraci\u00f3n con la Diputaci\u00f3n, \u201cen un workshop junto a las empresas de servicios tur\u00edsticos provinciales, en una webinar y en una propuesta de plataforma en la que se habilitar\u00e1 tambi\u00e9n un espacio para el encuentro, el di\u00e1logo empresarial y la posible elaboraci\u00f3n de paquetes tur\u00edsticos entre esas empresas y las agencias con la posibilidad de que se publiquen en la plataforma de Ja\u00e9n, para\u00edso interior\u201d, seg\u00fan ha expuesto Francisco Javier Lozano.<\/p>\n<p>Tras este encuentro, el diputado de Promoci\u00f3n y Turismo ha \u201cinvitado\u201d a los ciudadan\u00eda jiennense a que a trav\u00e9s de esta campa\u00f1a se acerquen a las agencias de viaje y conozcan de una manera cercana la profesionalidad con la que los empleados del sector brindan sus servicios para que los jiennenses viajen con las mayores garant\u00edas.<\/p>\n<p>\u00a0<\/p>\n<\/div>\n<p><script>(function(d, s, id) {\n          var js, fjs = d.getElementsByTagName(s)[0];\n          if (d.getElementById(id)) return;\n          js = d.createElement(s); js.id = id;\n          js.src = \"https:\/\/connect.facebook.net\/es_ES\/sdk.js#xfbml=1&appId=lacontracronica.es&version=v2.3\";\n          fjs.parentNode.insertBefore(js, fjs);\n        }(document, 'script', 'facebook-jssdk'));<\/script><br \/>\n<br \/><\/p>\n<p><em> &#8221; Fuentes lacontradejaen.com &#8221; <\/em><\/p>\n","protected":false},"excerpt":{"rendered":"<p>La Administraci\u00f3n provincial destina 60.000 euros para que estas empresas promocionen las 650 propuestas incluidas en esta estrategia y los distintos destinos tur\u00edsticos de la provincia El diputado de Promoci\u00f3n y Turismo, Francisco Javier Lozano, se ha reunido hoy con el presidente de las agencias de viaje de la provincia, Francisco Fern\u00e1ndez, y otros representantes [&hellip;]<\/p>\n","protected":false},"author":4,"featured_media":121250,"comment_status":"open","ping_status":"closed","sticky":false,"template":"","format":"standard","meta":{"om_disable_all_campaigns":false,"jnews-multi-image_gallery":[],"jnews_single_post":[],"jnews_primary_category":[],"jnews_social_meta":[],"footnotes":""},"categories":[40],"tags":[],"class_list":["post-121249","post","type-post","status-publish","format-standard","has-post-thumbnail","hentry","category-industria"],"_links":{"self":[{"href":"https:\/\/dimensionturistica.com\/es\/wp-json\/wp\/v2\/posts\/121249","targetHints":{"allow":["GET"]}}],"collection":[{"href":"https:\/\/dimensionturistica.com\/es\/wp-json\/wp\/v2\/posts"}],"about":[{"href":"https:\/\/dimensionturistica.com\/es\/wp-json\/wp\/v2\/types\/post"}],"author":[{"embeddable":true,"href":"https:\/\/dimensionturistica.com\/es\/wp-json\/wp\/v2\/users\/4"}],"replies":[{"embeddable":true,"href":"https:\/\/dimensionturistica.com\/es\/wp-json\/wp\/v2\/comments?post=121249"}],"version-history":[{"count":0,"href":"https:\/\/dimensionturistica.com\/es\/wp-json\/wp\/v2\/posts\/121249\/revisions"}],"wp:featuredmedia":[{"embeddable":true,"href":"https:\/\/dimensionturistica.com\/es\/wp-json\/wp\/v2\/media\/121250"}],"wp:attachment":[{"href":"https:\/\/dimensionturistica.com\/es\/wp-json\/wp\/v2\/media?parent=121249"}],"wp:term":[{"taxonomy":"category","embeddable":true,"href":"https:\/\/dimensionturistica.com\/es\/wp-json\/wp\/v2\/categories?post=121249"},{"taxonomy":"post_tag","embeddable":true,"href":"https:\/\/dimensionturistica.com\/es\/wp-json\/wp\/v2\/tags?post=121249"}],"curies":[{"name":"wp","href":"https:\/\/api.w.org\/{rel}","templated":true}]}}