{"id":121204,"date":"2021-05-04T14:16:10","date_gmt":"2021-05-04T14:16:10","guid":{"rendered":"https:\/\/dimensionturistica.com\/es\/?p=121204"},"modified":"2021-05-04T14:16:10","modified_gmt":"2021-05-04T14:16:10","slug":"peru-requiere-de-las-agencias-un-distintivo-identificativo","status":"publish","type":"post","link":"https:\/\/dimensionturistica.com\/es\/peru-requiere-de-las-agencias-un-distintivo-identificativo\/","title":{"rendered":"Per\u00fa requiere de las agencias un distintivo identificativo"},"content":{"rendered":"<p> <br \/>\n<\/p>\n<div>\n<p class=\"text-align-justify\"><span><span><span><span><span><span><img decoding=\"async\" alt=\"\" class=\"img-responsive\" height=\"639\" src=\"https:\/\/www.expreso.info\/files\/2021-05\/Peru_agencia_registrada.jpg\" width=\"1151\"\/>El Ministerio de Comercio Exterior y Turismo inform\u00f3 de que las agencias de viaje y turismo autorizadas a brindar servicios, deber\u00e1n presentar en sus establecimientos, net y redes sociales, el distintivo \u2018Agencia de Viajes y Turismo Registrada\u2019.<\/span><\/span><\/span><\/span><\/span><\/span><\/p>\n<p class=\"text-align-justify\"><span><span><span><span><span><span>Esta identificaci\u00f3n permitir\u00e1 facilitar su identificaci\u00f3n por parte de los usuarios.\u00a0\u00a0\u00a0 <\/span><\/span><\/span><\/span><\/span><\/span><\/p>\n<p class=\"text-align-justify\"><span><span><span><span><span><span>Podr\u00e1n contar con este distintivo las agencias de viaje y turismo (minorista, mayorista u operador de turismo) inscritas en el Directorio Nacional de Prestadores de Servicios Tur\u00edsticos Calificados del Mincetur, ubicada en la net del <a rel=\"nofollow noopener\" target=\"_blank\" href=\"https:\/\/www.gob.pe\/mincetur\">Ministerio<\/a>.<\/span><\/span><\/span><\/span><\/span><\/span><\/p>\n<p class=\"text-align-justify\"><span><span><span><span><span><span>Cabe indicar que la vigilancia del uso adecuado de esta insignia estar\u00e1 a cargo de las Direcciones y Gerencias Regionales de Comercio Exterior y Turismo de los Gobiernos Regionales y, en el caso de Lima Metropolitana, por el Mincetur. <\/span><\/span><\/span><\/span><\/span><\/span><\/p>\n<p class=\"text-align-justify\"><span><span><span><span><span><span>Aquellas personas naturales o jur\u00eddicas que utilicen el distintivo sin autorizaci\u00f3n ser\u00e1n pasibles a denuncias penales y econ\u00f3micas.\u00a0\u00a0 <\/span><\/span><\/span><\/span><\/span><\/span><\/p>\n<p class=\"text-align-justify\"><span><span><span><span><span><span>A la fecha, en el Directorio Nacional de Prestadores de Servicios Tur\u00edsticos, se registran hasta 6.565 agencias de viajes y turismo a nivel nacional.\u00a0 <\/span><\/span><\/span><\/span><\/span><\/span><\/p>\n<p class=\"text-align-justify\"><span><span><span><em><span><span><span>Expreso. Redacci\u00f3n. A.F<\/span><\/span><\/span><\/em><\/span><\/span><\/span><\/p>\n<\/div>\n\n<p><em> &#8221; Fuentes www.expreso.info &#8221; <\/em><\/p>\n","protected":false},"excerpt":{"rendered":"<p>El Ministerio de Comercio Exterior y Turismo inform\u00f3 de que las agencias de viaje y turismo autorizadas a brindar servicios, deber\u00e1n presentar en sus establecimientos, net y redes sociales, el distintivo \u2018Agencia de Viajes y Turismo Registrada\u2019. Esta identificaci\u00f3n permitir\u00e1 facilitar su identificaci\u00f3n por parte de los usuarios.\u00a0\u00a0\u00a0 Podr\u00e1n contar con este distintivo las agencias [&hellip;]<\/p>\n","protected":false},"author":4,"featured_media":121205,"comment_status":"open","ping_status":"closed","sticky":false,"template":"","format":"standard","meta":{"om_disable_all_campaigns":false,"jnews-multi-image_gallery":[],"jnews_single_post":[],"jnews_primary_category":[],"jnews_social_meta":[],"footnotes":""},"categories":[40],"tags":[],"class_list":["post-121204","post","type-post","status-publish","format-standard","has-post-thumbnail","hentry","category-industria"],"_links":{"self":[{"href":"https:\/\/dimensionturistica.com\/es\/wp-json\/wp\/v2\/posts\/121204","targetHints":{"allow":["GET"]}}],"collection":[{"href":"https:\/\/dimensionturistica.com\/es\/wp-json\/wp\/v2\/posts"}],"about":[{"href":"https:\/\/dimensionturistica.com\/es\/wp-json\/wp\/v2\/types\/post"}],"author":[{"embeddable":true,"href":"https:\/\/dimensionturistica.com\/es\/wp-json\/wp\/v2\/users\/4"}],"replies":[{"embeddable":true,"href":"https:\/\/dimensionturistica.com\/es\/wp-json\/wp\/v2\/comments?post=121204"}],"version-history":[{"count":0,"href":"https:\/\/dimensionturistica.com\/es\/wp-json\/wp\/v2\/posts\/121204\/revisions"}],"wp:featuredmedia":[{"embeddable":true,"href":"https:\/\/dimensionturistica.com\/es\/wp-json\/wp\/v2\/media\/121205"}],"wp:attachment":[{"href":"https:\/\/dimensionturistica.com\/es\/wp-json\/wp\/v2\/media?parent=121204"}],"wp:term":[{"taxonomy":"category","embeddable":true,"href":"https:\/\/dimensionturistica.com\/es\/wp-json\/wp\/v2\/categories?post=121204"},{"taxonomy":"post_tag","embeddable":true,"href":"https:\/\/dimensionturistica.com\/es\/wp-json\/wp\/v2\/tags?post=121204"}],"curies":[{"name":"wp","href":"https:\/\/api.w.org\/{rel}","templated":true}]}}