{"id":121190,"date":"2021-05-04T13:51:47","date_gmt":"2021-05-04T13:51:47","guid":{"rendered":"https:\/\/dimensionturistica.com\/es\/?p=121190"},"modified":"2021-05-04T13:51:47","modified_gmt":"2021-05-04T13:51:47","slug":"encarna-pinero-rd-esta-gestionado-muy-bien-la-recuperacion-turistica-noticias-de-turismo","status":"publish","type":"post","link":"https:\/\/dimensionturistica.com\/es\/encarna-pinero-rd-esta-gestionado-muy-bien-la-recuperacion-turistica-noticias-de-turismo\/","title":{"rendered":"Encarna Pi\u00f1ero: &#8220;RD est\u00e1 gestionado muy bien la recuperaci\u00f3n tur\u00edstica&#8221; &#8211; Noticias de turismo"},"content":{"rendered":"<p> <br \/>\n<\/p>\n<div>\n<p><strong>Rep\u00fablica Dominicana, Canc\u00fan<\/strong> (M\u00e9xico) y <strong>Jamaica<\/strong> son los tres destinos que encabezan la recuperaci\u00f3n tur\u00edstica en el Caribe y los efectos ser\u00e1n m\u00e1s visibles en la temporada invernal que inicia en noviembre pr\u00f3ximo,\u00a0consider\u00f3<strong> Encarna Pi\u00f1ero, <\/strong>CEO del<strong>\u00a0Grupo Pi\u00f1ero, <\/strong>una de las empresas hoteleras espa\u00f1olas con mayor implantaci\u00f3n en el Caribe.<\/p>\n<p><a rel=\"nofollow noopener\" target=\"_blank\" href=\"https:\/\/www.arecoa.com\/wp-content\/uploads\/2021\/03\/encarna-pi\u00f1ero-375x200.jpg\"><img decoding=\"async\" class=\"alignleft size-full wp-image-129528\" src=\"https:\/\/www.arecoa.com\/wp-content\/uploads\/2021\/03\/encarna-pi\u00f1ero-375x200.jpg\" alt=\"\" width=\"375\" height=\"200\" srcset=\"https:\/\/www.arecoa.com\/wp-content\/uploads\/2021\/03\/encarna-pi\u00f1ero-375x200.jpg 375w, https:\/\/www.arecoa.com\/wp-content\/uploads\/2021\/03\/encarna-pi\u00f1ero-375x200-300x160.jpg 300w, https:\/\/www.arecoa.com\/wp-content\/uploads\/2021\/03\/encarna-pi\u00f1ero-375x200-250x133.jpg 250w\" sizes=\"(max-width: 375px) 100vw, 375px\" \/><\/a>Durante las reuniones en la Cumbre Mundial de Turismo, primer evento que se realiz\u00f3 despu\u00e9s del inicio de la pandemia, Pi\u00f1ero dijo a Efe que aunque con escenarios completamente diferentes, \u201cestos tres destinos lo est\u00e1n haciendo muy bien\u201d.<\/p>\n<p>\u201cRep\u00fablica Dominicana lo est\u00e1 haciendo muy bien, el nuevo gobierno est\u00e1 gestionando muy bien a corto plazo la recuperaci\u00f3n, movilizando las vacunas a los empleados del sector.<strong>\u00a0<\/strong>Tras el buen hacer de Rep\u00fablica Dominicana repuntaron Canc\u00fan y Jamaica, que aunque inicialmente tuvo una bajada ahora en cambio es de los que mejores va, no hay un comportamiento regular de los tres destinos pero creo que Canc\u00fan el que va a repuntar m\u00e1s\u201d, agreg\u00f3.<\/p>\n<p>Para Encarna la industria tur\u00edstica a nivel international vivir\u00e1 en los pr\u00f3ximos meses dos momentos claves para la recuperaci\u00f3n, el primero por la vacunaci\u00f3n masiva en <strong>Estados Unidos<\/strong> y el segundo por <strong>Europa<\/strong>.<\/p>\n<p>\u201cEsto va a generar una ola de confianza a todo el sector, a todo el turismo y en el momento que en Europa haya un mayor porcentaje de vacunaci\u00f3n se notara la afluencia al Caribe\u201d, asegur\u00f3.<\/p>\n<p>Adem\u00e1s, dijo que \u201cEstamos a la expectativa, pensamos que estamos mejorando, a corto plazo estamos mejorando, tenemos esperanza de que cuando Estados Unidos termine la vacunaci\u00f3n en julio se produzca un aumento de reservas a todos los destinos del Caribe porque son los destinos preferidos por los norteamericanos\u201d.<\/p>\n<p>No obstante, aunque hay optimismo y recuperaci\u00f3n lenta,<strong>\u00a0<\/strong>la directiva\u00a0reconoce que hay mucha cautela entre los empresarios hoteleros porque en este momento el objetivo de las empresas ya no es buscar utilidades sino mantener la sostenibilidad de las empresas y la estabilidad de sus trabajadores.<\/p>\n<p>\u201cNo abriremos todos los hoteles. Estaremos a un 70 por ciento respecto a 2019. Con todo esto hemos cambiado la escala de valores, no est\u00e1bamos preparados para cerrar, estamos preparados para abrir y gestionar, pero tuvimos que cerrar en quince d\u00edas 15.000 habitaciones y entonces se planteas esto para cu\u00e1nto es, dos meses, tres meses, quince mil empleados, qu\u00e9 hacemos\u201d, enfatiz\u00f3.<\/p>\n<p>Como parte de la \u201crestructuraci\u00f3n ordenada\u201d que se vieron forzados a hacer, encontraron que<strong>\u00a0<\/strong>segmentos como el golf y de vivienda en zonas tur\u00edsticas de alta plusval\u00eda est\u00e1 cobrando un auge inesperado.<\/p>\n<p>\u201cAhora estamos enfocados en ayudar a que cada negocio tenga su ritmo, el real state y el golf ha ido mejor que los hoteles, hemos ayudado a que tuviesen un ritmo de crecimiento, la parte residencial nos ha sorprendido y eso se debe a que mucha gente ahora quiere vivir fuera de las grandes ciudades, hay un incremento de ventas espectacular\u201d, puntualiz\u00f3.<\/p>\n<p><!-- AddThis Advanced Settings above via filter on the_content --><!-- AddThis Advanced Settings below via filter on the_content --><!-- AddThis Advanced Settings generic via filter on the_content --><!-- AddThis Share Buttons above via filter on the_content --><!-- AddThis Share Buttons below via filter on the_content --><!-- AddThis Share Buttons generic via filter on the_content --><\/div>\n\n<p><em> &#8221; Fuentes www.arecoa.com &#8221; <\/em><\/p>\n","protected":false},"excerpt":{"rendered":"<p>Rep\u00fablica Dominicana, Canc\u00fan (M\u00e9xico) y Jamaica son los tres destinos que encabezan la recuperaci\u00f3n tur\u00edstica en el Caribe y los efectos ser\u00e1n m\u00e1s visibles en la temporada invernal que inicia en noviembre pr\u00f3ximo,\u00a0consider\u00f3 Encarna Pi\u00f1ero, CEO del\u00a0Grupo Pi\u00f1ero, una de las empresas hoteleras espa\u00f1olas con mayor implantaci\u00f3n en el Caribe. Durante las reuniones en la [&hellip;]<\/p>\n","protected":false},"author":4,"featured_media":121191,"comment_status":"open","ping_status":"closed","sticky":false,"template":"","format":"standard","meta":{"om_disable_all_campaigns":false,"jnews-multi-image_gallery":[],"jnews_single_post":[],"jnews_primary_category":[],"jnews_social_meta":[],"footnotes":""},"categories":[40],"tags":[],"class_list":["post-121190","post","type-post","status-publish","format-standard","has-post-thumbnail","hentry","category-industria"],"_links":{"self":[{"href":"https:\/\/dimensionturistica.com\/es\/wp-json\/wp\/v2\/posts\/121190","targetHints":{"allow":["GET"]}}],"collection":[{"href":"https:\/\/dimensionturistica.com\/es\/wp-json\/wp\/v2\/posts"}],"about":[{"href":"https:\/\/dimensionturistica.com\/es\/wp-json\/wp\/v2\/types\/post"}],"author":[{"embeddable":true,"href":"https:\/\/dimensionturistica.com\/es\/wp-json\/wp\/v2\/users\/4"}],"replies":[{"embeddable":true,"href":"https:\/\/dimensionturistica.com\/es\/wp-json\/wp\/v2\/comments?post=121190"}],"version-history":[{"count":0,"href":"https:\/\/dimensionturistica.com\/es\/wp-json\/wp\/v2\/posts\/121190\/revisions"}],"wp:featuredmedia":[{"embeddable":true,"href":"https:\/\/dimensionturistica.com\/es\/wp-json\/wp\/v2\/media\/121191"}],"wp:attachment":[{"href":"https:\/\/dimensionturistica.com\/es\/wp-json\/wp\/v2\/media?parent=121190"}],"wp:term":[{"taxonomy":"category","embeddable":true,"href":"https:\/\/dimensionturistica.com\/es\/wp-json\/wp\/v2\/categories?post=121190"},{"taxonomy":"post_tag","embeddable":true,"href":"https:\/\/dimensionturistica.com\/es\/wp-json\/wp\/v2\/tags?post=121190"}],"curies":[{"name":"wp","href":"https:\/\/api.w.org\/{rel}","templated":true}]}}