{"id":121182,"date":"2021-05-04T13:02:44","date_gmt":"2021-05-04T13:02:44","guid":{"rendered":"https:\/\/dimensionturistica.com\/es\/?p=121182"},"modified":"2021-05-04T13:02:44","modified_gmt":"2021-05-04T13:02:44","slug":"estudio-destaca-potencial-de-union-sagrada-de-dialogo-social-por-covid-19","status":"publish","type":"post","link":"https:\/\/dimensionturistica.com\/es\/estudio-destaca-potencial-de-union-sagrada-de-dialogo-social-por-covid-19\/","title":{"rendered":"Estudio destaca potencial de &#8220;uni\u00f3n sagrada&#8221; de dialogo social por covid-19"},"content":{"rendered":"<p> <br \/>\n<\/p>\n<div id=\"\">\n<span class=\"show-for-sr\">Este contenido fue publicado el 04 mayo 2021 &#8211; 12:54<\/span><br \/>\n<time class=\"si-detail__date\" datetime=\"2021-05-04T12:54:36+02:00\"><br \/>\n<span aria-hidden=\"true\">04 mayo 2021 &#8211; 12:54<\/span><br \/>\n<\/time><\/p>\n<address class=\"si-detail__author\" data-uk-scrollspy=\"hidden: false; repeat: true; offset-top: -50\">\n<\/address>\n<p>Bruselas, 4 might (EFE).- La disaster generada por la pandemia del covid-19 gener\u00f3 una &#8220;uni\u00f3n sagrada&#8221; entre los agentes sociales &#8220;nunca antes&#8221; vista en Europa con el objetivo de &#8220;salvar empresas, puestos de trabajo, sectores y, en definitiva, la econom\u00eda europea&#8221;, seg\u00fan un estudi\u00f3 divulgado este martes y que aplaude su &#8220;potencial&#8221;.<\/p>\n<p>El informe elaborado por el director de la Unidad de Estudios Prospectivos del Instituto Sindical Europeo (ETUI), Christophe Degryse, llega unos d\u00edas antes de la Cumbre Social Europea de Jefes de Estado y de Gobierno en Oporto (Portugal) del pr\u00f3ximo viernes 7, en un contexto &#8220;econ\u00f3mico y social excepcional&#8221;.<\/p>\n<p>El estudio revela que el di\u00e1logo social sectorial nunca ha sido tan \u00fatil como durante esta pandemia en su funci\u00f3n de intentar amortiguar los efectos socioecon\u00f3micos de la disaster.<\/p>\n<p>&#8220;Nunca antes un tema hab\u00eda suscitado tanto debate y negociaci\u00f3n conjunta en Europa&#8221;, asegura Degryse.<\/p>\n<p>Y el motivo es de peso, seg\u00fan el autor, ya que, como &#8220;hab\u00eda que salvar empresas, puestos de trabajo, sectores y, en definitiva, la econom\u00eda europea, los representantes de los trabajadores y de los empresarios demostraron en plena crisis que los foros de di\u00e1logo social europeos pod\u00edan ser foros conjuntos para la gesti\u00f3n eficaz de los retos socioecon\u00f3micos&#8221;.<\/p>\n<p>&#8220;Queda por ver si los resultados de este di\u00e1logo social europeo se traducen en un mayor reconocimiento social y en una mejora concreta de las condiciones laborales de estos trabajadores esenciales&#8221;, a\u00f1ade el autor del estudio.<\/p>\n<p>Esta &#8220;uni\u00f3n sagrada&#8221;, como la califica, de los interlocutores sociales, contrasta con los \u00faltimos a\u00f1os y, en specific, con la gesti\u00f3n de la disaster financiera de 2008.<\/p>\n<p>La disaster de Covid-19 ha revelado as\u00ed el &#8220;potencial&#8221; del di\u00e1logo social y la capacidad de los representantes de los trabajadores y los empresarios para encontrar &#8220;un terreno com\u00fan&#8221;.<\/p>\n<p>Seg\u00fan el estudio, en whole, m\u00e1s de 30 sectores se han implicado y han negociado medidas para superar la disaster: transporte (mar\u00edtimo, a\u00e9reo, vial), pesca, cultura (artes esc\u00e9nicas, audiovisual), hosteler\u00eda, agricultura metalurgia, educaci\u00f3n, productos qu\u00edmicos, e incluso el f\u00fatbol profesional, solo por citar a algunos.<\/p>\n<p>Frente al mosaico de medidas nacionales, las propuestas de los interlocutores sociales han tenido \u00e9xito, seg\u00fan se detalla en el an\u00e1lisis para cada sector en cuesti\u00f3n.<\/p>\n<p>Este di\u00e1logo social tambi\u00e9n habr\u00e1 permitido dar una nueva visibilidad a los trabajadores que tradicionalmente no est\u00e1n representados pero que son cruciales para la resiliencia de esta disaster.<\/p>\n<p>El director del ETUI se refiere a los trabajadores aut\u00f3nomos o por cuenta propia y a los empresarios aut\u00f3nomos (artes esc\u00e9nicas, audiovisual, agencias de viajes), a trabajadores migrantes y desplazados (construcci\u00f3n), a trabajadores indocumentados o no declarados (servicios a domicilio), a subcontratistas (industria agroalimentaria) y a trabajadores estacionales (agricultura, hoteles y restaurantes).<\/p>\n<p>&#8220;El virus no se preocupa por la situaci\u00f3n de los trabajadores&#8221;, cube Degryse, quien aboga por que el di\u00e1logo social europeo sea m\u00e1s &#8220;inclusivo&#8221;.<\/p>\n<p>El Instituto Sindical Europeo es el centro independiente de investigaci\u00f3n y formaci\u00f3n de la Confederaci\u00f3n Europea de Sindicatos (CES). EFE<\/p>\n<p>cat\/mb\/jj<\/p>\n<p>(M\u00e1s informaci\u00f3n sobre la Uni\u00f3n Europea en euroefe.euractiv.es)<\/p>\n<p>\u00a9 EFE 2021. Est\u00e1 expresamente prohibida la redistribuci\u00f3n y la redifusi\u00f3n de todo o parte de los contenidos de los servicios de Efe, sin previo y expreso consentimiento de la Agencia EFE S.A.<\/p>\n<\/p><\/div>\n\n<p><em> &#8221; Fuentes www.swissinfo.ch &#8221; <\/em><\/p>\n","protected":false},"excerpt":{"rendered":"<p>Este contenido fue publicado el 04 mayo 2021 &#8211; 12:54 04 mayo 2021 &#8211; 12:54 Bruselas, 4 might (EFE).- La disaster generada por la pandemia del covid-19 gener\u00f3 una &#8220;uni\u00f3n sagrada&#8221; entre los agentes sociales &#8220;nunca antes&#8221; vista en Europa con el objetivo de &#8220;salvar empresas, puestos de trabajo, sectores y, en definitiva, la econom\u00eda [&hellip;]<\/p>\n","protected":false},"author":4,"featured_media":118411,"comment_status":"open","ping_status":"closed","sticky":false,"template":"","format":"standard","meta":{"om_disable_all_campaigns":false,"jnews-multi-image_gallery":[],"jnews_single_post":[],"jnews_primary_category":[],"jnews_social_meta":[],"footnotes":""},"categories":[40],"tags":[],"class_list":["post-121182","post","type-post","status-publish","format-standard","has-post-thumbnail","hentry","category-industria"],"_links":{"self":[{"href":"https:\/\/dimensionturistica.com\/es\/wp-json\/wp\/v2\/posts\/121182","targetHints":{"allow":["GET"]}}],"collection":[{"href":"https:\/\/dimensionturistica.com\/es\/wp-json\/wp\/v2\/posts"}],"about":[{"href":"https:\/\/dimensionturistica.com\/es\/wp-json\/wp\/v2\/types\/post"}],"author":[{"embeddable":true,"href":"https:\/\/dimensionturistica.com\/es\/wp-json\/wp\/v2\/users\/4"}],"replies":[{"embeddable":true,"href":"https:\/\/dimensionturistica.com\/es\/wp-json\/wp\/v2\/comments?post=121182"}],"version-history":[{"count":0,"href":"https:\/\/dimensionturistica.com\/es\/wp-json\/wp\/v2\/posts\/121182\/revisions"}],"wp:featuredmedia":[{"embeddable":true,"href":"https:\/\/dimensionturistica.com\/es\/wp-json\/wp\/v2\/media\/118411"}],"wp:attachment":[{"href":"https:\/\/dimensionturistica.com\/es\/wp-json\/wp\/v2\/media?parent=121182"}],"wp:term":[{"taxonomy":"category","embeddable":true,"href":"https:\/\/dimensionturistica.com\/es\/wp-json\/wp\/v2\/categories?post=121182"},{"taxonomy":"post_tag","embeddable":true,"href":"https:\/\/dimensionturistica.com\/es\/wp-json\/wp\/v2\/tags?post=121182"}],"curies":[{"name":"wp","href":"https:\/\/api.w.org\/{rel}","templated":true}]}}