{"id":121147,"date":"2021-05-04T12:08:36","date_gmt":"2021-05-04T12:08:36","guid":{"rendered":"https:\/\/dimensionturistica.com\/es\/?p=121147"},"modified":"2021-05-04T12:08:36","modified_gmt":"2021-05-04T12:08:36","slug":"euforia-en-cancun-reservaciones-ya-estan-casi-al-nivel-pre-covid","status":"publish","type":"post","link":"https:\/\/dimensionturistica.com\/es\/euforia-en-cancun-reservaciones-ya-estan-casi-al-nivel-pre-covid\/","title":{"rendered":"Euforia en Canc\u00fan: reservaciones ya est\u00e1n casi al nivel pre-covid"},"content":{"rendered":"<p> <br \/>\n<\/p>\n<div id=\"post-153398\">\n<p class=\"antetitulo\" style=\"margin-top: 10px;\">CON EL MERCADO ESTADOUNIDENSE<\/p>\n<hr style=\"margin: 10px 0 3px\" \/>\n<p class=\"autor\" style=\"font-size: 12px; margin: 10px 0;\">R. R. | Canc\u00fan | 4 de  mayo de 2021 &#13;<br \/>\n\t <a rel=\"nofollow noopener\" target=\"_blank\" href=\"https:\/\/www.reportur.com\/agencias\/2021\/05\/04\/euforia-cancun-reservaciones-ya-estan-casi-al-nivel-pre-covid\/#respond\" style=\"float:right; text-decoration: none; color:#000000\">&#13;<br \/>\n    <img decoding=\"async\" src=\"https:\/\/www.reportur.com\/wp-content\/themes\/reportur\/images\/comment.png\" align=\"absmiddle\" style=\"margin-right: 0;\" \/> Deja un comentario\t\t<\/a>&#13;\n\t\t<\/p>\n<hr style=\"margin: 3px 0 10px\" \/>\n<p class=\"relacionadosSingle\"><b>TEMAS RELACIONADOS: <a rel=\"nofollow noopener\" target=\"_blank\" href=\"https:\/\/www.reportur.com\/tag\/aeropuerto-internacional-de-cancun\/\">Aeropuerto Internacional de Canc\u00fan<\/a>, <a rel=\"nofollow noopener\" target=\"_blank\" href=\"https:\/\/www.reportur.com\/tag\/oliver-ponti\/\">Oliver Ponti<\/a>, <a rel=\"nofollow noopener\" target=\"_blank\" href=\"https:\/\/www.reportur.com\/tag\/vicepresidente-de-conocimientos-de-forwardkeys\/\">vicepresidente de conocimientos de ForwardKeys<\/a>, <a rel=\"nofollow noopener\" target=\"_blank\" href=\"https:\/\/www.reportur.com\/tag\/viva-aerobus\/\">Viva Aerob\u00fas<\/a><\/b><\/p>\n<hr style=\"margin-bottom: 15px;\" \/>\n<div class=\"post\">\n<p><img decoding=\"async\" class=\"aligncenter size-full wp-image-130824\" src=\"https:\/\/www.reportur.com\/wp-content\/uploads\/2020\/03\/playasde-canc\u00fan.jpg\" alt=\"\" width=\"640\" height=\"358\" srcset=\"https:\/\/www.reportur.com\/wp-content\/uploads\/2020\/03\/playasde-canc\u00fan.jpg 640w, https:\/\/www.reportur.com\/wp-content\/uploads\/2020\/03\/playasde-canc\u00fan-550x308.jpg 550w\" sizes=\"(max-width: 640px) 100vw, 640px\" \/><\/p>\n<p>El aumento de reservaciones de los estadounidenses para el verano hacia el Caribe y especialmente para Canc\u00fan va en aumento, ya casi alcanzando a los niveles de pre-covid, pues est\u00e1 solo 2% por debajo de 2019 en el segundo y tercer trimestre, de acuerdo con ForwardKeys.<\/p>\n<p>Seg\u00fan el an\u00e1lisis de Forwardkeys, desde Estados Unidos, Canc\u00fan tuvo un aumento de reservas del 33% en el periodo del 1 de marzo y el 20 de abril, para viajar hasta septiembre comparado con 2019. Igualmente, aumentaron 10% las llegadas desde la segunda semana de marzo al 20 de abril.<\/p>\n<p>Para el closing del verano, proyectan un alza en reservas provenientes de Estados Unidos, claramente los destinos m\u00e1s apetecidos ser\u00e1n Canc\u00fan y Puerto Rico. Por su parte, Rep\u00fablica Dominicana y Jamaica no corren con la misma suerte.<\/p>\n<p>\u201cLas razones son que M\u00e9xico se ha desempe\u00f1ado excepcionalmente bien como destino durante la pandemia al hacer grandes esfuerzos para seguir recibiendo visitantes, y Puerto Rico se beneficia enormemente de ser un territorio de los EE. UU., Por lo que volar all\u00ed es un viaje nacional que no se ve afectado por las restricciones de viajes internacionales\u201d, dijo el vicepresidente de conocimientos de ForwardKeys, Oliver Ponti.<\/p>\n<p>En camino a la reactivaci\u00f3n del sector del turismo, la llegada de m\u00e1s de siete mil vuelos programados para el mes de julio al Aeropuerto Internacional de Canc\u00fan; el destino alcanzar\u00eda el 98% de la conectividad, muy cerca al n\u00famero de vuelos que ten\u00eda en pre-pandemia, como lo inform\u00f3 <em>REPORTUR.mx<\/em>. <a rel=\"nofollow noopener\" target=\"_blank\" href=\"https:\/\/www.reportur.com\/aerolineas\/2021\/05\/02\/cancun-cerca-alcanzar-numero-vuelos-pre-pandemia\/\">(Canc\u00fan: cerca de alcanzar el n\u00famero de vuelos de pre-pandemia).<\/a><\/p>\n<p>Inclusive se proyecta que superar\u00e1 los vuelos operados en 2019. Seg\u00fan la consultora internacional Cirum, 10 aerol\u00edneas llegar\u00e1n a operar 7.194 vuelos programados entre Canc\u00fan, de las cuales nueve ser\u00edan estadounidenses y una mexicana, que es Viva Aerob\u00fas, conectando 39 ciudades de Estados Unidos durante julio, con un mill\u00f3n 258 mil sillas disponibles, 31% por encima de los niveles antes de la pandemia, donde se ofrecieron 954 mil 584 sillas.<\/p>\n<p><!-- AddThis Advanced Settings above via filter on the_content --><!-- AddThis Advanced Settings below via filter on the_content --><!-- AddThis Advanced Settings generic via filter on the_content --><!-- AddThis Share Buttons above via filter on the_content --><!-- AddThis Share Buttons below via filter on the_content --><!-- AddThis Share Buttons generic via filter on the_content --><\/div>\n<hr class=\"noCss\" \/><\/div>\n\n<p><em> &#8221; Fuentes www.reportur.com &#8221; <\/em><\/p>\n","protected":false},"excerpt":{"rendered":"<p>CON EL MERCADO ESTADOUNIDENSE R. R. | Canc\u00fan | 4 de mayo de 2021 &#13; &#13; Deja un comentario &#13; TEMAS RELACIONADOS: Aeropuerto Internacional de Canc\u00fan, Oliver Ponti, vicepresidente de conocimientos de ForwardKeys, Viva Aerob\u00fas El aumento de reservaciones de los estadounidenses para el verano hacia el Caribe y especialmente para Canc\u00fan va en aumento, [&hellip;]<\/p>\n","protected":false},"author":4,"featured_media":121148,"comment_status":"open","ping_status":"closed","sticky":false,"template":"","format":"standard","meta":{"om_disable_all_campaigns":false,"jnews-multi-image_gallery":[],"jnews_single_post":[],"jnews_primary_category":[],"jnews_social_meta":[],"footnotes":""},"categories":[40],"tags":[],"class_list":["post-121147","post","type-post","status-publish","format-standard","has-post-thumbnail","hentry","category-industria"],"_links":{"self":[{"href":"https:\/\/dimensionturistica.com\/es\/wp-json\/wp\/v2\/posts\/121147","targetHints":{"allow":["GET"]}}],"collection":[{"href":"https:\/\/dimensionturistica.com\/es\/wp-json\/wp\/v2\/posts"}],"about":[{"href":"https:\/\/dimensionturistica.com\/es\/wp-json\/wp\/v2\/types\/post"}],"author":[{"embeddable":true,"href":"https:\/\/dimensionturistica.com\/es\/wp-json\/wp\/v2\/users\/4"}],"replies":[{"embeddable":true,"href":"https:\/\/dimensionturistica.com\/es\/wp-json\/wp\/v2\/comments?post=121147"}],"version-history":[{"count":0,"href":"https:\/\/dimensionturistica.com\/es\/wp-json\/wp\/v2\/posts\/121147\/revisions"}],"wp:featuredmedia":[{"embeddable":true,"href":"https:\/\/dimensionturistica.com\/es\/wp-json\/wp\/v2\/media\/121148"}],"wp:attachment":[{"href":"https:\/\/dimensionturistica.com\/es\/wp-json\/wp\/v2\/media?parent=121147"}],"wp:term":[{"taxonomy":"category","embeddable":true,"href":"https:\/\/dimensionturistica.com\/es\/wp-json\/wp\/v2\/categories?post=121147"},{"taxonomy":"post_tag","embeddable":true,"href":"https:\/\/dimensionturistica.com\/es\/wp-json\/wp\/v2\/tags?post=121147"}],"curies":[{"name":"wp","href":"https:\/\/api.w.org\/{rel}","templated":true}]}}