{"id":121091,"date":"2021-05-04T09:57:20","date_gmt":"2021-05-04T09:57:20","guid":{"rendered":"https:\/\/dimensionturistica.com\/es\/?p=121091"},"modified":"2021-05-04T09:57:21","modified_gmt":"2021-05-04T09:57:21","slug":"confebus-espera-la-recuperacion-paulatina-tras-el-verano-y-durante-2022","status":"publish","type":"post","link":"https:\/\/dimensionturistica.com\/es\/confebus-espera-la-recuperacion-paulatina-tras-el-verano-y-durante-2022\/","title":{"rendered":"CONFEBUS espera la recuperaci\u00f3n paulatina tras el verano y durante 2022"},"content":{"rendered":"<p> <br \/>\n<\/p>\n<div>\n<h2 class=\"h2\">&#13;<br \/>\n                As\u00ed lo manifesto el Presidente de la Confederaci\u00f3n durante su participaci\u00f3n en el H&amp;T, el Sal\u00f3n de Innovaci\u00f3n en Hosteler\u00eda, que reuni\u00f3 en el Palacio de Ferias y Congresos de M\u00e1laga, del 26 al 28 de abril, a los profesionales y empresas de la industria hostelera, hotelera y tur\u00edstica con el principal objetivo de proporcionar las herramientas y estrategias que marcar\u00e1n la hoja de ruta para la reactivaci\u00f3n            <\/h2>\n<div class=\"twoColBanner\">\n<div class=\"banner medium-12 columns\"><a rel=\"nofollow noopener\" target=\"_blank\" href=\"https:\/\/www.revistaviajeros.com\/revista\/273\"><img decoding=\"async\" src=\"https:\/\/www.revistaviajeros.com\/images\/banners\/banner_608bd21ee56b5.jpg\" alt=\"juntos.abril.2021\" title=\"juntos.abril.2021\" \/><\/a><\/div>\n<\/div>\n<aside class=\"article-aside\">&#13;<br \/>\n                            El Certificado Digital Verde y la vacunaci\u00f3n ser\u00e1n imprescindibles para la recuperaci\u00f3n del turismo                        <\/aside>\n<p>&#13;<br \/>\n\tDentro del \u201cForo de Innovaci\u00f3n\u201d, que se celebr\u00f3 en paralelo a la feria, el <strong>presidente de CONFEBUS, Rafael Barbadillo<\/strong>, particip\u00f3 junto a Ra\u00fal Miguez, director adjunto a Presidencia en Adif, y Javier G\u00e1ndara, presidente de la Asociaci\u00f3n de L\u00edneas A\u00e9reas (ALA) en la mesa<strong> \u201cFuturo postcovid del transporte en la industria tur\u00edstica, \u00bfc\u00f3mo lo hacemos?<\/strong>\u201d, que estuvo moderada por Manuel Mu\u00f1oz, secretario common para Turismo de la Consejer\u00eda de Turismo de la Junta de Andaluc\u00eda.<\/p>\n<p><strong>La ca\u00edda del sector<\/strong><br \/>&#13;<br \/>\n\tEn su intervenci\u00f3n, el presidente de CONFEB\u00daS destac\u00f3 la <strong>gran ca\u00edda que se ha producido en la demanda<\/strong> del sector del transporte en autob\u00fas como consecuencia de las restricciones de movilidad durante la pandemia. Durante los meses de marzo a diciembre el descenso de viajeros alcanz\u00f3 casi el 60%, siendo la m\u00e1s importante desde que se tienen registros. En concreto, las mayores ca\u00eddas se dieron en el transporte discrecional con un -85% y en la larga distancia con un -73,6%.<\/p>\n<p>&#13;<br \/>\n\t<br \/>&#13;<br \/>\n\tAs\u00ed, los m\u00e1s de 3.115 millones de usuarios en 2019 se vieron reducidos a 1.661 millones en 2020, lo que ha supuesto unas p\u00e9rdidas de 4.000 millones de euros desde la declaraci\u00f3n del estado de alarma, el 14 de marzo, hasta el 31 de diciembre de 2020. Adem\u00e1s, para el primer semestre de 2021, las p\u00e9rdidas se estiman en otros 2.400 millones.<\/p>\n<p><strong>Recuperaci\u00f3n paulatina<\/strong><br \/>&#13;<br \/>\n\tSin embargo, Rafael Barbadillo conf\u00eda en que a partir de este verano comience una <strong>lenta recuperaci\u00f3n<\/strong>, aunque se prev\u00e9 que \u00e9sta se prolongue durante todo el a\u00f1o y a lo largo de 2022, hasta alcanzar las cifras previas a la disaster. En el mismo sentido, pronostic\u00f3 que la demanda no va a experimentar un \u201ccrecimiento de cero a cien, sino paulatino\u201d, lo que va a permitir ir adaptando la oferta de servicios a la demanda de los viajeros.<\/p>\n<p>&#13;<br \/>\n\t<br \/>&#13;<br \/>\n\tPor otro lado, resalt\u00f3 que el sector, que representa a 3.200 empresas y da empleo a 95.000 personas, asume que con la recuperaci\u00f3n tendr\u00e1 que afrontar diversos retos como la <strong>atenci\u00f3n al viajero<\/strong>. \u201cHan llegado nuevos h\u00e1bitos de movilidad para quedarse, con un viajero mucho m\u00e1s digital, que, junto con el reto de la transici\u00f3n ecol\u00f3gica y sostenibilidad, es lo que nos va a demandar el cliente\u201d. As\u00ed, el presidente de CONFEBUS puso el foco en la digitalizaci\u00f3n como elemento \u201cclave para integrar todos los modelos de transporte en una plataforma y hacer llegar esa oferta a trav\u00e9s de la intermodalidad\u201d.<\/p>\n<p><strong>Las claves de CONFEBUS para la recuperaci\u00f3n<\/strong><br \/>&#13;<br \/>\n\tAl respecto, tambi\u00e9n record\u00f3 que, ante el grave impacto de la disaster en el sector y para acelerar el proceso de reactivaci\u00f3n, el pasado mes de septiembre CONFEBUS present\u00f3 un \u201c<a rel=\"nofollow noopener\" target=\"_blank\" href=\"http:\/\/www.confebus.org\/publicaciones\/plan-recuperacion-confebus\/index.html\"><strong>Plan de Recuperaci\u00f3n y Resiliencia del Transporte de Viajeros por Carretera<\/strong><\/a>\u201d basado en cuatro ejes: transformaci\u00f3n ecol\u00f3gica, digitalizaci\u00f3n, empleo y servicio p\u00fablico. Con este plan, la Confederaci\u00f3n propuso al Gobierno una serie de herramientas para que el sector sea receptor de los fondos europeos de recuperaci\u00f3n tras la disaster del COVID-19, confiando en que tambi\u00e9n contribuya al relanzamiento del transporte en autob\u00fas y sirva para afrontar los importantes retos que tiene por delante.<\/p>\n<p><strong>Certificado Verde Digital y vacunaci\u00f3n<\/strong><br \/>&#13;<br \/>\n\tAdem\u00e1s, entre las <strong>medidas para reactivar el turismo<\/strong>, Rafael Barbadillo se refiri\u00f3 a la necesidad de acelerar la implantaci\u00f3n del \u201cCertificado Verde Digital\u201d europeo, que facilitar\u00e1 la circulaci\u00f3n entre los pa\u00edses de la UE, y, en paralelo, la progresiva reapertura de nuestras fronteras con seguridad, ya que, de lo contrario, existe el riesgo de que muchos destinos competidores se adelanten a nuestro pa\u00eds.<\/p>\n<p>Aunque destac\u00f3 que el avance en la <strong>vacunaci\u00f3n<\/strong> es el elemento imprescindible para la recuperaci\u00f3n del sector tur\u00edstico, ya que permitir\u00e1 recuperar la movilidad y la confianza de los viajeros. En este sentido, reiter\u00f3 la <strong>seguridad del transporte colectivo<\/strong>, \u201ccon el uso de mascarillas, la renovaci\u00f3n constante del aire (cada 3 minutos) y los estrictos protocolos sanitarios de seguridad adoptados por las empresas, es absolutamente seguro viajar en autob\u00fas\u201d.<\/p>\n<p><strong>Un sector estrat\u00e9gico<\/strong><br \/>&#13;<br \/>\n\tPor \u00faltimo, quiso destacar como el sector, que facturaba casi 6.000 millones en 2019, es <strong>clave para la econom\u00eda y la sociedad<\/strong>, garantiza la movilidad de millones de personas cada d\u00eda, asegura el acceso a los servicios b\u00e1sicos del estado del bienestar, como la sanidad, la educaci\u00f3n o el trabajo, y es un eslab\u00f3n clave de la cadena y oferta tur\u00edstica -excursiones, congresos, ferias, circuitos, eventos, and so on.-, permitiendo la movilidad interna de los turistas por todo nuestro pa\u00eds.<\/p>\n<p>\u00a0<\/p>\n<\/p><\/div>\n\n<p><em> &#8221; Fuentes www.revistaviajeros.com &#8221; <\/em><\/p>\n","protected":false},"excerpt":{"rendered":"<p>&#13; As\u00ed lo manifesto el Presidente de la Confederaci\u00f3n durante su participaci\u00f3n en el H&amp;T, el Sal\u00f3n de Innovaci\u00f3n en Hosteler\u00eda, que reuni\u00f3 en el Palacio de Ferias y Congresos de M\u00e1laga, del 26 al 28 de abril, a los profesionales y empresas de la industria hostelera, hotelera y tur\u00edstica con el principal objetivo de [&hellip;]<\/p>\n","protected":false},"author":4,"featured_media":121092,"comment_status":"open","ping_status":"closed","sticky":false,"template":"","format":"standard","meta":{"om_disable_all_campaigns":false,"jnews-multi-image_gallery":[],"jnews_single_post":[],"jnews_primary_category":[],"jnews_social_meta":[],"footnotes":""},"categories":[40],"tags":[23129],"class_list":["post-121091","post","type-post","status-publish","format-standard","has-post-thumbnail","hentry","category-industria","tag-certificado-digital-verdeconfebuscovidcrisisturismovacunacion"],"_links":{"self":[{"href":"https:\/\/dimensionturistica.com\/es\/wp-json\/wp\/v2\/posts\/121091","targetHints":{"allow":["GET"]}}],"collection":[{"href":"https:\/\/dimensionturistica.com\/es\/wp-json\/wp\/v2\/posts"}],"about":[{"href":"https:\/\/dimensionturistica.com\/es\/wp-json\/wp\/v2\/types\/post"}],"author":[{"embeddable":true,"href":"https:\/\/dimensionturistica.com\/es\/wp-json\/wp\/v2\/users\/4"}],"replies":[{"embeddable":true,"href":"https:\/\/dimensionturistica.com\/es\/wp-json\/wp\/v2\/comments?post=121091"}],"version-history":[{"count":0,"href":"https:\/\/dimensionturistica.com\/es\/wp-json\/wp\/v2\/posts\/121091\/revisions"}],"wp:featuredmedia":[{"embeddable":true,"href":"https:\/\/dimensionturistica.com\/es\/wp-json\/wp\/v2\/media\/121092"}],"wp:attachment":[{"href":"https:\/\/dimensionturistica.com\/es\/wp-json\/wp\/v2\/media?parent=121091"}],"wp:term":[{"taxonomy":"category","embeddable":true,"href":"https:\/\/dimensionturistica.com\/es\/wp-json\/wp\/v2\/categories?post=121091"},{"taxonomy":"post_tag","embeddable":true,"href":"https:\/\/dimensionturistica.com\/es\/wp-json\/wp\/v2\/tags?post=121091"}],"curies":[{"name":"wp","href":"https:\/\/api.w.org\/{rel}","templated":true}]}}