{"id":121082,"date":"2021-05-04T09:14:11","date_gmt":"2021-05-04T09:14:11","guid":{"rendered":"https:\/\/dimensionturistica.com\/es\/?p=121082"},"modified":"2021-05-04T09:14:11","modified_gmt":"2021-05-04T09:14:11","slug":"los-agentes-del-grupo-de-investigacion-activa-de-fugitivos-detienen-en-tres-dias-a-cuatro-fugitivos","status":"publish","type":"post","link":"https:\/\/dimensionturistica.com\/es\/los-agentes-del-grupo-de-investigacion-activa-de-fugitivos-detienen-en-tres-dias-a-cuatro-fugitivos\/","title":{"rendered":"Los Agentes del Grupo de Investigaci\u00f3n Activa de Fugitivos detienen en tres d\u00edas a cuatro fugitivos"},"content":{"rendered":"<p> <br \/>\n<\/p>\n<div>\n<p data-gtm-element-container=\"modulo-texto-link\" class=\"paragraph\">Cuatro detenciones internacionales en tres d\u00edas en Catalunya. Agentes del Grupo de Investigaci\u00f3n Activa de Fugitivos de los Mossos han detenido, entre los d\u00edas 27 y 29 de abril, a cuatro hombres de entre 24 y 64 a\u00f1os y de nacionalidades marroqu\u00ed, polaca, alemana y rumana con \u00f3rdenes de detenci\u00f3n europeas como presuntos autores de varios delitos.<\/p>\n<p data-gtm-element-container=\"modulo-texto-link\" class=\"paragraph\">Seg\u00fan han informado los Mossos, el 27 de abril los agentes detuvieron en El Prat del Llobregat (Barcelona) a un hombre reclamado por las autoridades belgas por varios robos con violencia e intimidaci\u00f3n cometidos en B\u00e9lgica.<\/p>\n<p><span class=\"content-free-html  \"><span class=\"block-element container-center\"><\/p>\n<blockquote class=\"twitter-tweet\" data-lang=\"es\"><p>\n<a rel=\"nofollow noopener\" target=\"_blank\" href=\"https:\/\/twitter.com\/mossos\/status\/1389459944815185920\">\n<\/p><\/blockquote>\n<p><\/span><\/span><\/p>\n<p data-gtm-element-container=\"modulo-texto-link\" class=\"paragraph\">El detenido utilizaba una identidad falsa en la que constaba como menor y los robos eran extremadamente violentos.<\/p>\n<p><span class=\"content-ad-module  hidden-ad hidden-ad\"><\/p>\n<p><span class=\"content-ad visible-xs roba-container  hidden-ad\"><span class=\"ad-unit roba\"><\/p>\n<p>                <\/span><\/span><span class=\"content-ad visible-md irr-container  hidden-ad\"><span class=\"ad-unit irr\"><\/p>\n<p>                <\/span><\/span><span class=\"content-html\"><span class=\"intext-md hidden-xs hidden-md\"\/><\/span><\/span><\/p>\n<p data-gtm-element-container=\"modulo-texto-link\" class=\"paragraph\">Un d\u00eda despu\u00e9s, los Mossos detuvieron en una asociaci\u00f3n cann\u00e1bica de L&#8217;Hospitalet de Llobregat (Barcelona) a un hombre reclamado por las autoridades alemanas por delitos contra la salud p\u00fablica.\u00a0El hombre hac\u00eda frecuentes viajes a Alemania, donde desarrollaba su actividad il\u00edcita. El detenido tambi\u00e9n ten\u00eda antecedentes por los mismos hechos en Espa\u00f1a.<\/p>\n<p><span class=\"content-subtitle \"><\/p>\n<h2 class=\"subtitle\">A la espera de extradici\u00f3n<\/h2>\n<h3 class=\"subtitle\">Los cuatro detenidos se encuentran en prisi\u00f3n preventiva<\/h3>\n<p><\/span><\/p>\n<p data-gtm-element-container=\"modulo-texto-link\" class=\"paragraph\">Asimismo, el pasado 29 de abril los agentes del grupo de fugitivos realizaron dos detenciones en Lloret de Mar (Girona).<\/p>\n<p data-gtm-element-container=\"modulo-texto-link\" class=\"paragraph\">La primera detenci\u00f3n fue la de un hombre rumano que viv\u00eda en una urbanizaci\u00f3n de alto standing con su familia y ten\u00eda una orden de detenci\u00f3n emitida por las autoridades francesas por delitos contra la salud p\u00fablica.<\/p>\n<p data-gtm-element-container=\"modulo-texto-link\" class=\"paragraph\">El hombre aprovechaba que ten\u00eda una empresa de transportes para introducir en territorio franc\u00e9s sustancias estupefacientes.\u00a0El segundo detenido, de nacionalidad polaca, ten\u00eda una orden emitida por las autoridades de su pa\u00eds por delitos contra el patrimonio.<\/p>\n<p data-gtm-element-container=\"modulo-texto-link\" class=\"paragraph\">Los cuatro hombres detenidos ingresaron en prisi\u00f3n preventiva a la espera de ser extraditados a los pa\u00edses que los reclaman.\u00a0<\/p>\n<p><span class=\"content-ad-module  hidden-ad\"><\/p>\n<p><span class=\"content-ad visible-xs irr-container  hidden-ad\"><span class=\"ad-unit irr\"><\/p>\n<p>                <\/span><\/span><span class=\"content-html\"><span class=\"intext-xs hidden-xs hidden-md\"\/><\/span><\/span><span class=\"content-ad-module  hidden-ad\"><\/p>\n<p><span class=\"content-ad visible-xs roba-container  hidden-ad\"><span class=\"ad-unit roba\"><\/p>\n<p>                <\/span><\/span><\/span>\n<\/div>\n<p><script async src=\"\/\/platform.twitter.com\/widgets.js\" charset=\"utf-8\"><\/script><script type=\"script\/gg\">\ngg.didomi.doWhenConsent(!window.didomiBypass, 'c:facebooka-frU9M5JY', function () {\n!function(f,b,e,v,n,t,s)\n{if(f.fbq)return;n=f.fbq=function(){n.callMethod?\nn.callMethod.apply(n,arguments):n.queue.push(arguments)};\nif(!f._fbq)f._fbq=n;n.push=n;n.loaded=!0;n.version='2.0';\nn.queue=[];t=b.createElement(e);t.async=!0;\nt.src=v;s=b.getElementsByTagName(e)[0];\ns.parentNode.insertBefore(t,s)}(window, document,'script',\n'https:\/\/connect.facebook.net\/en_US\/fbevents.js');\nfbq('init', '161843274362284');\nfbq('track', 'PageView');\n});\n<\/script><br \/>\n<br \/><\/p>\n<p><em> &#8221; Fuentes www.lavanguardia.com &#8221; <\/em><\/p>\n","protected":false},"excerpt":{"rendered":"<p>Cuatro detenciones internacionales en tres d\u00edas en Catalunya. Agentes del Grupo de Investigaci\u00f3n Activa de Fugitivos de los Mossos han detenido, entre los d\u00edas 27 y 29 de abril, a cuatro hombres de entre 24 y 64 a\u00f1os y de nacionalidades marroqu\u00ed, polaca, alemana y rumana con \u00f3rdenes de detenci\u00f3n europeas como presuntos autores de [&hellip;]<\/p>\n","protected":false},"author":4,"featured_media":121083,"comment_status":"open","ping_status":"closed","sticky":false,"template":"","format":"standard","meta":{"om_disable_all_campaigns":false,"jnews-multi-image_gallery":[],"jnews_single_post":[],"jnews_primary_category":[],"jnews_social_meta":[],"footnotes":""},"categories":[40],"tags":[],"class_list":["post-121082","post","type-post","status-publish","format-standard","has-post-thumbnail","hentry","category-industria"],"_links":{"self":[{"href":"https:\/\/dimensionturistica.com\/es\/wp-json\/wp\/v2\/posts\/121082","targetHints":{"allow":["GET"]}}],"collection":[{"href":"https:\/\/dimensionturistica.com\/es\/wp-json\/wp\/v2\/posts"}],"about":[{"href":"https:\/\/dimensionturistica.com\/es\/wp-json\/wp\/v2\/types\/post"}],"author":[{"embeddable":true,"href":"https:\/\/dimensionturistica.com\/es\/wp-json\/wp\/v2\/users\/4"}],"replies":[{"embeddable":true,"href":"https:\/\/dimensionturistica.com\/es\/wp-json\/wp\/v2\/comments?post=121082"}],"version-history":[{"count":0,"href":"https:\/\/dimensionturistica.com\/es\/wp-json\/wp\/v2\/posts\/121082\/revisions"}],"wp:featuredmedia":[{"embeddable":true,"href":"https:\/\/dimensionturistica.com\/es\/wp-json\/wp\/v2\/media\/121083"}],"wp:attachment":[{"href":"https:\/\/dimensionturistica.com\/es\/wp-json\/wp\/v2\/media?parent=121082"}],"wp:term":[{"taxonomy":"category","embeddable":true,"href":"https:\/\/dimensionturistica.com\/es\/wp-json\/wp\/v2\/categories?post=121082"},{"taxonomy":"post_tag","embeddable":true,"href":"https:\/\/dimensionturistica.com\/es\/wp-json\/wp\/v2\/tags?post=121082"}],"curies":[{"name":"wp","href":"https:\/\/api.w.org\/{rel}","templated":true}]}}