{"id":120973,"date":"2021-05-04T03:09:26","date_gmt":"2021-05-04T03:09:26","guid":{"rendered":"https:\/\/dimensionturistica.com\/es\/?p=120973"},"modified":"2021-05-04T03:09:26","modified_gmt":"2021-05-04T03:09:26","slug":"biden-eleva-el-tope-a-refugiados-admitidos-en-eeuu","status":"publish","type":"post","link":"https:\/\/dimensionturistica.com\/es\/biden-eleva-el-tope-a-refugiados-admitidos-en-eeuu\/","title":{"rendered":"Biden eleva el tope a refugiados admitidos en EEUU"},"content":{"rendered":"<p> <br \/>\n<\/p>\n<div>\n<p class=\"paragraph\">WASHINGTON (AP) \u2014 El presidente Joe Biden elev\u00f3 formalmente el lunes a 62.500 el m\u00e1ximo de refugiados que Estados Unidos admitir\u00e1 este a\u00f1o, semanas despu\u00e9s de enfrentar cr\u00edticas por demorarse en reemplazar el tope de 15.000 establecido por el expresidente Donald Trump, el m\u00e1s bajo que se hab\u00eda registrado.<\/p>\n<p class=\"paragraph\">Las agencias de reasentamiento de refugiados hab\u00edan esperado que Biden cuadriplicara el n\u00famero de refugiados admitidos en Estados Unidos desde el 12 de febrero, cuando se present\u00f3 una propuesta presidencial ante el Congreso en la que informaba de sus planes.<\/p>\n<p class=\"paragraph\">Pero la determinaci\u00f3n presidencial no fue firmada sino hasta el lunes. Biden dijo que primero necesitaba expandir los criterios de elegibilidad que implement\u00f3 Trump y que manten\u00edan fuera del pa\u00eds a la mayor\u00eda de los refugiados. El mandatario lo hizo el mes pasado a trav\u00e9s de una determinaci\u00f3n de emergencia. Pero tambi\u00e9n declar\u00f3 que el l\u00edmite de 15.000 establecido por Trump para este a\u00f1o \u201csigue siendo justificado por cuestiones humanitarias y en general es adecuado a los intereses nacionales\u201d, indicativo de que Biden pretend\u00eda mantenerlo.<\/p>\n<p><span data-error=\"No dfp-path found.\"\/><\/p>\n<p class=\"paragraph\">Eso le vali\u00f3 fuertes cr\u00edticas por no tomar, al menos, la medida simb\u00f3lica de autorizar que m\u00e1s refugiados ingresaran este a\u00f1o a Estados Unidos. El segundo dem\u00f3crata de mayor rango en el Senado, Dick Durbin, dijo que el limite inicial period \u201cinaceptable\u201d y la Casa Blanca corrigi\u00f3 la cifra en cuesti\u00f3n de horas. El gobierno se comprometi\u00f3 a aumentar el l\u00edmite antes del 15 de mayo, pero la Casa Blanca dijo que probablemente no alcanzar\u00eda los 62.500 que Biden hab\u00eda delineado previamente.<\/p>\n<p class=\"paragraph\">Eventualmente, Biden retom\u00f3 esa cifra.<\/p>\n<p class=\"paragraph\">El presidente dijo que recibi\u00f3 informaci\u00f3n adicional que lo llev\u00f3 a firmar la determinaci\u00f3n de emergencia que establece un l\u00edmite de 62.500.<\/p>\n<p><span data-error=\"No dfp-path found.\"\/><\/p>\n<p class=\"paragraph\">\u201cEs importante tomar esta medida hoy para disipar cualquier duda que persista en las mentes de los refugiados en todo el mundo que han sufrido tanto, y que aguardan ansiosamente iniciar sus nuevas vidas&#8221;, agreg\u00f3 el mandatario.<\/p>\n<p class=\"paragraph\">Biden dijo que el l\u00edmite de Trump \u201cno reflejaba los valores de Estados Unidos como una naci\u00f3n que da la bienvenida y respalda a los refugiados\u201d.<\/p>\n<p><span data-error=\"No dfp-path found.\"\/><\/p>\n<p class=\"paragraph\">Pero reconoci\u00f3 la \u201ctriste verdad&#8221; de que Estados Unidos no alcanzar\u00eda el tope de 62.500 para el fin del a\u00f1o fiscal en septiembre, debido a la pandemia y a las limitaciones en las capacidades del pa\u00eds para reubicar personas, limitaciones que su gobierno ha atribuido en algunos casos a las pol\u00edticas del gobierno de Trump para restringir la inmigraci\u00f3n.<\/p>\n<p class=\"paragraph\">La Casa Blanca insisti\u00f3 en que no pudo actuar hasta ahora debido a que el gobierno se vio afectado por el marcado incremento en el n\u00famero de ni\u00f1os migrantes procedentes de El Salvador, Guatemala y Honduras que se presentaron en la frontera con M\u00e9xico sin compa\u00f1\u00eda de un adulto, aunque de momento se desconoce alguna conexi\u00f3n entre la situaci\u00f3n fronteriza y la decisi\u00f3n del gobierno en materia de refugiados. Defensores de los refugiados, incluso Durbin, acusaron a Biden de politiquer\u00edas.<\/p>\n<p><span data-error=\"No dfp-path found.\"\/><\/p>\n<p class=\"paragraph\">El mandatario declar\u00f3 el lunes que era importante elevar la cifra para demostrar \u201cel compromiso de Estados Unidos con la protecci\u00f3n de los m\u00e1s vulnerables y para permanecer como un modelo de libertad y refugio para el mundo\u201d.<\/p>\n<p class=\"paragraph\">La decisi\u00f3n tambi\u00e9n allana el camino para que Biden aumente el l\u00edmite a 125.000 para el a\u00f1o fiscal 2022, que inicia en octubre.<\/p>\n<p><span data-error=\"No dfp-path found.\"\/><\/p>\n<p class=\"paragraph\">El secretario de Estado, Antony Blinken, dijo que se realizan labores para mejorar la capacidad de Estados Unidos para procesar a los refugiados y poder aceptar a la mayor cantidad que sea posible bajo el nuevo l\u00edmite. Desde el inicio del a\u00f1o fiscal el pasado 1 de octubre, se han reubicado a poco m\u00e1s de 2.000 refugiados en Estados Unidos.<\/p>\n<p class=\"paragraph\">Ya se realizan preparativos de viaje para m\u00e1s de 2.000 refugiados que quedaron excluidos por la determinaci\u00f3n presidencial de Trump el 27 de octubre de 2020.<\/p>\n<p><span data-error=\"No dfp-path found.\"\/><\/p>\n<p class=\"paragraph\">Las agencias de reasentamiento de refugiados aplaudieron la decisi\u00f3n de Biden.<\/p>\n<p class=\"paragraph\">\u201cEstamos profundamente emocionados y aliviados por todas esas familias de refugiados en todo el mundo que voltean hacia Estados Unidos en busca de protecci\u00f3n\u201d, dijo Krish O&#8217;Mara Vignarajah, directora de Lutheran Immigration and Refugee Service, una de las nueve agencias de reasentamiento en el pa\u00eds. \u201cHa sido una monta\u00f1a rusa, pero este es un paso fundamental para la reconstrucci\u00f3n del programa y para regresar a Estados Unidos a su papel de liderazgo humanitario a nivel mundial\u201d.<\/p>\n<p class=\"paragraph\">Biden tambi\u00e9n a\u00f1adi\u00f3 m\u00e1s espacios para refugiados procedentes de \u00c1frica, Medio Oriente y Centroam\u00e9rica y puso fin a las restricciones por parte del gobierno de Trump a los procedentes de Somalia, Siria y Yemen.<\/p>\n<p class=\"paragraph\">Unos 35.000 refugiados ya recibieron el visto bueno para viajar a Estados Unidos, y 100.000 siguen en espera. Las agencias de reubicaci\u00f3n, que cerraron m\u00e1s de 100 oficinas durante el gobierno de Trump, aseguraron que se necesitaba elevar el l\u00edmite para canalizar recursos.<\/p>\n<p class=\"paragraph\">\u201cLa capacidad se reconstruye estableciendo compromisos ambiciosos que indiquen a los participantes nacionales e internacionales que el liderazgo estadounidense est\u00e1 de regreso\u201d, dijo Nazanin Ash, de Worldwide Rescue Committee.<\/p>\n<p class=\"paragraph\">____<\/p>\n<p class=\"paragraph\">Watson report\u00f3 desde San Diego.<\/p>\n<\/div>\n<p><script defer=\"\">!function(f,b,e,v,n,t,s) {if(f.fbq)return;n=f.fbq=function(){n.callMethod? n.callMethod.apply(n,arguments):n.queue.push(arguments)}; if(!f._fbq)f._fbq=n;n.push=n;n.loaded=!0;n.version='2.0'; n.queue=[];t=b.createElement(e);t.async=!0; t.src=v;s=b.getElementsByTagName(e)[0]; s.parentNode.insertBefore(t,s)}(window, document,'script', 'https:\/\/connect.facebook.net\/en_US\/fbevents.js'); fbq('init', '336383993555320'); fbq('track', 'PageView'); fbq('track', 'ViewContent');<\/script><br \/>\n<br \/><\/p>\n<p><em> &#8221; Fuentes www.infobae.com &#8221; <\/em><\/p>\n","protected":false},"excerpt":{"rendered":"<p>WASHINGTON (AP) \u2014 El presidente Joe Biden elev\u00f3 formalmente el lunes a 62.500 el m\u00e1ximo de refugiados que Estados Unidos admitir\u00e1 este a\u00f1o, semanas despu\u00e9s de enfrentar cr\u00edticas por demorarse en reemplazar el tope de 15.000 establecido por el expresidente Donald Trump, el m\u00e1s bajo que se hab\u00eda registrado. Las agencias de reasentamiento de refugiados [&hellip;]<\/p>\n","protected":false},"author":4,"featured_media":120974,"comment_status":"open","ping_status":"closed","sticky":false,"template":"","format":"standard","meta":{"om_disable_all_campaigns":false,"jnews-multi-image_gallery":[],"jnews_single_post":[],"jnews_primary_category":[],"jnews_social_meta":[],"footnotes":""},"categories":[40],"tags":[],"class_list":["post-120973","post","type-post","status-publish","format-standard","has-post-thumbnail","hentry","category-industria"],"_links":{"self":[{"href":"https:\/\/dimensionturistica.com\/es\/wp-json\/wp\/v2\/posts\/120973","targetHints":{"allow":["GET"]}}],"collection":[{"href":"https:\/\/dimensionturistica.com\/es\/wp-json\/wp\/v2\/posts"}],"about":[{"href":"https:\/\/dimensionturistica.com\/es\/wp-json\/wp\/v2\/types\/post"}],"author":[{"embeddable":true,"href":"https:\/\/dimensionturistica.com\/es\/wp-json\/wp\/v2\/users\/4"}],"replies":[{"embeddable":true,"href":"https:\/\/dimensionturistica.com\/es\/wp-json\/wp\/v2\/comments?post=120973"}],"version-history":[{"count":0,"href":"https:\/\/dimensionturistica.com\/es\/wp-json\/wp\/v2\/posts\/120973\/revisions"}],"wp:featuredmedia":[{"embeddable":true,"href":"https:\/\/dimensionturistica.com\/es\/wp-json\/wp\/v2\/media\/120974"}],"wp:attachment":[{"href":"https:\/\/dimensionturistica.com\/es\/wp-json\/wp\/v2\/media?parent=120973"}],"wp:term":[{"taxonomy":"category","embeddable":true,"href":"https:\/\/dimensionturistica.com\/es\/wp-json\/wp\/v2\/categories?post=120973"},{"taxonomy":"post_tag","embeddable":true,"href":"https:\/\/dimensionturistica.com\/es\/wp-json\/wp\/v2\/tags?post=120973"}],"curies":[{"name":"wp","href":"https:\/\/api.w.org\/{rel}","templated":true}]}}