{"id":120964,"date":"2021-05-04T02:26:51","date_gmt":"2021-05-04T02:26:51","guid":{"rendered":"https:\/\/dimensionturistica.com\/es\/?p=120964"},"modified":"2021-05-04T02:26:51","modified_gmt":"2021-05-04T02:26:51","slug":"cata-fortalece-la-presencia-de-la-industria-turistica-en-el-ecosistema-digital","status":"publish","type":"post","link":"https:\/\/dimensionturistica.com\/es\/cata-fortalece-la-presencia-de-la-industria-turistica-en-el-ecosistema-digital\/","title":{"rendered":"CATA fortalece la presencia de la industria tur\u00edstica en el ecosistema digital"},"content":{"rendered":"<p> <br \/>\n<\/p>\n<div>\n<p class=\"text-align-justify\"><span><span><span><span><span><span><img decoding=\"async\" alt=\"\" class=\"img-responsive\" height=\"640\" src=\"https:\/\/www.expreso.info\/files\/2021-04\/CATA_Recuperacion.jpg\" width=\"1152\"\/>La Agencia de Promoci\u00f3n de Centroam\u00e9rica, CATA, avanza hacia la recuperaci\u00f3n de la industria merced a la difusi\u00f3n de conocimiento y robustecimiento de las capacidades de planificaci\u00f3n ante los desaf\u00edos que presenta la etapa de reactivaci\u00f3n.<\/span><\/span><\/span><\/span><\/span><\/span><\/p>\n<p class=\"text-align-justify\"><span><span><span><span><span><span>En ese sentido, CATA ejecutar\u00e1 una serie de talleres para fortalecer la presencia de la industria tur\u00edstica de Centroam\u00e9rica en el ecosistema digital a trav\u00e9s del know-how y una visi\u00f3n de entendimiento normal de las herramientas de advertising and marketing digital que ayudar\u00e1n a su negocio a mejorar su alcance en la crimson.<\/span><\/span><\/span><\/span><\/span><\/span><\/p>\n<p class=\"text-align-justify\"><span><span><span><span><span><span>La actividad se desarrolla los d\u00edas 21-22 de abril, en un encuentro en el que participan m\u00e1s de 250 empresas, as\u00ed como representantes de las Administraciones Nacionales de Turismo de Belice, Guatemala, Honduras y Nicaragua en el marco de la estrategia de promoci\u00f3n tur\u00edstica, dirigida al mercado de Estados Unidos, en la que participan en conjunto los cuatro pa\u00edses.<\/span><\/span><\/span><\/span><\/span><\/span><\/p>\n<p class=\"text-align-justify\"><span><span><span><span><span><span>La <a rel=\"nofollow noopener\" target=\"_blank\" href=\"https:\/\/secretcentralamerica.com\/\">iniciativa <\/a>se centra en el aprendizaje de <em>Google My Enterprise<\/em>, con el cual se espera que las empresas sepan configurar, verificar y administrar su perfil comercial en la plataforma Google mediante la herramienta gratuita. <\/span><\/span><\/span><\/span><\/span><\/span><\/p>\n<p class=\"text-align-justify\"><span><span><span><span><span><span>Asimismo, en el taller los participantes aprender\u00e1n c\u00f3mo crear o solicitar y maximizar su perfil comercial en Tripadvisor, mientras aprovechan las herramientas gratuitas que ofrece esta plataforma para administrar su reputaci\u00f3n on-line.<\/span><\/span><\/span><\/span><\/span><\/span><\/p>\n<p class=\"text-align-justify\"><span><span><span><span><span><span>Con este esfuerzo, CATA busca potenciar el desarrollo del capital humano y promover la transformaci\u00f3n digital acelerada para garantizar la adaptabilidad del sector turismo, y con ello enfocarse en nuevas pr\u00e1cticas hacia la recuperaci\u00f3n del turismo en la regi\u00f3n.<\/span><\/span><\/span><\/span><\/span><\/span><\/p>\n<p class=\"text-align-justify\"><span><span><span><span><span><span>La coordinaci\u00f3n del evento est\u00e1 a cargo de la empresa MDM Digital. La jornada de talleres es desarrollada como parte del proyecto \u2018Fortalecimiento de la Integraci\u00f3n y Promoci\u00f3n Tur\u00edstica Centroamericana\u2019, a trav\u00e9s del apoyo de la Rep\u00fablica de China -Taiw\u00e1n.<\/span><\/span><\/span><\/span><\/span><\/span><\/p>\n<p class=\"text-align-justify\"><span><span><span><em><span><span><span>Expreso. Redacci\u00f3n. A.F<\/span><\/span><\/span><\/em><\/span><\/span><\/span><\/p>\n<\/div>\n\n<p><em> &#8221; Fuentes www.expreso.info &#8221; <\/em><\/p>\n","protected":false},"excerpt":{"rendered":"<p>La Agencia de Promoci\u00f3n de Centroam\u00e9rica, CATA, avanza hacia la recuperaci\u00f3n de la industria merced a la difusi\u00f3n de conocimiento y robustecimiento de las capacidades de planificaci\u00f3n ante los desaf\u00edos que presenta la etapa de reactivaci\u00f3n. En ese sentido, CATA ejecutar\u00e1 una serie de talleres para fortalecer la presencia de la industria tur\u00edstica de Centroam\u00e9rica [&hellip;]<\/p>\n","protected":false},"author":4,"featured_media":120965,"comment_status":"open","ping_status":"closed","sticky":false,"template":"","format":"standard","meta":{"om_disable_all_campaigns":false,"jnews-multi-image_gallery":[],"jnews_single_post":[],"jnews_primary_category":[],"jnews_social_meta":[],"footnotes":""},"categories":[40],"tags":[],"class_list":["post-120964","post","type-post","status-publish","format-standard","has-post-thumbnail","hentry","category-industria"],"_links":{"self":[{"href":"https:\/\/dimensionturistica.com\/es\/wp-json\/wp\/v2\/posts\/120964","targetHints":{"allow":["GET"]}}],"collection":[{"href":"https:\/\/dimensionturistica.com\/es\/wp-json\/wp\/v2\/posts"}],"about":[{"href":"https:\/\/dimensionturistica.com\/es\/wp-json\/wp\/v2\/types\/post"}],"author":[{"embeddable":true,"href":"https:\/\/dimensionturistica.com\/es\/wp-json\/wp\/v2\/users\/4"}],"replies":[{"embeddable":true,"href":"https:\/\/dimensionturistica.com\/es\/wp-json\/wp\/v2\/comments?post=120964"}],"version-history":[{"count":0,"href":"https:\/\/dimensionturistica.com\/es\/wp-json\/wp\/v2\/posts\/120964\/revisions"}],"wp:featuredmedia":[{"embeddable":true,"href":"https:\/\/dimensionturistica.com\/es\/wp-json\/wp\/v2\/media\/120965"}],"wp:attachment":[{"href":"https:\/\/dimensionturistica.com\/es\/wp-json\/wp\/v2\/media?parent=120964"}],"wp:term":[{"taxonomy":"category","embeddable":true,"href":"https:\/\/dimensionturistica.com\/es\/wp-json\/wp\/v2\/categories?post=120964"},{"taxonomy":"post_tag","embeddable":true,"href":"https:\/\/dimensionturistica.com\/es\/wp-json\/wp\/v2\/tags?post=120964"}],"curies":[{"name":"wp","href":"https:\/\/api.w.org\/{rel}","templated":true}]}}