{"id":120867,"date":"2021-05-03T22:32:38","date_gmt":"2021-05-03T22:32:38","guid":{"rendered":"https:\/\/dimensionturistica.com\/es\/?p=120867"},"modified":"2021-05-03T22:32:38","modified_gmt":"2021-05-03T22:32:38","slug":"tras-encierro-repunta-ecoturismo-en-orizaba","status":"publish","type":"post","link":"https:\/\/dimensionturistica.com\/es\/tras-encierro-repunta-ecoturismo-en-orizaba\/","title":{"rendered":"Tras encierro, repunta ecoturismo en Orizaba"},"content":{"rendered":"<p> <br \/>\n<\/p>\n<div id=\"contenido\">\n<p>Debido a que la pandemia ha obligado a las personas a permanecer en sus casas, cuando tienen oportunidad buscan disfrutar del contacto con la <strong><strong>naturaleza<\/strong><\/strong>, por lo que el <strong><strong>ecoturismo<\/strong><\/strong> y el <strong><strong>turismo<\/strong><\/strong> de aventura repuntaron, indic\u00f3 <strong>Miguel \u00c1ngel Ram\u00edrez L\u00f3pez<\/strong>, presidente de la Asociaci\u00f3n de Agencias de Viaje de <strong><strong>Orizaba<\/strong><\/strong> y las Altas Monta\u00f1as.\u00a0 <\/p>\n<p>&#8220;Toda esta temporada post pandemia lo que pudimos observar en la gente es que quiere contacto con la <strong><strong>naturaleza<\/strong><\/strong>. Si bien en el reciente periodo vacacional mucha gente busc\u00f3 las playas, otros m\u00e1s buscaron el contacto con la <strong><strong>naturaleza<\/strong><\/strong>, hacer senderismo, por ejemplo&#8221;, mencion\u00f3.<\/p>\n<p>Ram\u00edrez L\u00f3pez se\u00f1al\u00f3 que tambi\u00e9n hubo mucha demanda para el volc\u00e1n Pico de <strong><strong>Orizaba<\/strong><\/strong>, por lo que el <strong><strong>ecoturismo<\/strong><\/strong> y el <strong><strong>turismo<\/strong><\/strong> de aventura repuntaron.<\/p>\n<p>Remarc\u00f3 que en la zona hay muchos municipios que ofrecen esa posibilidad, por ejemplo R\u00edo Blanco, Huiloapan, Zongolica, donde se puede hacer senderismo, escalada en roca, espeleolog\u00eda y descenso a s\u00f3tanos.<\/p>\n<p>Mencion\u00f3 que muchos usaron a <strong><strong>Orizaba<\/strong><\/strong> como <strong><strong><strong>turismo<\/strong><\/strong> ancla<\/strong> y se le ofrecieron las opciones que hay en la zona, con lo que hubo personas que ya no solo pasaron un d\u00eda y se fueron, sino que permanecieron dos o tres noches.<\/p>\n<p>Record\u00f3 que ese period el clamor de todos los prestadores de servicio y ya se est\u00e1 logrando gracias a que hay m\u00e1s productos qu\u00e9 ofrecer.<\/p>\n<p>&#8220;Debo decir con mucho gusto que tenemos ya empresas de M\u00e9xico, operadores mayoristas que est\u00e1n trayendo paseantes a <strong><strong>Orizaba<\/strong><\/strong> y C\u00f3rdoba, pero el que ya aparezcamos con esos grandes operadores est\u00e1 siendo muy ben\u00e9fico&#8221;, apunt\u00f3.<\/p>\n<\/div>\n\n<p><em> &#8221; Fuentes imagendelgolfo.mx &#8221; <\/em><\/p>\n","protected":false},"excerpt":{"rendered":"<p>Debido a que la pandemia ha obligado a las personas a permanecer en sus casas, cuando tienen oportunidad buscan disfrutar del contacto con la naturaleza, por lo que el ecoturismo y el turismo de aventura repuntaron, indic\u00f3 Miguel \u00c1ngel Ram\u00edrez L\u00f3pez, presidente de la Asociaci\u00f3n de Agencias de Viaje de Orizaba y las Altas Monta\u00f1as.\u00a0 [&hellip;]<\/p>\n","protected":false},"author":4,"featured_media":120868,"comment_status":"open","ping_status":"closed","sticky":false,"template":"","format":"standard","meta":{"om_disable_all_campaigns":false,"jnews-multi-image_gallery":[],"jnews_single_post":[],"jnews_primary_category":[],"jnews_social_meta":[],"footnotes":""},"categories":[40],"tags":[],"class_list":["post-120867","post","type-post","status-publish","format-standard","has-post-thumbnail","hentry","category-industria"],"_links":{"self":[{"href":"https:\/\/dimensionturistica.com\/es\/wp-json\/wp\/v2\/posts\/120867","targetHints":{"allow":["GET"]}}],"collection":[{"href":"https:\/\/dimensionturistica.com\/es\/wp-json\/wp\/v2\/posts"}],"about":[{"href":"https:\/\/dimensionturistica.com\/es\/wp-json\/wp\/v2\/types\/post"}],"author":[{"embeddable":true,"href":"https:\/\/dimensionturistica.com\/es\/wp-json\/wp\/v2\/users\/4"}],"replies":[{"embeddable":true,"href":"https:\/\/dimensionturistica.com\/es\/wp-json\/wp\/v2\/comments?post=120867"}],"version-history":[{"count":0,"href":"https:\/\/dimensionturistica.com\/es\/wp-json\/wp\/v2\/posts\/120867\/revisions"}],"wp:featuredmedia":[{"embeddable":true,"href":"https:\/\/dimensionturistica.com\/es\/wp-json\/wp\/v2\/media\/120868"}],"wp:attachment":[{"href":"https:\/\/dimensionturistica.com\/es\/wp-json\/wp\/v2\/media?parent=120867"}],"wp:term":[{"taxonomy":"category","embeddable":true,"href":"https:\/\/dimensionturistica.com\/es\/wp-json\/wp\/v2\/categories?post=120867"},{"taxonomy":"post_tag","embeddable":true,"href":"https:\/\/dimensionturistica.com\/es\/wp-json\/wp\/v2\/tags?post=120867"}],"curies":[{"name":"wp","href":"https:\/\/api.w.org\/{rel}","templated":true}]}}