{"id":120859,"date":"2021-05-03T22:22:32","date_gmt":"2021-05-03T22:22:32","guid":{"rendered":"https:\/\/dimensionturistica.com\/es\/?p=120859"},"modified":"2021-05-03T22:22:32","modified_gmt":"2021-05-03T22:22:32","slug":"la-ciudad-de-buenos-aires-se-promociona-ante-operadores-y-agentes-de-viaje-de-neuquen","status":"publish","type":"post","link":"https:\/\/dimensionturistica.com\/es\/la-ciudad-de-buenos-aires-se-promociona-ante-operadores-y-agentes-de-viaje-de-neuquen\/","title":{"rendered":"La Ciudad de Buenos Aires se promociona ante operadores y agentes de viaje de Neuqu\u00e9n"},"content":{"rendered":"<p> <br \/>\n<\/p>\n<div>\n<p>\t\t\t\t\t\t\t\t\t<noscript><a rel=\"nofollow noopener\" target=\"_blank\" href=\"https:\/\/ads.e-planning.net\/ei\/3\/4d3e\/Notas\/Notas_AB1?it=i&amp;rnd=$RANDOM\"><img decoding=\"async\" width=\"300\" height=\"250\" alt=\"e-planning.net ad\" src=\"https:\/\/ads.e-planning.net\/eb\/3\/4d3e\/Notas\/Notas_AB1?o=i&amp;rnd=$RANDOM\" border=\"0\"\/><\/a><\/noscript>    <\/p>\n<p>La Ciudad de Buenos Aires<strong> realizar\u00e1 este jueves un webinar para operadores y agentes de viajes de Neuqu\u00e9n<\/strong>, como parte de las actividades de promoci\u00f3n tur\u00edstica en todo el pa\u00eds que comenz\u00f3 el pasado 29 de abril con Santa Fe con m\u00e1s de 50 participantes. Continuar\u00e1 con diferentes ciudades y destinos tur\u00edsticos nacionales, inform\u00f3 el Ente de Turismo porte\u00f1o.<\/p>\n<p>\u201cEstamos muy contentos con esta iniciativa ya que queremos seguir impulsando esta industria que es <strong>una gran generadora de puestos de trabajo<\/strong> y pilar de la econom\u00eda de todo el pa\u00eds&#8221;, dijo el director de Promoci\u00f3n Tur\u00edstica del Ente de Turismo de la Ciudad,<strong> Diego Guti\u00e9rrez<\/strong>.<\/p>\n<div class=\"wp-block-lazyblock-leer-mas lazyblock-leer-mas-2oNMWR\">\n<article class=\"news news--summary news--55-81\">\n<figure class=\"news__media\">\n\t\t\t\t\t<a rel=\"nofollow noopener\" target=\"_blank\" href=\"https:\/\/www.rionegro.com.ar\/48-horas-en-buenos-aires-vermut-caminatas-y-good-show-1701998\/\" title=\"48 horas en Buenos Aires: vermut, caminatas y good show\"><br \/>\n\t\t\t\t\t\t<img decoding=\"async\" loading=\"lazy\" src=\"https:\/\/www.rionegro.com.ar\/wp-content\/uploads\/2021\/02\/Aniversario_LaFuerza_024.jpg?w=650&amp;h=350\" width=\"215\" height=\"120\" alt=\"\"\/><br \/>\n\t\t\t\t\t<\/a><br \/>\n\t\t\t\t<\/figure>\n<\/article>\n<\/div>\n<p>Los webinars &#8220;Destino Ciudad de Buenos Aires&#8221;, que se centran en operadores y agentes de viaje de todo el pa\u00eds y buscan promocionar a la Ciudad como destino tur\u00edstico <strong>preparado, confiable y seguro<\/strong>, se desarrollar\u00e1n durante los meses de mayo, junio y julio,<\/p>\n<p>De acuerdo a lo informado por el organismo native, en los encuentros se profundizar\u00e1 acerca de los<strong> requisitos sanitarios <\/strong>para visitar la Ciudad, la reconversi\u00f3n del espacio p\u00fablico, la gastronom\u00eda, y el intercambio de herramientas con c\u00e1maras y asociaciones tur\u00edsticas locales.<\/p>\n<figure class=\"wp-block-image size-large\"><img decoding=\"async\" loading=\"lazy\" width=\"5305\" height=\"3537\" src=\"https:\/\/www.rionegro.com.ar\/wp-content\/uploads\/2021\/05\/9.-RECITAL-VIC-BERNARDI-TERRAZA-GENTILEZA-CENTRO-CULTURAL-RECOLETA1.jpg\" alt=\"\" class=\"wp-image-1798128\"\/><figcaption>El Centro Cultural Recoleta y sus espect\u00e1culos que la pandemia no detuvo.<\/figcaption><\/figure>\n<p>A su vez, se presentar\u00e1n actividades como <strong>Turismo en Barrios<\/strong>,<strong> recorridos en bicicleta, la oferta cultural porte\u00f1a<\/strong> y las diferentes actividades que se pueden realizar de acuerdo al perfil del pasajero.<\/p>\n<p>En la primera etapa, los webiners se desarrollaran para Neuqu\u00e9n<\/p>\n<p>(6\/5); Jujuy (18\/5); y Buenos Aires (20\/5); mientras que en una segunda etapa se realizar\u00e1n para Mendoza (3\/6); Corrientes (10\/6); Chubut (17\/6); y C\u00f3rdoba (24\/6); y habr\u00e1 una tercera etapa en julio.<\/p>\n<p>Al last de cada etapa se realizar\u00e1 un sorteo entre aquellos que participen en cada webinar, para visitar la Ciudad de Buenos Aires con todo incluido<\/p>\n<p>Los interesados pueden realizar una inscripci\u00f3n previa en el siguiente hyperlink: Inscripci\u00f3n previa en <a rel=\"nofollow noopener\" target=\"_blank\" href=\"https:\/\/webinardestinoba.eventbrite.com.ar\/\">https:\/\/webinardestinoba.eventbrite.com.ar\/<\/a> .<\/p>\n<div class=\"wp-block-lazyblock-leer-mas lazyblock-leer-mas-Z28Dncb\">\n<article class=\"news news--summary news--55-81\">\n<figure class=\"news__media\">\n\t\t\t\t\t<a rel=\"nofollow noopener\" target=\"_blank\" href=\"https:\/\/www.rionegro.com.ar\/conoce-villa-crespo-un-barrio-oculto-en-buenos-aires-1192582\/\" title=\"Conoc\u00e9 Villa Crespo, un barrio oculto en Buenos Aires\"><br \/>\n\t\t\t\t\t\t<img decoding=\"async\" loading=\"lazy\" src=\"https:\/\/www.rionegro.com.ar\/wp-content\/uploads\/2019\/12\/Imagen-0-IM_2015_090_0183.jpg?w=650&amp;h=350\" width=\"215\" height=\"120\" alt=\"\"\/><br \/>\n\t\t\t\t\t<\/a><br \/>\n\t\t\t\t<\/figure>\n<\/article>\n<\/div>\n<p>\t\t\t\t\t\t\t\t\t<br class=\"clear\"\/><\/p>\n<p>\t\t\t\t\t\t\t<!--\n\n<div id=\"suscribe_widget\"><\/div>\n\n --><\/p>\n<div class=\"modulo-news-nota-inferior\">\n<p><b>SUSCRIBITE A NOTICIAS DIARIAS <\/b><br \/>Todos los d\u00edas un correo con las noticias m\u00e1s importantes del d\u00eda.<\/p>\n<p>\t\t<iframe loading=\"lazy\" width=\"100%\" height=\"130\" src=\"https:\/\/especiales-rionegro.s3.amazonaws.com\/news\/form-landing-noticias-diarias.html\" frameborder=\"0\" scrolling=\"no\" allowfullscreen=\"\"><\/iframe>\n\t\t\t<\/div><\/div>\n<p><script type=\"text\/javascript\">\n\t\t\t(function(d, s, id) {var js, fjs = d.getElementsByTagName(s)[0];if (d.getElementById(id)) return;js = d.createElement(s); js.id = id;js.src=\"https:\/\/connect.facebook.net\/es_ES\/sdk.js#xfbml=1&version=v3.0&appId=1410314005864209&autoLogAppEvents=1\";fjs.parentNode.insertBefore(js, fjs);}(document, 'script', 'facebook-jssdk'));\n\t\t<\/script><br \/>\n<br \/><\/p>\n<p><em> &#8221; Fuentes www.rionegro.com.ar &#8221; <\/em><\/p>\n","protected":false},"excerpt":{"rendered":"<p>La Ciudad de Buenos Aires realizar\u00e1 este jueves un webinar para operadores y agentes de viajes de Neuqu\u00e9n, como parte de las actividades de promoci\u00f3n tur\u00edstica en todo el pa\u00eds que comenz\u00f3 el pasado 29 de abril con Santa Fe con m\u00e1s de 50 participantes. Continuar\u00e1 con diferentes ciudades y destinos tur\u00edsticos nacionales, inform\u00f3 el [&hellip;]<\/p>\n","protected":false},"author":4,"featured_media":120860,"comment_status":"open","ping_status":"closed","sticky":false,"template":"","format":"standard","meta":{"om_disable_all_campaigns":false,"jnews-multi-image_gallery":[],"jnews_single_post":[],"jnews_primary_category":[],"jnews_social_meta":[],"footnotes":""},"categories":[40],"tags":[],"class_list":["post-120859","post","type-post","status-publish","format-standard","has-post-thumbnail","hentry","category-industria"],"_links":{"self":[{"href":"https:\/\/dimensionturistica.com\/es\/wp-json\/wp\/v2\/posts\/120859","targetHints":{"allow":["GET"]}}],"collection":[{"href":"https:\/\/dimensionturistica.com\/es\/wp-json\/wp\/v2\/posts"}],"about":[{"href":"https:\/\/dimensionturistica.com\/es\/wp-json\/wp\/v2\/types\/post"}],"author":[{"embeddable":true,"href":"https:\/\/dimensionturistica.com\/es\/wp-json\/wp\/v2\/users\/4"}],"replies":[{"embeddable":true,"href":"https:\/\/dimensionturistica.com\/es\/wp-json\/wp\/v2\/comments?post=120859"}],"version-history":[{"count":0,"href":"https:\/\/dimensionturistica.com\/es\/wp-json\/wp\/v2\/posts\/120859\/revisions"}],"wp:featuredmedia":[{"embeddable":true,"href":"https:\/\/dimensionturistica.com\/es\/wp-json\/wp\/v2\/media\/120860"}],"wp:attachment":[{"href":"https:\/\/dimensionturistica.com\/es\/wp-json\/wp\/v2\/media?parent=120859"}],"wp:term":[{"taxonomy":"category","embeddable":true,"href":"https:\/\/dimensionturistica.com\/es\/wp-json\/wp\/v2\/categories?post=120859"},{"taxonomy":"post_tag","embeddable":true,"href":"https:\/\/dimensionturistica.com\/es\/wp-json\/wp\/v2\/tags?post=120859"}],"curies":[{"name":"wp","href":"https:\/\/api.w.org\/{rel}","templated":true}]}}