{"id":1208124,"date":"2026-09-06T21:26:25","date_gmt":"2026-09-06T21:26:25","guid":{"rendered":"https:\/\/dimensionturistica.com\/es\/?p=1208124"},"modified":"2026-09-06T21:26:25","modified_gmt":"2026-09-06T21:26:25","slug":"jennifer-lawrence-presenta-su-nuevo-corte-de-flecos-en-forma-de-mariposa-para-la-temporada-otonal","status":"publish","type":"post","link":"https:\/\/dimensionturistica.com\/es\/jennifer-lawrence-presenta-su-nuevo-corte-de-flecos-en-forma-de-mariposa-para-la-temporada-otonal\/","title":{"rendered":"Jennifer Lawrence Presenta su Nuevo Corte de Flecos en Forma de Mariposa para la Temporada Oto\u00f1al"},"content":{"rendered":"<p><strong>La Nueva Tendencia de Oto\u00f1o: Las Butterfly Bangs de Jennifer Lawrence<\/strong><\/p>\n<p>Este oto\u00f1o, el mundo de la moda y la belleza se encuentra en un momento de transformaci\u00f3n emocionante, gracias a una de las figuras m\u00e1s influyentes de Hollywood: Jennifer Lawrence. La actriz ha dejado a todos boquiabiertos al presentar su nueva y audaz elecci\u00f3n de peinado: las infamous &#8220;butterfly bangs&#8221; o &#8220;flequillos mariposa&#8221;. Este corte, fresco y juvenil, evoca un aire de despreocupaci\u00f3n y estilo que promete ser un must para la temporada.<\/p>\n<p>Las &#8220;butterfly bangs&#8221; son un tipo de flequillo que se caracteriza por su corte en capas, creando un efecto que enmarca el rostro de una manera \u00fanica y favorecedora. Este estilo, que recuerda los looks de los a\u00f1os 70 y 90, obtiene su nombre gracias a la forma que toman las capas, similar a las alas de una mariposa. Con su mezcla de elegancia y audacia, este peinado se adapta a diversas formas de cara y texturas de cabello, lo que lo convierte en la opci\u00f3n ideal para quienes buscan refrescar su imagen.<\/p>\n<p>Algunos de los estilos m\u00e1s ic\u00f3nicos que han allanado el camino para este regreso son los de celebridades que han marcado \u00e9pocas, y Lawrence no es la excepci\u00f3n. Su interpretaci\u00f3n de las &#8220;butterfly bangs&#8221; se suma a la lista de tendencias que han dado un giro moderno a cortes cl\u00e1sicos. La elecci\u00f3n de este flequillo es perfecta para aquellos que desean un cambio sin comprometerse a un estilo demasiado radical.<\/p>\n<p>Este revuelo en el peinado no solo destaca por su atractivo visual. Tambi\u00e9n, refleja una evoluci\u00f3n en la percepci\u00f3n de la belleza y la moda donde se ha valorizado la autenticidad y el juego con diferentes estilos. En un mundo donde las redes sociales ofrecen una vitrina constante para las tendencias, los flequillos mariposa han cobrado impulso gracias a su versatilidad y la capacidad de adaptarse a distintas personalidades.<\/p>\n<p>A medida que la temporada avanza, las redes sociales se llenan de im\u00e1genes y tutoriales que muestran c\u00f3mo lograr este espectacular estilo. Desde las m\u00e1s sutiles versiones hasta las m\u00e1s dram\u00e1ticas, las &#8220;butterfly bangs&#8221; se posicionan como la declaraci\u00f3n de moda del momento. Los estilistas aclamados ya han empezado a llenar sus agendas con solicitudes para este look, que r\u00e1pidamente se ha convertido en un fen\u00f3meno viral. <\/p>\n<p>Adem\u00e1s, este estilo no solo se limita a un tipo de cabello. Ya sea liso, rizado o incluso entexturado, las &#8220;butterfly bangs&#8221; pueden ser adaptadas para un acabado visualmente impactante. La clave est\u00e1 en la personalizaci\u00f3n: cada quien puede experimentar con la profundidad y el volumen, creando un look \u00fanico que resalte las mejores caracter\u00edsticas de cada persona.<\/p>\n<p>La aparici\u00f3n de Jennifer Lawrence con estas nuevas &#8220;butterfly bangs&#8221; es solo la punta del iceberg de una tendencia que est\u00e1 destinada a volverse omnipresente en el mundo del estilo. Los cambios en la presentaci\u00f3n est\u00e9tica de las celebridades a menudo marcan pautas para el p\u00fablico, que sigue de cerca cada move de sus \u00edconos favoritos. Sin duda, este look promete ser un tema candente en las conversaciones de moda y un motivo para que muchos se animen a darle un giro a su rutina de belleza.<\/p>\n<p>El oto\u00f1o ha llegado, y con \u00e9l, la oportunidad perfecta para experimentar, reinventarse y hacer una declaraci\u00f3n de moda. Las &#8220;butterfly bangs&#8221; se perfilan como la elecci\u00f3n ideal para aquellos que desean entrar en la temporada con frescura y estilo. La historia del cabello est\u00e1 en constante evoluci\u00f3n, y esta nueva tendencia es una prueba m\u00e1s de la creatividad y la audacia que caracterizan al mundo de la moda.<\/p>\n<p><em> &#8221; Fuentes www.vogue.com &#8221; <\/em><\/p>\n","protected":false},"excerpt":{"rendered":"<p>La Nueva Tendencia de Oto\u00f1o: Las Butterfly Bangs de Jennifer Lawrence Este oto\u00f1o, el mundo de la moda y la belleza se encuentra en un momento de transformaci\u00f3n emocionante, gracias a una de las figuras m\u00e1s influyentes de Hollywood: Jennifer Lawrence. La actriz ha dejado a todos boquiabiertos al presentar su nueva y audaz elecci\u00f3n [&hellip;]<\/p>\n","protected":false},"author":14,"featured_media":1208125,"comment_status":"open","ping_status":"closed","sticky":false,"template":"","format":"standard","meta":{"om_disable_all_campaigns":false,"jnews-multi-image_gallery":[],"jnews_single_post":[],"jnews_primary_category":[],"jnews_social_meta":[],"footnotes":""},"categories":[144872],"tags":[72867,297137,198487,77617,166,212559,200437,89127,176071],"class_list":["post-1208124","post","type-post","status-publish","format-standard","has-post-thumbnail","hentry","category-fashion","tag-beauty","tag-butterfly-bangs","tag-celebrity-style","tag-fall","tag-fashion","tag-hair-makeover","tag-hair-trends","tag-haircuts","tag-jennifer-lawrence"],"_links":{"self":[{"href":"https:\/\/dimensionturistica.com\/es\/wp-json\/wp\/v2\/posts\/1208124","targetHints":{"allow":["GET"]}}],"collection":[{"href":"https:\/\/dimensionturistica.com\/es\/wp-json\/wp\/v2\/posts"}],"about":[{"href":"https:\/\/dimensionturistica.com\/es\/wp-json\/wp\/v2\/types\/post"}],"author":[{"embeddable":true,"href":"https:\/\/dimensionturistica.com\/es\/wp-json\/wp\/v2\/users\/14"}],"replies":[{"embeddable":true,"href":"https:\/\/dimensionturistica.com\/es\/wp-json\/wp\/v2\/comments?post=1208124"}],"version-history":[{"count":1,"href":"https:\/\/dimensionturistica.com\/es\/wp-json\/wp\/v2\/posts\/1208124\/revisions"}],"predecessor-version":[{"id":1208126,"href":"https:\/\/dimensionturistica.com\/es\/wp-json\/wp\/v2\/posts\/1208124\/revisions\/1208126"}],"wp:featuredmedia":[{"embeddable":true,"href":"https:\/\/dimensionturistica.com\/es\/wp-json\/wp\/v2\/media\/1208125"}],"wp:attachment":[{"href":"https:\/\/dimensionturistica.com\/es\/wp-json\/wp\/v2\/media?parent=1208124"}],"wp:term":[{"taxonomy":"category","embeddable":true,"href":"https:\/\/dimensionturistica.com\/es\/wp-json\/wp\/v2\/categories?post=1208124"},{"taxonomy":"post_tag","embeddable":true,"href":"https:\/\/dimensionturistica.com\/es\/wp-json\/wp\/v2\/tags?post=1208124"}],"curies":[{"name":"wp","href":"https:\/\/api.w.org\/{rel}","templated":true}]}}