{"id":1208094,"date":"2026-09-06T19:19:30","date_gmt":"2026-09-06T19:19:30","guid":{"rendered":"https:\/\/dimensionturistica.com\/es\/?p=1208094"},"modified":"2026-09-06T19:19:30","modified_gmt":"2026-09-06T19:19:30","slug":"el-festival-cultural-cafe-y-chocolate-llegaran-con-su-edicion-dia-de-muertos-el-museo-nacional-de-culturas-populares-en-coyoacan","status":"publish","type":"post","link":"https:\/\/dimensionturistica.com\/es\/el-festival-cultural-cafe-y-chocolate-llegaran-con-su-edicion-dia-de-muertos-el-museo-nacional-de-culturas-populares-en-coyoacan\/","title":{"rendered":"El Festival Cultural Caf\u00e9 y Chocolate, llegaran con su edici\u00f3n. Dia de muertos el Museo Nacional de Culturas Populares en Coyoac\u00e1n"},"content":{"rendered":"\n<p class=\"wp-block-paragraph\">El aroma del caf\u00e9, el sabor del chocolate y la riqueza de una de las costumbres m\u00e1s representativas de M\u00e9xico, se reunir\u00e1n en Coyoac\u00e1n durante el FESTIVAL CULTURAL CAF\u00c9<\/p>\n\n\n\n<p class=\"wp-block-paragraph\">Y CHOCOLATE- EDICI\u00d3N D\u00cdA DE MUERTOS, que se llevar\u00e1 a cabo los d\u00edas viernes 2, s\u00e1bado 3 y domingo 4 de octubre, de 11:00 a 19:00 horas, en el MUSEO NACIONAL DE CULTURAS POPULARES.<\/p>\n\n\n\n<figure class=\"wp-block-gallery has-nested-images columns-default is-cropped wp-block-gallery-1 is-layout-flex wp-block-gallery-is-layout-flex\">\n<figure class=\"wp-block-image size-large\"><img decoding=\"async\" width=\"500\" height=\"500\" data-id=\"1208095\" src=\"https:\/\/dimensionturistica.com\/es\/wp-content\/uploads\/2026\/09\/1PAN-1.jpg\" alt=\"\" class=\"wp-image-1208095\" srcset=\"https:\/\/dimensionturistica.com\/es\/wp-content\/uploads\/2026\/09\/1PAN-1.jpg 500w, https:\/\/dimensionturistica.com\/es\/wp-content\/uploads\/2026\/09\/1PAN-1-300x300.jpg 300w, https:\/\/dimensionturistica.com\/es\/wp-content\/uploads\/2026\/09\/1PAN-1-150x150.jpg 150w, https:\/\/dimensionturistica.com\/es\/wp-content\/uploads\/2026\/09\/1PAN-1-75x75.jpg 75w, https:\/\/dimensionturistica.com\/es\/wp-content\/uploads\/2026\/09\/1PAN-1-350x350.jpg 350w\" sizes=\"(max-width: 500px) 100vw, 500px\" \/><\/figure>\n<\/figure>\n\n\n\n<p class=\"wp-block-paragraph\">Durante tres d\u00edas, este emblem\u00e1tico recinto ser\u00e1 escenario de una celebraci\u00f3n que conjuga gastronom\u00eda, cultura, artesan\u00eda y tradici\u00f3n, con la participaci\u00f3n de m\u00e1s de 60 expositores provenientes del centro y sureste de M\u00e9xico.<\/p>\n\n\n\n<p class=\"wp-block-paragraph\">Entre los estados participantes se encuentran Veracruz, Chiapas, Oaxaca, Tabasco, Puebla, Tlaxcala, Estado de M\u00e9xico y Guerrero, mostrando la diversidad de sabores y productos que forman parte del patrimonio gastron\u00f3mico y artesanal de nuestro pa\u00eds.<\/p>\n\n\n\n<figure class=\"wp-block-gallery has-nested-images columns-default is-cropped wp-block-gallery-2 is-layout-flex wp-block-gallery-is-layout-flex\">\n<figure class=\"wp-block-image size-large\"><img decoding=\"async\" width=\"500\" height=\"500\" data-id=\"1208096\" src=\"https:\/\/dimensionturistica.com\/es\/wp-content\/uploads\/2026\/09\/3PAN.jpg\" alt=\"\" class=\"wp-image-1208096\" srcset=\"https:\/\/dimensionturistica.com\/es\/wp-content\/uploads\/2026\/09\/3PAN.jpg 500w, https:\/\/dimensionturistica.com\/es\/wp-content\/uploads\/2026\/09\/3PAN-300x300.jpg 300w, https:\/\/dimensionturistica.com\/es\/wp-content\/uploads\/2026\/09\/3PAN-150x150.jpg 150w, https:\/\/dimensionturistica.com\/es\/wp-content\/uploads\/2026\/09\/3PAN-75x75.jpg 75w, https:\/\/dimensionturistica.com\/es\/wp-content\/uploads\/2026\/09\/3PAN-350x350.jpg 350w\" sizes=\"(max-width: 500px) 100vw, 500px\" \/><\/figure>\n<\/figure>\n\n\n\n<p class=\"wp-block-paragraph\">La propuesta se extiende tambi\u00e9n al \u00e1mbito internacional con la participaci\u00f3n especial de Colombia y Turqu\u00eda, pa\u00edses reconocidos por su cultura cafetalera.<\/p>\n\n\n\n<p class=\"wp-block-paragraph\">El festival estar\u00e1 ambientado con papel picado, catrinas monumentales y alebrijes, creando un espacio lleno de color y tradici\u00f3n en el que los visitantes podr\u00e1n comenzar a vivir el esp\u00edritu de D\u00eda de Muertos, degustando y llevando a casa cientos de productos artesanales.<\/p>\n\n\n\n<p class=\"wp-block-paragraph\">El mejor caf\u00e9 de M\u00e9xico, un sin fin de chocolates, pan de muerto, calaveritas de az\u00facar y de chocolate, panquecitos, postres, galletas y dulces tem\u00e1ticos, miel y una gran variedad de art\u00edculos para deleitar el paladar o incorporar a las ofrendas y a la decoraci\u00f3n del hogar como artesan\u00edas, inciensos y ornamentos para esta tradici\u00f3n que transforma el recuerdo en celebraci\u00f3n y que, generaci\u00f3n tras generaci\u00f3n, mantiene vivo el v\u00ednculo con nuestros seres queridos.<\/p>\n\n\n\n<figure class=\"wp-block-gallery has-nested-images columns-default is-cropped wp-block-gallery-3 is-layout-flex wp-block-gallery-is-layout-flex\">\n<figure class=\"wp-block-image size-large\"><img decoding=\"async\" width=\"500\" height=\"500\" data-id=\"1208097\" src=\"https:\/\/dimensionturistica.com\/es\/wp-content\/uploads\/2026\/09\/4PAN.jpg\" alt=\"\" class=\"wp-image-1208097\" srcset=\"https:\/\/dimensionturistica.com\/es\/wp-content\/uploads\/2026\/09\/4PAN.jpg 500w, https:\/\/dimensionturistica.com\/es\/wp-content\/uploads\/2026\/09\/4PAN-300x300.jpg 300w, https:\/\/dimensionturistica.com\/es\/wp-content\/uploads\/2026\/09\/4PAN-150x150.jpg 150w, https:\/\/dimensionturistica.com\/es\/wp-content\/uploads\/2026\/09\/4PAN-75x75.jpg 75w, https:\/\/dimensionturistica.com\/es\/wp-content\/uploads\/2026\/09\/4PAN-350x350.jpg 350w\" sizes=\"(max-width: 500px) 100vw, 500px\" \/><\/figure>\n<\/figure>\n\n\n\n<p class=\"wp-block-paragraph\">La oferta incluir\u00e1 productos inspirados en las figuras caracter\u00edsticas de esta temporada, como catrinas, brujitas, fantasmas, calabazas, murci\u00e9lagos, duendes y telara\u00f1as, adem\u00e1s de maquillaje de fantas\u00eda para complementar la experiencia.<\/p>\n\n\n\n<p class=\"wp-block-paragraph\">El Programa de Actividades Culturales Gratuitas es otro de los grandes atractivos de este festival, dise\u00f1ado para acercar a gente de todas las edades al mundo del caf\u00e9, el cacao y las tradiciones mexicanas.<\/p>\n\n\n\n<p class=\"wp-block-paragraph\">Entre las experiencias programadas se encuentran:<\/p>\n\n\n\n<p class=\"wp-block-paragraph\">&#8211; Ceremonia de Cacao<\/p>\n\n\n\n<p class=\"wp-block-paragraph\">&#8211; Cata de Caf\u00e9<\/p>\n\n\n\n<p class=\"wp-block-paragraph\">&#8211; Taller para elaborar tu propio chocolate<\/p>\n\n\n\n<figure class=\"wp-block-gallery has-nested-images columns-default is-cropped wp-block-gallery-4 is-layout-flex wp-block-gallery-is-layout-flex\">\n<figure class=\"wp-block-image size-large\"><img decoding=\"async\" width=\"500\" height=\"334\" data-id=\"1208098\" src=\"https:\/\/dimensionturistica.com\/es\/wp-content\/uploads\/2026\/09\/7PAN.jpg\" alt=\"\" class=\"wp-image-1208098\" srcset=\"https:\/\/dimensionturistica.com\/es\/wp-content\/uploads\/2026\/09\/7PAN.jpg 500w, https:\/\/dimensionturistica.com\/es\/wp-content\/uploads\/2026\/09\/7PAN-300x200.jpg 300w\" sizes=\"(max-width: 500px) 100vw, 500px\" \/><figcaption class=\"wp-element-caption\">Screenshot<\/figcaption><\/figure>\n<\/figure>\n\n\n\n<p class=\"wp-block-paragraph\">&#8211; Taller Sensorial \u201cEmociorama\u201d<\/p>\n\n\n\n<p class=\"wp-block-paragraph\">&#8211; Teatro de Papel para ni\u00f1os<\/p>\n\n\n\n<p class=\"wp-block-paragraph\">De esta manera, el evento permite que el p\u00fablico no solamente conozca y deguste productos, sino que tambi\u00e9n pueda experimentar, aprender y participar activamente en diferentes propuestas culturales y sensoriales.<\/p>\n\n\n\n<figure class=\"wp-block-gallery has-nested-images columns-default is-cropped wp-block-gallery-5 is-layout-flex wp-block-gallery-is-layout-flex\">\n<figure class=\"wp-block-image size-large\"><img decoding=\"async\" width=\"500\" height=\"505\" data-id=\"1208099\" src=\"https:\/\/dimensionturistica.com\/es\/wp-content\/uploads\/2026\/09\/5PAN.jpg\" alt=\"\" class=\"wp-image-1208099\" srcset=\"https:\/\/dimensionturistica.com\/es\/wp-content\/uploads\/2026\/09\/5PAN.jpg 500w, https:\/\/dimensionturistica.com\/es\/wp-content\/uploads\/2026\/09\/5PAN-297x300.jpg 297w, https:\/\/dimensionturistica.com\/es\/wp-content\/uploads\/2026\/09\/5PAN-75x75.jpg 75w\" sizes=\"(max-width: 500px) 100vw, 500px\" \/><figcaption class=\"wp-element-caption\">Screenshot<\/figcaption><\/figure>\n<\/figure>\n\n\n\n<p class=\"wp-block-paragraph\">Esta edici\u00f3n del FESTIVAL CULTURAL CAF\u00c9 Y CHOCOLATE est\u00e1 pensada para disfrutar en familia y con amigos, apoyar a productores y artesanos, descubrir nuevos sabores y comenzar a preparar una de las celebraciones m\u00e1s entra\u00f1ables de M\u00e9xico como lo es D\u00eda de Muertos.<\/p>\n\n\n\n<p class=\"wp-block-paragraph\">Video del Festival Cultural de Caf\u00e9 y Chocolate- Edici\u00f3n D\u00eda de Muertos en 2025<\/p>\n\n\n\n<figure class=\"wp-block-embed\"><div class=\"wp-block-embed__wrapper\">\nhttps:\/\/www.facebook.com\/share\/r\/14nEomeJ2o1\/?mibextid=wwXIfr\n<\/div><\/figure>\n\n\n\n<p class=\"wp-block-paragraph\">\u00a1Todo est\u00e1 listo para vivir esta dulce experiencia llena de tradici\u00f3n!<\/p>\n","protected":false},"excerpt":{"rendered":"<p>El aroma del caf\u00e9, el sabor del chocolate y la riqueza de una de las costumbres m\u00e1s representativas de M\u00e9xico, se reunir\u00e1n en Coyoac\u00e1n durante el FESTIVAL CULTURAL CAF\u00c9 Y CHOCOLATE- EDICI\u00d3N D\u00cdA DE MUERTOS, que se llevar\u00e1 a cabo los d\u00edas viernes 2, s\u00e1bado 3 y domingo 4 de octubre, de 11:00 a 19:00 [&hellip;]<\/p>\n","protected":false},"author":1,"featured_media":1208100,"comment_status":"open","ping_status":"closed","sticky":false,"template":"","format":"standard","meta":{"om_disable_all_campaigns":false,"jnews-multi-image_gallery":[],"jnews_single_post":[],"jnews_primary_category":[],"jnews_social_meta":[],"footnotes":""},"categories":[43],"tags":[],"class_list":["post-1208094","post","type-post","status-publish","format-standard","has-post-thumbnail","hentry","category-gourmet"],"_links":{"self":[{"href":"https:\/\/dimensionturistica.com\/es\/wp-json\/wp\/v2\/posts\/1208094","targetHints":{"allow":["GET"]}}],"collection":[{"href":"https:\/\/dimensionturistica.com\/es\/wp-json\/wp\/v2\/posts"}],"about":[{"href":"https:\/\/dimensionturistica.com\/es\/wp-json\/wp\/v2\/types\/post"}],"author":[{"embeddable":true,"href":"https:\/\/dimensionturistica.com\/es\/wp-json\/wp\/v2\/users\/1"}],"replies":[{"embeddable":true,"href":"https:\/\/dimensionturistica.com\/es\/wp-json\/wp\/v2\/comments?post=1208094"}],"version-history":[{"count":1,"href":"https:\/\/dimensionturistica.com\/es\/wp-json\/wp\/v2\/posts\/1208094\/revisions"}],"predecessor-version":[{"id":1208101,"href":"https:\/\/dimensionturistica.com\/es\/wp-json\/wp\/v2\/posts\/1208094\/revisions\/1208101"}],"wp:featuredmedia":[{"embeddable":true,"href":"https:\/\/dimensionturistica.com\/es\/wp-json\/wp\/v2\/media\/1208100"}],"wp:attachment":[{"href":"https:\/\/dimensionturistica.com\/es\/wp-json\/wp\/v2\/media?parent=1208094"}],"wp:term":[{"taxonomy":"category","embeddable":true,"href":"https:\/\/dimensionturistica.com\/es\/wp-json\/wp\/v2\/categories?post=1208094"},{"taxonomy":"post_tag","embeddable":true,"href":"https:\/\/dimensionturistica.com\/es\/wp-json\/wp\/v2\/tags?post=1208094"}],"curies":[{"name":"wp","href":"https:\/\/api.w.org\/{rel}","templated":true}]}}