{"id":1208085,"date":"2026-09-06T18:52:24","date_gmt":"2026-09-06T18:52:24","guid":{"rendered":"https:\/\/dimensionturistica.com\/es\/?p=1208085"},"modified":"2026-09-06T18:52:24","modified_gmt":"2026-09-06T18:52:24","slug":"la-historia-detras-de-los-exclusivos-pendientes-hechos-por-artistas-que-llevo-kendall-jenner","status":"publish","type":"post","link":"https:\/\/dimensionturistica.com\/es\/la-historia-detras-de-los-exclusivos-pendientes-hechos-por-artistas-que-llevo-kendall-jenner\/","title":{"rendered":"La Historia Detr\u00e1s de los Exclusivos Pendientes Hechos por Artistas que Llev\u00f3 Kendall Jenner"},"content":{"rendered":"<h3>El Atractivo Singular de las Joyas Art\u00edsticas: Kendall Jenner y los Pendientes Calder<\/h3>\n<p>En el fascinante mundo de la moda, algunas piezas destacan no solo por su dise\u00f1o, sino por la historia y la artesan\u00eda que las respaldan. Un claro ejemplo de esto son los impresionantes pendientes inspirados en el artista Alexander Calder que ha lucido recientemente una de las figuras m\u00e1s influyentes de la moda contempor\u00e1nea: Kendall Jenner. Este accesorio no solo es una declaraci\u00f3n de estilo, sino que tambi\u00e9n encapsula la perfecta fusi\u00f3n entre arte y alta costura.<\/p>\n<h4>Una Obra Maestra Hecha Joyer\u00eda<\/h4>\n<p>La elegancia de estos pendientes radica en su singularidad y en el talento del artista estadounidense. Calder, conocido por su innovador enfoque del arte cin\u00e9tico y su uso del color y las formas abstractas, ha dejado una huella indeleble en el mundo del arte. Los pendientes que Jenner ha presentado son una reinterpretaci\u00f3n de su famosa est\u00e9tica: una combinaci\u00f3n de movimiento y color que captura la esencia de su obra. Esta pieza, considerada ultra rara, refleja no solo una preferencia por la moda, sino tambi\u00e9n un profundo aprecio por el arte contempor\u00e1neo.<\/p>\n<h4>Una Opci\u00f3n que Rompe Esquemas<\/h4>\n<p>Decidir llevar joyas de artistas reconocidos no es solo una elecci\u00f3n estil\u00edstica, sino tambi\u00e9n un gesto audaz. Este tipo de accesorios se aleja de la producci\u00f3n masiva y resalta la importancia de la individualidad en un mundo donde la originalidad puede ser dif\u00edcil de encontrar. Cada par de pendientes Calder tiene una historia \u00fanica, y su capacidad para resonar con quienes los llevan les otorga un valor que va m\u00e1s all\u00e1 de lo material.<\/p>\n<h4>La Moda como Plataforma de Arte<\/h4>\n<p>La aparici\u00f3n de estas joyas en un evento de alta visibilidad, como una gala o una pasarela, incrementa su atractivo, convirti\u00e9ndolas en objetos de deseo instant\u00e1neo. Jenner, al usar estas piezas, no solo alimenta su propia imagen ic\u00f3nica, sino que tambi\u00e9n promueve el di\u00e1logo sobre la intersecci\u00f3n entre la moda y el arte. Al hacerlo, se abre la puerta a una nueva tendencia: el acceso a piezas que no solo adornan, sino que tambi\u00e9n cuentan historias.<\/p>\n<h4>Inspiraci\u00f3n Para Todos<\/h4>\n<p>Para aquellos que buscan inspirarse para elevar su estilo personal, la apuesta por joyas art\u00edsticas puede ser una excelente opci\u00f3n. Integrar piezas que reflejen creatividad y talento en el armario diario promete no solo enriquecer el look, sino tambi\u00e9n transmitir una narrativa \u00fanica que puede generar conversaciones interesantes. <\/p>\n<p>La magia de los pendientes Calder en la vida de Kendall Jenner nos recuerda que cada decisi\u00f3n de moda es tambi\u00e9n una elecci\u00f3n que puede reflejar valores, intereses y, sobre todo, una conexi\u00f3n con el arte. La pr\u00f3xima vez que pienses en accesorios, considera aquellos que cuentan una historia y celebran la creatividad de su origen. Celebra la moda no solo como un aspecto superficial, sino como una forma de expresi\u00f3n que puede inspirar e involucrar a todos. Con cada joya, se abre un nuevo cap\u00edtulo en el relato de la moda y su conexi\u00f3n inquebrantable con el arte.<\/p>\n<p><em> &#8221; Fuentes www.vogue.com &#8221; <\/em><\/p>\n","protected":false},"excerpt":{"rendered":"<p>El Atractivo Singular de las Joyas Art\u00edsticas: Kendall Jenner y los Pendientes Calder En el fascinante mundo de la moda, algunas piezas destacan no solo por su dise\u00f1o, sino por la historia y la artesan\u00eda que las respaldan. Un claro ejemplo de esto son los impresionantes pendientes inspirados en el artista Alexander Calder que ha [&hellip;]<\/p>\n","protected":false},"author":14,"featured_media":1208086,"comment_status":"open","ping_status":"closed","sticky":false,"template":"","format":"standard","meta":{"om_disable_all_campaigns":false,"jnews-multi-image_gallery":[],"jnews_single_post":[],"jnews_primary_category":[],"jnews_social_meta":[],"footnotes":""},"categories":[144872],"tags":[69624,297128,198487,214623,166,204659,71626,17538,8774,297129,233974],"class_list":["post-1208085","post","type-post","status-publish","format-standard","has-post-thumbnail","hentry","category-fashion","tag-accessories","tag-artist-made","tag-celebrity-style","tag-earrings","tag-fashion","tag-fashion-statement","tag-jewelry","tag-kendall-jenner","tag-luxury","tag-rare-items","tag-venice-film-festival"],"_links":{"self":[{"href":"https:\/\/dimensionturistica.com\/es\/wp-json\/wp\/v2\/posts\/1208085","targetHints":{"allow":["GET"]}}],"collection":[{"href":"https:\/\/dimensionturistica.com\/es\/wp-json\/wp\/v2\/posts"}],"about":[{"href":"https:\/\/dimensionturistica.com\/es\/wp-json\/wp\/v2\/types\/post"}],"author":[{"embeddable":true,"href":"https:\/\/dimensionturistica.com\/es\/wp-json\/wp\/v2\/users\/14"}],"replies":[{"embeddable":true,"href":"https:\/\/dimensionturistica.com\/es\/wp-json\/wp\/v2\/comments?post=1208085"}],"version-history":[{"count":1,"href":"https:\/\/dimensionturistica.com\/es\/wp-json\/wp\/v2\/posts\/1208085\/revisions"}],"predecessor-version":[{"id":1208087,"href":"https:\/\/dimensionturistica.com\/es\/wp-json\/wp\/v2\/posts\/1208085\/revisions\/1208087"}],"wp:featuredmedia":[{"embeddable":true,"href":"https:\/\/dimensionturistica.com\/es\/wp-json\/wp\/v2\/media\/1208086"}],"wp:attachment":[{"href":"https:\/\/dimensionturistica.com\/es\/wp-json\/wp\/v2\/media?parent=1208085"}],"wp:term":[{"taxonomy":"category","embeddable":true,"href":"https:\/\/dimensionturistica.com\/es\/wp-json\/wp\/v2\/categories?post=1208085"},{"taxonomy":"post_tag","embeddable":true,"href":"https:\/\/dimensionturistica.com\/es\/wp-json\/wp\/v2\/tags?post=1208085"}],"curies":[{"name":"wp","href":"https:\/\/api.w.org\/{rel}","templated":true}]}}