{"id":1208077,"date":"2026-09-06T18:32:40","date_gmt":"2026-09-06T18:32:40","guid":{"rendered":"https:\/\/dimensionturistica.com\/es\/?p=1208077"},"modified":"2026-09-06T18:32:40","modified_gmt":"2026-09-06T18:32:40","slug":"morelos-impulsa-accion-climatica-como-parte-de-su-modelo-de-turismo-sostenible","status":"publish","type":"post","link":"https:\/\/dimensionturistica.com\/es\/morelos-impulsa-accion-climatica-como-parte-de-su-modelo-de-turismo-sostenible\/","title":{"rendered":"Morelos Impulsa acci\u00f3n clim\u00e1tica como parte de su modelo de turismo sostenible"},"content":{"rendered":"\n<p class=\"wp-block-paragraph\">&nbsp;Morelos incorpor\u00f3 la acci\u00f3n clim\u00e1tica a su modelo de turismo sostenible mediante la adhesi\u00f3n de la Secretar\u00eda de Turismo a la Declaraci\u00f3n de Glasgow, con compromisos para reducir emisiones, desarrollar un plan de acci\u00f3n, medir resultados y reportar p\u00fablicamente sus avances. La firma se realiz\u00f3 durante el Sustainable &amp; Social Tourism Summit.<\/p>\n\n\n\n<p class=\"wp-block-paragraph\">La acci\u00f3n responde a una condici\u00f3n estrat\u00e9gica para el desarrollo tur\u00edstico del estado: buena parte de sus atractivos y experiencias depende directamente de la conservaci\u00f3n del territorio. Durante el encuentro se destac\u00f3 la relaci\u00f3n entre bosques, selvas, cuerpos de agua, r\u00edos, barrancas, balnearios y manantiales con la actividad tur\u00edstica, as\u00ed como el valor del patrimonio vivo que preservan comunidades, cocineras tradicionales, artesanas, artesanos y productores.<\/p>\n\n\n\n<figure class=\"wp-block-gallery has-nested-images columns-default is-cropped wp-block-gallery-1 is-layout-flex wp-block-gallery-is-layout-flex\">\n<figure class=\"wp-block-image size-large\"><img decoding=\"async\" width=\"500\" height=\"375\" data-id=\"1208078\" src=\"https:\/\/dimensionturistica.com\/es\/wp-content\/uploads\/2026\/09\/3MOR.jpg\" alt=\"\" class=\"wp-image-1208078\" srcset=\"https:\/\/dimensionturistica.com\/es\/wp-content\/uploads\/2026\/09\/3MOR.jpg 500w, https:\/\/dimensionturistica.com\/es\/wp-content\/uploads\/2026\/09\/3MOR-300x225.jpg 300w\" sizes=\"(max-width: 500px) 100vw, 500px\" \/><\/figure>\n<\/figure>\n\n\n\n<p class=\"wp-block-paragraph\">Para el gobierno que encabeza Margarita Gonz\u00e1lez Saravia, esta visi\u00f3n se traduce en una pol\u00edtica que articula cuatro dimensiones: ambiental, sociocultural, econ\u00f3mica e institucional, con acciones relacionadas con gesti\u00f3n de recursos, conservaci\u00f3n del patrimonio, participaci\u00f3n comunitaria, cadenas de valor, profesionalizaci\u00f3n, gobernanza y medici\u00f3n de resultados.<\/p>\n\n\n\n<p class=\"wp-block-paragraph\">El secretario de Turismo, Daniel Altafi Valladares, se\u00f1al\u00f3 que la sostenibilidad no implica frenar el crecimiento de la actividad, sino orientar sus beneficios hacia el territorio. \u201cQueremos que el turismo crezca, que lleguen m\u00e1s visitantes, conozcan nuestros destinos, consuman, regresen y nos recomienden. Pero queremos ese crecimiento que genera valor, que deja algo positivo por supuesto en el territorio\u201d, expres\u00f3.<\/p>\n\n\n\n<p class=\"wp-block-paragraph\">A\u00f1adi\u00f3 que el prop\u00f3sito es traducirlo en ingresos y oportunidades, empresas y productos fortalecidos, nuevos mercados para artesanas y artesanos, y comunidades que preserven sus saberes e identidad. El modelo combina pol\u00edtica p\u00fablica, participaci\u00f3n comunitaria y compromiso empresarial.<\/p>\n\n\n\n<figure class=\"wp-block-gallery has-nested-images columns-default is-cropped wp-block-gallery-2 is-layout-flex wp-block-gallery-is-layout-flex\">\n<figure class=\"wp-block-image size-large\"><img decoding=\"async\" width=\"500\" height=\"375\" data-id=\"1208079\" src=\"https:\/\/dimensionturistica.com\/es\/wp-content\/uploads\/2026\/09\/1MOR-1.jpg\" alt=\"\" class=\"wp-image-1208079\" srcset=\"https:\/\/dimensionturistica.com\/es\/wp-content\/uploads\/2026\/09\/1MOR-1.jpg 500w, https:\/\/dimensionturistica.com\/es\/wp-content\/uploads\/2026\/09\/1MOR-1-300x225.jpg 300w\" sizes=\"(max-width: 500px) 100vw, 500px\" \/><\/figure>\n<\/figure>\n\n\n\n<p class=\"wp-block-paragraph\">Esta perspectiva estuvo representada por Margarita Torres C\u00e1rdenas, de la experiencia comunitaria \u201cEntre Hilos y Sabores\u201d, de Hueyapan, y Enrique Gonz\u00e1lez, gerente de Sostenibilidad e Infraestructura del Parque Natural Las Estacas. A ello se suman instrumentos que Morelos ya desarrolla, como la nueva Ley de Turismo, el Programa Maestro de Desarrollo Tur\u00edstico, el Observatorio Tur\u00edstico Sostenible y estudios y acciones de capacitaci\u00f3n en sostenibilidad para el sector.<\/p>\n\n\n\n<p class=\"wp-block-paragraph\">Con la adhesi\u00f3n a Glasgow inicia una ruta que contempla un plan de acci\u00f3n clim\u00e1tica dentro de los 12 meses posteriores a la firma, bajo cinco l\u00edneas: medir, descarbonizar, regenerar, colaborar y financiar, adem\u00e1s de informar p\u00fablicamente sobre los avances.<\/p>\n\n\n\n<p class=\"wp-block-paragraph\">El proceso estatal prev\u00e9 tambi\u00e9n una declaratoria de turismo sostenible, un comit\u00e9 transversal con participaci\u00f3n p\u00fablica, privada, acad\u00e9mica y social, una gu\u00eda de buenas pr\u00e1cticas, un diagn\u00f3stico estatal e indicadores para evaluar resultados.<\/p>\n","protected":false},"excerpt":{"rendered":"<p>&nbsp;Morelos incorpor\u00f3 la acci\u00f3n clim\u00e1tica a su modelo de turismo sostenible mediante la adhesi\u00f3n de la Secretar\u00eda de Turismo a la Declaraci\u00f3n de Glasgow, con compromisos para reducir emisiones, desarrollar un plan de acci\u00f3n, medir resultados y reportar p\u00fablicamente sus avances. La firma se realiz\u00f3 durante el Sustainable &amp; Social Tourism Summit. La acci\u00f3n responde [&hellip;]<\/p>\n","protected":false},"author":1,"featured_media":1208080,"comment_status":"open","ping_status":"closed","sticky":false,"template":"","format":"standard","meta":{"om_disable_all_campaigns":false,"jnews-multi-image_gallery":[],"jnews_single_post":[],"jnews_primary_category":[],"jnews_social_meta":[],"footnotes":""},"categories":[39],"tags":[],"class_list":["post-1208077","post","type-post","status-publish","format-standard","has-post-thumbnail","hentry","category-viajes"],"_links":{"self":[{"href":"https:\/\/dimensionturistica.com\/es\/wp-json\/wp\/v2\/posts\/1208077","targetHints":{"allow":["GET"]}}],"collection":[{"href":"https:\/\/dimensionturistica.com\/es\/wp-json\/wp\/v2\/posts"}],"about":[{"href":"https:\/\/dimensionturistica.com\/es\/wp-json\/wp\/v2\/types\/post"}],"author":[{"embeddable":true,"href":"https:\/\/dimensionturistica.com\/es\/wp-json\/wp\/v2\/users\/1"}],"replies":[{"embeddable":true,"href":"https:\/\/dimensionturistica.com\/es\/wp-json\/wp\/v2\/comments?post=1208077"}],"version-history":[{"count":1,"href":"https:\/\/dimensionturistica.com\/es\/wp-json\/wp\/v2\/posts\/1208077\/revisions"}],"predecessor-version":[{"id":1208081,"href":"https:\/\/dimensionturistica.com\/es\/wp-json\/wp\/v2\/posts\/1208077\/revisions\/1208081"}],"wp:featuredmedia":[{"embeddable":true,"href":"https:\/\/dimensionturistica.com\/es\/wp-json\/wp\/v2\/media\/1208080"}],"wp:attachment":[{"href":"https:\/\/dimensionturistica.com\/es\/wp-json\/wp\/v2\/media?parent=1208077"}],"wp:term":[{"taxonomy":"category","embeddable":true,"href":"https:\/\/dimensionturistica.com\/es\/wp-json\/wp\/v2\/categories?post=1208077"},{"taxonomy":"post_tag","embeddable":true,"href":"https:\/\/dimensionturistica.com\/es\/wp-json\/wp\/v2\/tags?post=1208077"}],"curies":[{"name":"wp","href":"https:\/\/api.w.org\/{rel}","templated":true}]}}