{"id":1208063,"date":"2026-09-06T18:01:30","date_gmt":"2026-09-06T18:01:30","guid":{"rendered":"https:\/\/dimensionturistica.com\/es\/?p=1208063"},"modified":"2026-09-06T18:01:30","modified_gmt":"2026-09-06T18:01:30","slug":"ever-anderson-deslumbra-en-su-debut-en-el-festival-de-cine-de-venecia","status":"publish","type":"post","link":"https:\/\/dimensionturistica.com\/es\/ever-anderson-deslumbra-en-su-debut-en-el-festival-de-cine-de-venecia\/","title":{"rendered":"Ever Anderson Deslumbra en Su Debut en el Festival de Cine de Venecia"},"content":{"rendered":"<p><strong>La Magia del Festival de Cine de Venecia: Un Viaje a Trav\u00e9s de la Moda y el Arte<\/strong><\/p>\n<p>El Festival de Cine de Venecia, uno de los eventos cinematogr\u00e1ficos m\u00e1s prestigiosos del mundo, se convierte cada a\u00f1o en un escaparate no solo del s\u00e9ptimo arte, sino tambi\u00e9n de las tendencias m\u00e1s vanguardistas en moda. En esta edici\u00f3n, una joven promesa se roba las miradas: Ever Anderson. Con una presencia cautivadora, esta actriz no solo brilla en la pantalla, sino que tambi\u00e9n se consagra como una referente contempor\u00e1nea de estilo y elegancia.<\/p>\n<p>Desde su llegada a la emblem\u00e1tica ciudad, el ambiente de Venecia se transforma. Las gondolas, los palacios y los canales proporcionan un tel\u00f3n de fondo espectacular que complementa la atm\u00f3sfera de glamour y celebridad que caracteriza al festival. Anderson, con su porte adolescente y su particular sentido de la moda, se sumerge en esta mezcla de historia y modernidad, fusionando sus elecciones de vestuario con la esencia del lugar.<\/p>\n<p>A trav\u00e9s de una serie de looks meticulosamente seleccionados, la actriz demuestra que la moda puede ser una forma de arte en s\u00ed misma. Cada atuendo cuenta una historia, cada accesorio est\u00e1 pensado para dialogar con el entorno. Desde vestidos que evocan la elegancia cl\u00e1sica de la alta costura hasta conjuntos m\u00e1s contempor\u00e1neos que reflejan una est\u00e9tica juvenil, Anderson se posiciona como una figura que transita entre lo cl\u00e1sico y lo revolucionario.<\/p>\n<p>En el coraz\u00f3n de este festival se encuentra un intercambio vibrante: cineastas, actores y dise\u00f1adores que se inspiran mutuamente. Las pasarelas se disuelven en las alfombras rojas, creando un espacio donde la creatividad no conoce l\u00edmites. Anderson, con su mirada fresca y audaz, se convierte en el puente entre estos dos mundos, capturando la atenci\u00f3n de amantes del cine y de la moda por igual.<\/p>\n<p>Un aspecto fundamental del festival es su capacidad para destacar la diversidad de talentos. En un ambiente donde las voces j\u00f3venes y diversas est\u00e1n tomando el protagonismo, Anderson simboliza esta nueva ola de artistas. Su estilo presenta una mezcla de influencias que incorpora no solo su herencia, sino tambi\u00e9n una interpretaci\u00f3n moderna que resuena con su generaci\u00f3n. En cada paso que da, lleva consigo un mensaje de autenticidad y autoexpresi\u00f3n.<\/p>\n<p>El Festival de Cine de Venecia no solo celebra las mejores pel\u00edculas del a\u00f1o, sino que tambi\u00e9n establece tendencias que perdurar\u00e1n en el tiempo. El impacto de actuaciones destacadas y elecciones de estilo de personalidades como Anderson reverberan en la industria, inspirando a dise\u00f1adores a experimentar y a consumidores a reimaginar su guardarropa.<\/p>\n<p>En resumen, este festival se erige como un crisol donde se entrelazan el arte cinematogr\u00e1fico y la moda. La presencia de figuras emergentes como Ever Anderson redefine lo que significa ser un \u00edcono de estilo en el siglo XXI, mientras el tel\u00f3n de fondo de Venecia aporta un aire de historia y sofisticaci\u00f3n. La fusi\u00f3n de estas dos disciplinas no solo es un fest\u00edn para los sentidos, sino una declaraci\u00f3n de que el arte, en todas sus formas, sigue siendo vital.<\/p>\n<p><em> &#8221; Fuentes www.vogue.com &#8221; <\/em><\/p>\n","protected":false},"excerpt":{"rendered":"<p>La Magia del Festival de Cine de Venecia: Un Viaje a Trav\u00e9s de la Moda y el Arte El Festival de Cine de Venecia, uno de los eventos cinematogr\u00e1ficos m\u00e1s prestigiosos del mundo, se convierte cada a\u00f1o en un escaparate no solo del s\u00e9ptimo arte, sino tambi\u00e9n de las tendencias m\u00e1s vanguardistas en moda. En [&hellip;]<\/p>\n","protected":false},"author":14,"featured_media":1208064,"comment_status":"open","ping_status":"closed","sticky":false,"template":"","format":"standard","meta":{"om_disable_all_campaigns":false,"jnews-multi-image_gallery":[],"jnews_single_post":[],"jnews_primary_category":[],"jnews_social_meta":[],"footnotes":""},"categories":[144872],"tags":[56,297127,166,113611,209647,165,372,233974],"class_list":["post-1208063","post","type-post","status-publish","format-standard","has-post-thumbnail","hentry","category-fashion","tag-celebrity-news","tag-ever-anderson","tag-fashion","tag-film-industry","tag-premiere","tag-red-carpet","tag-style","tag-venice-film-festival"],"_links":{"self":[{"href":"https:\/\/dimensionturistica.com\/es\/wp-json\/wp\/v2\/posts\/1208063","targetHints":{"allow":["GET"]}}],"collection":[{"href":"https:\/\/dimensionturistica.com\/es\/wp-json\/wp\/v2\/posts"}],"about":[{"href":"https:\/\/dimensionturistica.com\/es\/wp-json\/wp\/v2\/types\/post"}],"author":[{"embeddable":true,"href":"https:\/\/dimensionturistica.com\/es\/wp-json\/wp\/v2\/users\/14"}],"replies":[{"embeddable":true,"href":"https:\/\/dimensionturistica.com\/es\/wp-json\/wp\/v2\/comments?post=1208063"}],"version-history":[{"count":1,"href":"https:\/\/dimensionturistica.com\/es\/wp-json\/wp\/v2\/posts\/1208063\/revisions"}],"predecessor-version":[{"id":1208065,"href":"https:\/\/dimensionturistica.com\/es\/wp-json\/wp\/v2\/posts\/1208063\/revisions\/1208065"}],"wp:featuredmedia":[{"embeddable":true,"href":"https:\/\/dimensionturistica.com\/es\/wp-json\/wp\/v2\/media\/1208064"}],"wp:attachment":[{"href":"https:\/\/dimensionturistica.com\/es\/wp-json\/wp\/v2\/media?parent=1208063"}],"wp:term":[{"taxonomy":"category","embeddable":true,"href":"https:\/\/dimensionturistica.com\/es\/wp-json\/wp\/v2\/categories?post=1208063"},{"taxonomy":"post_tag","embeddable":true,"href":"https:\/\/dimensionturistica.com\/es\/wp-json\/wp\/v2\/tags?post=1208063"}],"curies":[{"name":"wp","href":"https:\/\/api.w.org\/{rel}","templated":true}]}}