{"id":1208040,"date":"2026-09-06T17:10:15","date_gmt":"2026-09-06T17:10:15","guid":{"rendered":"https:\/\/dimensionturistica.com\/es\/?p=1208040"},"modified":"2026-09-06T17:10:15","modified_gmt":"2026-09-06T17:10:15","slug":"la-historia-tras-la-primera-colaboracion-de-edith-head-con-alfred-hitchcock","status":"publish","type":"post","link":"https:\/\/dimensionturistica.com\/es\/la-historia-tras-la-primera-colaboracion-de-edith-head-con-alfred-hitchcock\/","title":{"rendered":"La historia tras la primera colaboraci\u00f3n de Edith Head con Alfred Hitchcock."},"content":{"rendered":"<h3>La Magia del Vestuario: La Alianza entre Edith Head y Alfred Hitchcock<\/h3>\n<p>El mundo del cine y la moda se entrelazan de manera extraordinaria, y un ejemplo emblem\u00e1tico de esta uni\u00f3n es la colaboraci\u00f3n entre Edith Head, la famosa dise\u00f1adora de vestuario, y Alfred Hitchcock, el maestro del suspenso. A trav\u00e9s de su trabajo conjunto, Head no solo defini\u00f3 la est\u00e9tica de numerosas pel\u00edculas, sino que tambi\u00e9n dej\u00f3 una huella imborrable en la industria del entretenimiento. <\/p>\n<h4>Un Encuentro Fortuito<\/h4>\n<p>La historia de esta colaboraci\u00f3n comienza en la d\u00e9cada de 1940, una \u00e9poca dorada para el cine estadounidense. En ese momento, Head ya era conocida, pero su carrera se disparar\u00eda tras conocer a Hitchcock. El director, conocido por su meticulosa atenci\u00f3n al detalle, se sinti\u00f3 atra\u00eddo por la visi\u00f3n art\u00edstica de Head. Juntos, transformaron el vestuario en un elemento narrativo fundamental, en lugar de ser solo un accesorio.<\/p>\n<h4>La Revoluci\u00f3n del Vestuario<\/h4>\n<p>La primera pel\u00edcula que realiz\u00f3 Head para Hitchcock fue &#8220;Rebecca&#8221; en 1940. Aqu\u00ed, Head mostr\u00f3 su talento para crear vestuarios que no solo embellec\u00edan a los personajes, sino que tambi\u00e9n intensificaban la trama y la psicolog\u00eda de los mismos. Cada prenda no solo era una elecci\u00f3n est\u00e9tica; era una declaraci\u00f3n sobre los personajes y sus emociones.<\/p>\n<p>La atenci\u00f3n al detalle de Head se reflejaba en sus elecciones audaces, como el ic\u00f3nico abrigo de lana gris que llev\u00f3 Joan Fontaine en la pel\u00edcula, un s\u00edmbolo de la opresi\u00f3n y el misterio que rodeaba a su personaje. Al final, los vestuarios de Head se convirtieron en una herramienta narrativa esencial, contribuyendo al ambiente inquietante y sofisticado caracter\u00edstico de las obras de Hitchcock.<\/p>\n<h4>La Sinergia Creativa<\/h4>\n<p>La relaci\u00f3n entre Head y Hitchcock era bastante singular. Ambos compart\u00edan una admiraci\u00f3n mutua y un deseo de innovar en sus respectivos campos. Hitchcock confiaba plenamente en el instinto de Head, permiti\u00e9ndole explorar y experimentar con las prendas que vest\u00edan a sus protagonistas. Esta libertad creativa se traduc\u00eda en resultados sorprendentes que traspasaban la pantalla.<\/p>\n<p>Por ejemplo, en &#8220;Los Pajaros&#8221;, la elecci\u00f3n del vestuario de Tippi Hedren se convirti\u00f3 en un fen\u00f3meno cultural. La mezcla de sofisticaci\u00f3n y vulnerabilidad en la vestimenta de su personaje amplific\u00f3 la tensi\u00f3n de la narrativa y atrajo la atenci\u00f3n del p\u00fablico de una manera que pocas veces se hab\u00eda visto.<\/p>\n<h4>Un Legado que Persiste<\/h4>\n<p>El impacto de esta colaboraci\u00f3n sobrepas\u00f3 las fronteras del cine. Edith Head no solo se convirti\u00f3 en una figura ic\u00f3nica de Hollywood, sino que sus dise\u00f1os influenciaron las tendencias de moda de las d\u00e9cadas siguientes. Sus creaciones se han revivido en pasarelas y editoriales, estableciendo un legado que sigue resonando en el entorno fashionista actual.<\/p>\n<p>La simbiosis entre Head y Hitchcock nos recuerda que el vestuario es mucho m\u00e1s que un simple adorno. Es un veh\u00edculo de expresi\u00f3n que puede amplificar emociones, contar historias y, en \u00faltima instancia, dar forma a la percepci\u00f3n del espectador. <\/p>\n<p>As\u00ed, la alianza entre Edith Head y Alfred Hitchcock sigue siendo un claro ejemplo de c\u00f3mo la moda y el cine pueden unirse para crear magia, cautivando al p\u00fablico de generaciones pasadas y futuras. La narrativa visual en la que ambas disciplinas se entrelazan no solo se aprecia en la pantalla, sino que tambi\u00e9n sigue inspirando a nuevos dise\u00f1adores y cineastas en la actualidad.<\/p>\n<p><em> &#8221; Fuentes www.vogue.com &#8221; <\/em><\/p>\n","protected":false},"excerpt":{"rendered":"<p>La Magia del Vestuario: La Alianza entre Edith Head y Alfred Hitchcock El mundo del cine y la moda se entrelazan de manera extraordinaria, y un ejemplo emblem\u00e1tico de esta uni\u00f3n es la colaboraci\u00f3n entre Edith Head, la famosa dise\u00f1adora de vestuario, y Alfred Hitchcock, el maestro del suspenso. A trav\u00e9s de su trabajo conjunto, [&hellip;]<\/p>\n","protected":false},"author":14,"featured_media":1208041,"comment_status":"open","ping_status":"closed","sticky":false,"template":"","format":"standard","meta":{"om_disable_all_campaigns":false,"jnews-multi-image_gallery":[],"jnews_single_post":[],"jnews_primary_category":[],"jnews_social_meta":[],"footnotes":""},"categories":[144872],"tags":[297123,297,73240,203763,297122,166,211882,193390,16295,297124,198622,198621,373],"class_list":["post-1208040","post","type-post","status-publish","format-standard","has-post-thumbnail","hentry","category-fashion","tag-alfred-hitchcock","tag-cinema","tag-collaboration","tag-costume-design","tag-edith-head","tag-fashion","tag-film-history","tag-filmmaking","tag-hollywood","tag-iconic-partnerships","tag-splitscreenimagerightinset","tag-tv-movies","tag-web"],"_links":{"self":[{"href":"https:\/\/dimensionturistica.com\/es\/wp-json\/wp\/v2\/posts\/1208040","targetHints":{"allow":["GET"]}}],"collection":[{"href":"https:\/\/dimensionturistica.com\/es\/wp-json\/wp\/v2\/posts"}],"about":[{"href":"https:\/\/dimensionturistica.com\/es\/wp-json\/wp\/v2\/types\/post"}],"author":[{"embeddable":true,"href":"https:\/\/dimensionturistica.com\/es\/wp-json\/wp\/v2\/users\/14"}],"replies":[{"embeddable":true,"href":"https:\/\/dimensionturistica.com\/es\/wp-json\/wp\/v2\/comments?post=1208040"}],"version-history":[{"count":1,"href":"https:\/\/dimensionturistica.com\/es\/wp-json\/wp\/v2\/posts\/1208040\/revisions"}],"predecessor-version":[{"id":1208042,"href":"https:\/\/dimensionturistica.com\/es\/wp-json\/wp\/v2\/posts\/1208040\/revisions\/1208042"}],"wp:featuredmedia":[{"embeddable":true,"href":"https:\/\/dimensionturistica.com\/es\/wp-json\/wp\/v2\/media\/1208041"}],"wp:attachment":[{"href":"https:\/\/dimensionturistica.com\/es\/wp-json\/wp\/v2\/media?parent=1208040"}],"wp:term":[{"taxonomy":"category","embeddable":true,"href":"https:\/\/dimensionturistica.com\/es\/wp-json\/wp\/v2\/categories?post=1208040"},{"taxonomy":"post_tag","embeddable":true,"href":"https:\/\/dimensionturistica.com\/es\/wp-json\/wp\/v2\/tags?post=1208040"}],"curies":[{"name":"wp","href":"https:\/\/api.w.org\/{rel}","templated":true}]}}