{"id":1208037,"date":"2026-09-06T17:12:03","date_gmt":"2026-09-06T17:12:03","guid":{"rendered":"https:\/\/dimensionturistica.com\/es\/?p=1208037"},"modified":"2026-09-06T17:12:03","modified_gmt":"2026-09-06T17:12:03","slug":"el-tec-de-monterrey-y-la-national-academy-of-engineering-reunen-a-expertos-para-impulsar-el-futuro-de-las-cadenas-de-suministro-en-norteamerica","status":"publish","type":"post","link":"https:\/\/dimensionturistica.com\/es\/el-tec-de-monterrey-y-la-national-academy-of-engineering-reunen-a-expertos-para-impulsar-el-futuro-de-las-cadenas-de-suministro-en-norteamerica\/","title":{"rendered":"El Tec de Monterrey y la National Academy of Engineering re\u00fanen a expertos para impulsar el futuro de las cadenas de suministro en Norteam\u00e9rica"},"content":{"rendered":"\n<p class=\"wp-block-paragraph\">El encuentro internacional From Resilience to New Opportunities: Building the North American Supply Chain of the Future ver\u00e1 vida en la capital de Nuevo Le\u00f3n para abordar los retos de resiliencia, competitividad, sostenibilidad, innovaci\u00f3n y seguridad de las cadenas de suministro de M\u00e9xico, Estados Unidos y Canad\u00e1. El eje de la conversaci\u00f3n \u2013la transformaci\u00f3n de las cadenas de suministro de Norteam\u00e9rica\u2013 reunir\u00e1, del 26 al 28 de octubre en el Campus Monterrey del Tecnol\u00f3gico de Monterrey, a especialistas, l\u00edderes de la industria y representantes del ecosistema de investigaci\u00f3n e innovaci\u00f3n de M\u00e9xico, Estados Unidos y Canad\u00e1.<\/p>\n\n\n\n<figure class=\"wp-block-gallery has-nested-images columns-default is-cropped wp-block-gallery-1 is-layout-flex wp-block-gallery-is-layout-flex\">\n<figure class=\"wp-block-image size-large\"><img decoding=\"async\" width=\"500\" height=\"333\" data-id=\"1208038\" src=\"https:\/\/dimensionturistica.com\/es\/wp-content\/uploads\/2026\/09\/7TEC.jpg\" alt=\"\" class=\"wp-image-1208038\" srcset=\"https:\/\/dimensionturistica.com\/es\/wp-content\/uploads\/2026\/09\/7TEC.jpg 500w, https:\/\/dimensionturistica.com\/es\/wp-content\/uploads\/2026\/09\/7TEC-300x200.jpg 300w\" sizes=\"(max-width: 500px) 100vw, 500px\" \/><\/figure>\n<\/figure>\n\n\n\n<p class=\"wp-block-paragraph\">\u201cLa resiliencia de las cadenas de suministro ya no puede entenderse \u00fanicamente como la capacidad de responder ante una disrupci\u00f3n. Implica desarrollar capacidades de innovaci\u00f3n, tecnolog\u00eda e investigaci\u00f3n aplicada que permitan a Norteam\u00e9rica anticiparse a los cambios y mantener su competitividad en el largo plazo\u201d, se\u00f1al\u00f3 Javier Guzm\u00e1n, vicepresidente ejecutivo de Investigaci\u00f3n del Tec de Monterrey\u201c.<\/p>\n\n\n\n<p class=\"wp-block-paragraph\">Este foro, co-organizado por el Tecnol\u00f3gico de Monterrey y la National Academy of Engineering (NAE), instituci\u00f3n referente a nivel internacional, que re\u00fane a destacados l\u00edderes de la academia, la industria y el sector p\u00fablico, analizar\u00e1 c\u00f3mo la ingenier\u00eda, la investigaci\u00f3n aplicada y las nuevas tecnolog\u00edas pueden contribuir a construir cadenas de suministro m\u00e1s resilientes, competitivas y sostenibles para Norteam\u00e9rica.<\/p>\n\n\n\n<p class=\"wp-block-paragraph\">En un contexto marcado por la transformaci\u00f3n de los modelos productivos, la relocalizaci\u00f3n de operaciones, la digitalizaci\u00f3n y la creciente necesidad de reducir vulnerabilidades en las redes de suministro, el encuentro buscar\u00e1 pasar de la identificaci\u00f3n de riesgos a la generaci\u00f3n de nuevas oportunidades de colaboraci\u00f3n.<\/p>\n\n\n\n<figure class=\"wp-block-gallery has-nested-images columns-default is-cropped wp-block-gallery-2 is-layout-flex wp-block-gallery-is-layout-flex\">\n<figure class=\"wp-block-image size-large\"><img decoding=\"async\" width=\"500\" height=\"333\" data-id=\"1208039\" src=\"https:\/\/dimensionturistica.com\/es\/wp-content\/uploads\/2026\/09\/4TEC.jpg\" alt=\"\" class=\"wp-image-1208039\" srcset=\"https:\/\/dimensionturistica.com\/es\/wp-content\/uploads\/2026\/09\/4TEC.jpg 500w, https:\/\/dimensionturistica.com\/es\/wp-content\/uploads\/2026\/09\/4TEC-300x200.jpg 300w\" sizes=\"(max-width: 500px) 100vw, 500px\" \/><\/figure>\n<\/figure>\n\n\n\n<p class=\"wp-block-paragraph\">De la resiliencia a nuevas oportunidades<\/p>\n\n\n\n<p class=\"wp-block-paragraph\">La agenda del encuentro estar\u00e1 enfocada en cuatro grandes desaf\u00edos para la regi\u00f3n: resiliencia, competitividad, sostenibilidad y seguridad de las cadenas de suministro. A partir de estos ejes, expertos y l\u00edderes analizar\u00e1n las vulnerabilidades de las redes actuales y explorar\u00e1n mecanismos para fortalecerlas mediante herramientas como la inteligencia artificial, la digitalizaci\u00f3n, la manufactura avanzada, la innovaci\u00f3n log\u00edstica y el desarrollo de infraestructura.<\/p>\n\n\n\n<p class=\"wp-block-paragraph\">\u201cEl objetivo es identificar oportunidades concretas para que la ingenier\u00eda y la investigaci\u00f3n aplicada contribuyan a resolver algunos de los desaf\u00edos que enfrenta actualmente la integraci\u00f3n productiva de Norteam\u00e9rica\u201d, abund\u00f3 Alton D. Romig, Jr., Executive Officer de la NAE.\u201c En este sentido, la conversaci\u00f3n abordar\u00e1 preguntas fundamentales para el futuro industrial de la regi\u00f3n:<\/p>\n\n\n\n<p class=\"wp-block-paragraph\">\u00bfc\u00f3mo pueden las empresas anticiparse a nuevas disrupciones? \u00bfQu\u00e9 tecnolog\u00edas ser\u00e1n determinantes para construir cadenas de suministro m\u00e1s inteligentes? \u00bfC\u00f3mo puede la investigaci\u00f3n aplicada acelerar la transferencia de conocimiento hacia la industria? \u00bfY qu\u00e9 papel tendr\u00e1n M\u00e9xico, Estados Unidos y Canad\u00e1 en la construcci\u00f3n de un ecosistema productivo m\u00e1s resiliente?.<\/p>\n\n\n\n<figure class=\"wp-block-gallery has-nested-images columns-default is-cropped wp-block-gallery-3 is-layout-flex wp-block-gallery-is-layout-flex\">\n<figure class=\"wp-block-image size-large\"><img decoding=\"async\" width=\"500\" height=\"333\" data-id=\"1208044\" src=\"https:\/\/dimensionturistica.com\/es\/wp-content\/uploads\/2026\/09\/5TEC.jpg\" alt=\"\" class=\"wp-image-1208044\" srcset=\"https:\/\/dimensionturistica.com\/es\/wp-content\/uploads\/2026\/09\/5TEC.jpg 500w, https:\/\/dimensionturistica.com\/es\/wp-content\/uploads\/2026\/09\/5TEC-300x200.jpg 300w\" sizes=\"(max-width: 500px) 100vw, 500px\" \/><\/figure>\n<\/figure>\n\n\n\n<p class=\"wp-block-paragraph\">El encuentro reunir\u00e1 a destacados especialistas internacionales de la ingenier\u00eda, la investigaci\u00f3n y la industria, entre ellos se encuentran: David Simchi-Levi, Profesor del Massachusetts Institute of Technology (MIT) y Purdue University; Ignacio Grossmann, Profesor de Carnegie Mellon University; Camilo Ballesty, Vicepresidente de Manufactura de General Motors; Dale Rogers, Profesor de Arizona State University; Filippo Senzio Savino, Director of Supply Chain Latam, Bayer; Claudia M\u00e1rquez, Directora de Digitalizaci\u00f3n, Automatizaci\u00f3n, Inteligencia Artificial y An\u00e1lisis de Datos, DHL Latinoam\u00e9rica Supply Chain; Gast\u00f3n Cedillo, Director del Laboratorio Nacional de Sistemas de Transporte y Log\u00edstica Internacional en Texas A&amp;M University; Andres Weintraub, Profesor de la Universidad de Chile; Leandro Coelho, Profesor de la Universit\u00e9 Laval; entre otros.<\/p>\n\n\n\n<p class=\"wp-block-paragraph\">Monterrey, punto estrat\u00e9gico para la conversaci\u00f3n industrial de Norteam\u00e9rica La elecci\u00f3n de Monterrey como sede del encuentro refleja tambi\u00e9n la relevancia que tiene la ciudad dentro de la transformaci\u00f3n industrial de la regi\u00f3n.<\/p>\n\n\n\n<p class=\"wp-block-paragraph\">Con una s\u00f3lida concentraci\u00f3n de capacidades manufactureras, infraestructura industrial y<\/p>\n\n\n\n<p class=\"wp-block-paragraph\">v\u00ednculos con mercados internacionales, Monterrey se ha consolidado como uno de los principales polos de manufactura avanzada y relocalizaci\u00f3n de operaciones en Norteam\u00e9rica. Desde esta perspectiva, reunir en la ciudad a especialistas en ingenier\u00eda, investigaci\u00f3n e industria permite conectar el conocimiento con uno de los ecosistemas productivos m\u00e1s din\u00e1micos de la regi\u00f3n.<\/p>\n\n\n\n<figure class=\"wp-block-gallery has-nested-images columns-default is-cropped wp-block-gallery-4 is-layout-flex wp-block-gallery-is-layout-flex\">\n<figure class=\"wp-block-image size-large\"><img decoding=\"async\" width=\"500\" height=\"267\" data-id=\"1208045\" src=\"https:\/\/dimensionturistica.com\/es\/wp-content\/uploads\/2026\/09\/2TEC.jpg\" alt=\"\" class=\"wp-image-1208045\" srcset=\"https:\/\/dimensionturistica.com\/es\/wp-content\/uploads\/2026\/09\/2TEC.jpg 500w, https:\/\/dimensionturistica.com\/es\/wp-content\/uploads\/2026\/09\/2TEC-300x160.jpg 300w\" sizes=\"(max-width: 500px) 100vw, 500px\" \/><\/figure>\n<\/figure>\n\n\n\n<p class=\"wp-block-paragraph\">Para el Tecnol\u00f3gico de Monterrey, el encuentro representa adem\u00e1s una oportunidad para<\/p>\n\n\n\n<p class=\"wp-block-paragraph\">fortalecer el papel de su Ecosistema I+D como plataforma para la investigaci\u00f3n aplicada, la<\/p>\n\n\n\n<p class=\"wp-block-paragraph\">innovaci\u00f3n y la transferencia tecnol\u00f3gica orientadas a resolver desaf\u00edos de alto impacto para la industria.<\/p>\n\n\n\n<p class=\"wp-block-paragraph\">Tecnolog\u00eda aplicada para una nueva generaci\u00f3n de cadenas de suministro<\/p>\n\n\n\n<p class=\"wp-block-paragraph\">Uno de los elementos centrales de la conversaci\u00f3n ser\u00e1 la evoluci\u00f3n tecnol\u00f3gica de las operaciones industriales. La inteligencia artificial, la automatizaci\u00f3n, la anal\u00edtica avanzada, la manufactura inteligente y la digitalizaci\u00f3n est\u00e1n modificando la manera en que las empresas producen, transportan y gestionan sus recursos. Sin embargo, la incorporaci\u00f3n de tecnolog\u00eda por s\u00ed misma no garantiza una cadena de suministro m\u00e1s resiliente.<\/p>\n\n\n\n<p class=\"wp-block-paragraph\">El desaf\u00edo consiste en desarrollar capacidades que permitan integrar tecnolog\u00eda, conocimiento e innovaci\u00f3n dentro de las decisiones estrat\u00e9gicas de las organizaciones.<\/p>\n\n\n\n<p class=\"wp-block-paragraph\">Por ello, el encuentro buscar\u00e1 generar un di\u00e1logo entre quienes producen conocimiento y quienes enfrentan diariamente los desaf\u00edos de las cadenas de suministro, con el prop\u00f3sito de identificar oportunidades de colaboraci\u00f3n y acelerar la aplicaci\u00f3n de soluciones.<\/p>\n\n\n\n<p class=\"wp-block-paragraph\">\u201cLa inteligencia artificial y las tecnolog\u00edas avanzadas est\u00e1n transformando la manera en que<\/p>\n\n\n\n<p class=\"wp-block-paragraph\">dise\u00f1amos, operamos y gestionamos las cadenas de suministro. El verdadero reto est\u00e1 en desarrollar capacidades que permitan convertir estas tecnolog\u00edas en soluciones aplicables, escalables y capaces de generar mayor resiliencia y competitividad para la industria\u201d, se\u00f1al\u00f3 Josu\u00e9 C. Vel\u00e1zquez Mart\u00ednez, Director de AI for Manufacturing and Supply Chain Institute del Tecnol\u00f3gico de Monterrey.<\/p>\n\n\n\n<p class=\"wp-block-paragraph\">From Resilience to New Opportunities no se plantea como un encuentro aislado, sino como un punto de partida para fortalecer una conversaci\u00f3n permanente sobre el futuro industrial de Norteam\u00e9rica.<\/p>\n\n\n\n<p class=\"wp-block-paragraph\">A trav\u00e9s del intercambio entre academia, industria y especialistas internacionales, el objetivo ser\u00e1 generar conocimiento que contribuya a informar decisiones, identificar potenciales redes de apoyo mutuo y fortalecer las capacidades de innovaci\u00f3n de la regi\u00f3n.<\/p>\n\n\n\n<p class=\"wp-block-paragraph\">Los interesados pueden consultar la agenda y realizar su registro en: Registro al Encuentro: From Resilience to New Opportunities<\/p>\n","protected":false},"excerpt":{"rendered":"<p>El encuentro internacional From Resilience to New Opportunities: Building the North American Supply Chain of the Future ver\u00e1 vida en la capital de Nuevo Le\u00f3n para abordar los retos de resiliencia, competitividad, sostenibilidad, innovaci\u00f3n y seguridad de las cadenas de suministro de M\u00e9xico, Estados Unidos y Canad\u00e1. El eje de la conversaci\u00f3n \u2013la transformaci\u00f3n de [&hellip;]<\/p>\n","protected":false},"author":1,"featured_media":1208046,"comment_status":"open","ping_status":"closed","sticky":false,"template":"","format":"standard","meta":{"om_disable_all_campaigns":false,"jnews-multi-image_gallery":[],"jnews_single_post":[],"jnews_primary_category":[],"jnews_social_meta":[],"footnotes":""},"categories":[40],"tags":[],"class_list":["post-1208037","post","type-post","status-publish","format-standard","has-post-thumbnail","hentry","category-industria"],"_links":{"self":[{"href":"https:\/\/dimensionturistica.com\/es\/wp-json\/wp\/v2\/posts\/1208037","targetHints":{"allow":["GET"]}}],"collection":[{"href":"https:\/\/dimensionturistica.com\/es\/wp-json\/wp\/v2\/posts"}],"about":[{"href":"https:\/\/dimensionturistica.com\/es\/wp-json\/wp\/v2\/types\/post"}],"author":[{"embeddable":true,"href":"https:\/\/dimensionturistica.com\/es\/wp-json\/wp\/v2\/users\/1"}],"replies":[{"embeddable":true,"href":"https:\/\/dimensionturistica.com\/es\/wp-json\/wp\/v2\/comments?post=1208037"}],"version-history":[{"count":1,"href":"https:\/\/dimensionturistica.com\/es\/wp-json\/wp\/v2\/posts\/1208037\/revisions"}],"predecessor-version":[{"id":1208047,"href":"https:\/\/dimensionturistica.com\/es\/wp-json\/wp\/v2\/posts\/1208037\/revisions\/1208047"}],"wp:featuredmedia":[{"embeddable":true,"href":"https:\/\/dimensionturistica.com\/es\/wp-json\/wp\/v2\/media\/1208046"}],"wp:attachment":[{"href":"https:\/\/dimensionturistica.com\/es\/wp-json\/wp\/v2\/media?parent=1208037"}],"wp:term":[{"taxonomy":"category","embeddable":true,"href":"https:\/\/dimensionturistica.com\/es\/wp-json\/wp\/v2\/categories?post=1208037"},{"taxonomy":"post_tag","embeddable":true,"href":"https:\/\/dimensionturistica.com\/es\/wp-json\/wp\/v2\/tags?post=1208037"}],"curies":[{"name":"wp","href":"https:\/\/api.w.org\/{rel}","templated":true}]}}