{"id":1207929,"date":"2026-09-06T07:17:34","date_gmt":"2026-09-06T07:17:34","guid":{"rendered":"https:\/\/dimensionturistica.com\/es\/?p=1207929"},"modified":"2026-09-06T07:17:34","modified_gmt":"2026-09-06T07:17:34","slug":"los-lugares-mas-elegidos-por-los-espanoles-para-viajar-en-septiembre","status":"publish","type":"post","link":"https:\/\/dimensionturistica.com\/es\/los-lugares-mas-elegidos-por-los-espanoles-para-viajar-en-septiembre\/","title":{"rendered":"Los lugares m\u00e1s elegidos por los espa\u00f1oles para viajar en septiembre"},"content":{"rendered":"<p><strong>Septiembre: El Mes Perfecto para Viajar<\/strong><\/p>\n<p>Septiembre constituye un mes m\u00e1gico para los amantes del turismo. Tras la bulliciosa temporada estival, esta \u00e9poca del a\u00f1o ofrece la oportunidad perfecta para explorar nuevos destinos sin la multitud que caracteriza a los meses m\u00e1s calurosos. En este art\u00edculo, descubriremos cu\u00e1les son los destinos preferidos por los espa\u00f1oles en septiembre y por qu\u00e9 deber\u00edas considerar visitarlos.<\/p>\n<h3>La Costa Norte: Un Refugio de Tranquilidad<\/h3>\n<p>La costa norte de Espa\u00f1a se presenta como un refugio ideal para aquellos que huyen del calor agobiante. Regiones como Galicia, Asturias y Cantabria son elegidas por su clima moderado, paisajes verdes y costumbres locales que invitan a la relajaci\u00f3n. San Sebasti\u00e1n, con sus impresionantes playas y su mundialmente famosa gastronom\u00eda, se destaca como un destino estrella. Septiembre es la \u00e9poca del &#8220;Cider Festival&#8221; en Asturias, donde los visitantes pueden disfrutar de un verdadero fest\u00edn de sidra y platos t\u00edpicos que deleitan el paladar. Adem\u00e1s, las rutas de senderismo en los Picos de Europa son perfectas para los amantes de la naturaleza.<\/p>\n<h3>Andaluc\u00eda: Cultura y Tradici\u00f3n<\/h3>\n<p>Andaluc\u00eda se viste de gala en septiembre con la celebraci\u00f3n de festivales y eventos culturales. Ciudades como Sevilla, Granada y M\u00e1laga vibran con actividades que dan la bienvenida al oto\u00f1o. La Feria de M\u00e1laga, que termina a principios de mes, permite a los visitantes disfrutar de m\u00fasica, bailes y la deliciosa gastronom\u00eda andaluza. Granada, con la majestuosidad de la Alhambra y sus calles empedradas, es otro atractivo que no te puedes perder. La temperatura es agradable y las multitudes comienzan a disminuir, lo que hace que recorrer esta historia viva sea a\u00fan m\u00e1s placentero.<\/p>\n<h3>Ciudadan\u00eda Global: Escapadas Internacionales<\/h3>\n<p>Si hablamos de viajar fuera de nuestras fronteras, destinos como Londres, Par\u00eds y Lisboa son cada vez m\u00e1s populares entre los espa\u00f1oles en septiembre. La capital brit\u00e1nica ofrece una mezcla vibrante de cultura, arte y gastronom\u00eda. Los museos suelen estar menos concurridos, y el clima es ideal para pasear por sus calles. En Par\u00eds, los visitantes pueden disfrutar de un aire rom\u00e1ntico con menos turistas alrededor de los monumentos emblem\u00e1ticos, mientras que Lisboa invita a descubrir su encanto a trav\u00e9s de su arquitectura y la calidez de sus habitantes.<\/p>\n<h3>Cruceros: Un Viaje Sobre el Agua<\/h3>\n<p>Los cruceros tambi\u00e9n se posicionan como una opci\u00f3n atractiva en septiembre. Esta modalidad de viaje no solo ofrece la posibilidad de visitar m\u00faltiples destinos en un solo recorrido, sino que tambi\u00e9n convierte en una experiencia inolvidable el disfrute del mar y la tranquilidad de las noches en alta mar. Los cruceros por el Mediterr\u00e1neo, que incluyen paradas en puertos como Barcelona, Roma o Atenas, son una opci\u00f3n cada vez m\u00e1s valorada por quienes prefieren desembarcar en diferentes lugares y disfrutar de lo mejor de cada uno.<\/p>\n<h3>Sostenibilidad y Ecoturismo<\/h3>\n<p>Finalmente, no podemos olvidar el creciente inter\u00e9s por el ecoturismo y las escapadas sostenibles. Las propuestas de turismo responsable han ido ganando fuerza, y septiembre es el momento ideal para conectar con la naturaleza y emprender rutas de senderismo, visitar parques naturales y disfrutar de actividades al aire libre en localidades menos masificadas. Este mes ofrece una oportunidad para redescubrir la belleza que el turismo responsable puede aportar tanto al viajero como al destino.<\/p>\n<h3>Conclusi\u00f3n<\/h3>\n<p>Septiembre es un mes donde se conjugan la calma y la belleza, lo que lo convierte en un periodo ideal para viajar. Desde las costas del norte de Espa\u00f1a hasta las capitales europeas, pasando por la riqueza cultural de Andaluc\u00eda, las opciones son infinitas. Esta es la oportunidad perfecta para planificar una escapada que combine disfrute y exploraci\u00f3n. As\u00ed que, si a\u00fan no tienes planes, \u00a1es hora de dejarse llevar por la aventura y descubrir los encantos del mundo que te rodea!<\/p>\n<p><em> &#8221; Fuentes www.65ymas.com &#8221; <\/em><\/p>\n","protected":false},"excerpt":{"rendered":"<p>Septiembre: El Mes Perfecto para Viajar Septiembre constituye un mes m\u00e1gico para los amantes del turismo. Tras la bulliciosa temporada estival, esta \u00e9poca del a\u00f1o ofrece la oportunidad perfecta para explorar nuevos destinos sin la multitud que caracteriza a los meses m\u00e1s calurosos. En este art\u00edculo, descubriremos cu\u00e1les son los destinos preferidos por los espa\u00f1oles [&hellip;]<\/p>\n","protected":false},"author":4,"featured_media":1207930,"comment_status":"open","ping_status":"closed","sticky":false,"template":"","format":"standard","meta":{"om_disable_all_campaigns":false,"jnews-multi-image_gallery":[],"jnews_single_post":[],"jnews_primary_category":[],"jnews_social_meta":[],"footnotes":""},"categories":[39],"tags":[1228,5684,79469,5606,544,1861,545,1423],"class_list":["post-1207929","post","type-post","status-publish","format-standard","has-post-thumbnail","hentry","category-viajes","tag-destinos","tag-espanoles","tag-preferencias","tag-septiembre","tag-turismo","tag-vacaciones","tag-viajes","tag-viajes-internacionales"],"_links":{"self":[{"href":"https:\/\/dimensionturistica.com\/es\/wp-json\/wp\/v2\/posts\/1207929","targetHints":{"allow":["GET"]}}],"collection":[{"href":"https:\/\/dimensionturistica.com\/es\/wp-json\/wp\/v2\/posts"}],"about":[{"href":"https:\/\/dimensionturistica.com\/es\/wp-json\/wp\/v2\/types\/post"}],"author":[{"embeddable":true,"href":"https:\/\/dimensionturistica.com\/es\/wp-json\/wp\/v2\/users\/4"}],"replies":[{"embeddable":true,"href":"https:\/\/dimensionturistica.com\/es\/wp-json\/wp\/v2\/comments?post=1207929"}],"version-history":[{"count":1,"href":"https:\/\/dimensionturistica.com\/es\/wp-json\/wp\/v2\/posts\/1207929\/revisions"}],"predecessor-version":[{"id":1207931,"href":"https:\/\/dimensionturistica.com\/es\/wp-json\/wp\/v2\/posts\/1207929\/revisions\/1207931"}],"wp:featuredmedia":[{"embeddable":true,"href":"https:\/\/dimensionturistica.com\/es\/wp-json\/wp\/v2\/media\/1207930"}],"wp:attachment":[{"href":"https:\/\/dimensionturistica.com\/es\/wp-json\/wp\/v2\/media?parent=1207929"}],"wp:term":[{"taxonomy":"category","embeddable":true,"href":"https:\/\/dimensionturistica.com\/es\/wp-json\/wp\/v2\/categories?post=1207929"},{"taxonomy":"post_tag","embeddable":true,"href":"https:\/\/dimensionturistica.com\/es\/wp-json\/wp\/v2\/tags?post=1207929"}],"curies":[{"name":"wp","href":"https:\/\/api.w.org\/{rel}","templated":true}]}}