{"id":120788,"date":"2021-05-03T18:31:03","date_gmt":"2021-05-03T18:31:03","guid":{"rendered":"https:\/\/dimensionturistica.com\/es\/?p=120788"},"modified":"2021-05-03T18:31:03","modified_gmt":"2021-05-03T18:31:03","slug":"rep-dominicana-promueve-vuelo-directo-charlotte-samana","status":"publish","type":"post","link":"https:\/\/dimensionturistica.com\/es\/rep-dominicana-promueve-vuelo-directo-charlotte-samana\/","title":{"rendered":"Rep Dominicana promueve vuelo directo Charlotte Samana"},"content":{"rendered":"<p> <br \/>\n<\/p>\n<div>\n<p>Las Oficinas de Promoci\u00f3n Tur\u00edsticas de New York y Orlando en coordinaci\u00f3n con el Cl\u00faster Tur\u00edstico de Saman\u00e1, contin\u00faan promoviendo el nuevo servicio directo de American Airways que iniciar\u00e1 el 5 de junio<\/p>\n<\/p><\/div>\n<div>\n<p>Esta ruta operar\u00e1 en un equipo Embraer con capacidad de 76 asientos, con dos frecuencias semanales los d\u00edas mi\u00e9rcoles y s\u00e1bados.<\/p>\n<p>Fernando Abreu, director de la OPT de New York, resalt\u00f3 la importancia de este vuelo ya que el mismo representa la apertura del mercado americano hacia Saman\u00e1 porque ser\u00e1 el \u00fanico vuelo desde los Estados Unidos hacia este destino, adem\u00e1s que servir\u00e1 como vuelo de conexi\u00f3n desde otras ciudades del Nordeste Medio Oeste y Suroeste de USA.<\/p>\n<p>[Raquel Reyes, directora de la OPT de Orlando, FL] Por su parte, Raquel Reyes, directora de la OPT de Orlando, FL. realiz\u00f3 una presentaci\u00f3n normal del destino, destacando los nuevos requerimientos de entrada y salida al Pa\u00eds (E-Ticket), protocolos implementados por el Gobierno dominicano en referencia al Covid-19 y enfatiz\u00f3 las herramientas disponibles para los Agentes de Viajes como son el Centro de Informaci\u00f3n del Viajero y la Certificaci\u00f3n de Experto en Rep\u00fablica Dominicana.<\/p>\n<p>Javier Lara, vicepresidente del Cl\u00faster Tur\u00edstico de Saman\u00e1, proyect\u00f3 una llamativa presentaci\u00f3n de Saman\u00e1 mostrando la rica diversidad de opciones que ofrece; enfatizando que es el destino perfect para los amantes de la naturaleza, aventura y bienestar.<\/p>\n<p>Rebeca Ovalle, representante de American Airways, agradeci\u00f3 el esfuerzo de las OPT quienes le han apoyado promoviendo esta ruta, lo que genera una expectativa muy positiva de otros posibles servicios que a corto plazo puedan estar siendo confirmados por esta aerol\u00ednea.<\/p>\n<p>Estas informaciones fueron ofrecidas mediante un webinar, que cont\u00f3, con una destacada participaci\u00f3n de Agentes de Viajes quienes mostraron su entusiasmo y est\u00e1n ansiosos por ofrecer a Saman\u00e1 como opci\u00f3n perfect para las vacaciones de sus clientes, a prop\u00f3sito de la llegada del verano.<\/p>\n<\/p><\/div>\n\n<p><em> &#8221; Fuentes es.travel2latam.com &#8221; <\/em><\/p>\n","protected":false},"excerpt":{"rendered":"<p>Las Oficinas de Promoci\u00f3n Tur\u00edsticas de New York y Orlando en coordinaci\u00f3n con el Cl\u00faster Tur\u00edstico de Saman\u00e1, contin\u00faan promoviendo el nuevo servicio directo de American Airways que iniciar\u00e1 el 5 de junio Esta ruta operar\u00e1 en un equipo Embraer con capacidad de 76 asientos, con dos frecuencias semanales los d\u00edas mi\u00e9rcoles y s\u00e1bados. Fernando [&hellip;]<\/p>\n","protected":false},"author":4,"featured_media":0,"comment_status":"open","ping_status":"closed","sticky":false,"template":"","format":"standard","meta":{"om_disable_all_campaigns":false,"jnews-multi-image_gallery":[],"jnews_single_post":[],"jnews_primary_category":[],"jnews_social_meta":[],"footnotes":""},"categories":[40],"tags":[],"class_list":["post-120788","post","type-post","status-publish","format-standard","hentry","category-industria"],"_links":{"self":[{"href":"https:\/\/dimensionturistica.com\/es\/wp-json\/wp\/v2\/posts\/120788","targetHints":{"allow":["GET"]}}],"collection":[{"href":"https:\/\/dimensionturistica.com\/es\/wp-json\/wp\/v2\/posts"}],"about":[{"href":"https:\/\/dimensionturistica.com\/es\/wp-json\/wp\/v2\/types\/post"}],"author":[{"embeddable":true,"href":"https:\/\/dimensionturistica.com\/es\/wp-json\/wp\/v2\/users\/4"}],"replies":[{"embeddable":true,"href":"https:\/\/dimensionturistica.com\/es\/wp-json\/wp\/v2\/comments?post=120788"}],"version-history":[{"count":0,"href":"https:\/\/dimensionturistica.com\/es\/wp-json\/wp\/v2\/posts\/120788\/revisions"}],"wp:attachment":[{"href":"https:\/\/dimensionturistica.com\/es\/wp-json\/wp\/v2\/media?parent=120788"}],"wp:term":[{"taxonomy":"category","embeddable":true,"href":"https:\/\/dimensionturistica.com\/es\/wp-json\/wp\/v2\/categories?post=120788"},{"taxonomy":"post_tag","embeddable":true,"href":"https:\/\/dimensionturistica.com\/es\/wp-json\/wp\/v2\/tags?post=120788"}],"curies":[{"name":"wp","href":"https:\/\/api.w.org\/{rel}","templated":true}]}}