{"id":1207839,"date":"2026-09-06T00:01:59","date_gmt":"2026-09-06T00:01:59","guid":{"rendered":"https:\/\/dimensionturistica.com\/es\/?p=1207839"},"modified":"2026-09-06T00:01:59","modified_gmt":"2026-09-06T00:01:59","slug":"registra-morelos-crecimiento-turistico-durante-el-verano-2026-derrama-supera-mil-978-mdp","status":"publish","type":"post","link":"https:\/\/dimensionturistica.com\/es\/registra-morelos-crecimiento-turistico-durante-el-verano-2026-derrama-supera-mil-978-mdp\/","title":{"rendered":"Registra Morelos Crecimiento Tur\u00edstico durante el verano 2026; derrama supera mil 978 mdp"},"content":{"rendered":"\n<p class=\"wp-block-paragraph\">M\u00e1s de 1.6 millones de visitantes llegaron al estado entre el 16 de julio y el 30 de agosto, 8.96 por ciento m\u00e1s que el a\u00f1o anterior<\/p>\n\n\n\n<p class=\"wp-block-paragraph\">&nbsp;La ocupaci\u00f3n hotelera promedio de fin de semana alcanz\u00f3 63.01 por ciento, 2.65 puntos porcentuales por arriba del mismo periodo de 2025<\/p>\n\n\n\n<figure class=\"wp-block-gallery has-nested-images columns-default is-cropped wp-block-gallery-1 is-layout-flex wp-block-gallery-is-layout-flex\">\n<figure class=\"wp-block-image size-large\"><img decoding=\"async\" width=\"500\" height=\"281\" data-id=\"1207840\" src=\"https:\/\/dimensionturistica.com\/es\/wp-content\/uploads\/2026\/09\/1MOR.jpg\" alt=\"\" class=\"wp-image-1207840\" srcset=\"https:\/\/dimensionturistica.com\/es\/wp-content\/uploads\/2026\/09\/1MOR.jpg 500w, https:\/\/dimensionturistica.com\/es\/wp-content\/uploads\/2026\/09\/1MOR-300x169.jpg 300w\" sizes=\"(max-width: 500px) 100vw, 500px\" \/><\/figure>\n<\/figure>\n\n\n\n<p class=\"wp-block-paragraph\">Cuernavaca, Morelos a 2 de septiembre del 2026.- Morelos cerr\u00f3 el periodo vacacional de verano 2026 con un mill\u00f3n 629 mil 988 visitantes, cifra 8.96 por ciento superior a la registrada el a\u00f1o anterior, una derrama econ\u00f3mica estimada de mil 978 millones 766 mil pesos y una ocupaci\u00f3n hotelera promedio de fin de semana de 63.01 por ciento.<\/p>\n\n\n\n<p class=\"wp-block-paragraph\">Entre el 16 de julio y el 30 de agosto, 651 mil 995 turistas generaron una derrama estimada de mil 264 millones 655 mil pesos, mientras que 977 mil 993 excursionistas aportaron 714 millones 110 mil pesos. La ocupaci\u00f3n de fin de semana se ubic\u00f3 2.65 puntos porcentuales por arriba del mismo periodo de 2025.<\/p>\n\n\n\n<p class=\"wp-block-paragraph\">Por destinos y segmentos, Tesoros de Morelos registr\u00f3 73.17 por ciento de ocupaci\u00f3n durante los fines de semana; Jiutepec, 68.89 por ciento; Cuernavaca, 67.67 por ciento; y los Pueblos M\u00e1gicos, 66.77 por ciento.<\/p>\n\n\n\n<figure class=\"wp-block-gallery has-nested-images columns-default is-cropped wp-block-gallery-2 is-layout-flex wp-block-gallery-is-layout-flex\">\n<figure class=\"wp-block-image size-large\"><img decoding=\"async\" width=\"500\" height=\"333\" data-id=\"1207844\" src=\"https:\/\/dimensionturistica.com\/es\/wp-content\/uploads\/2026\/09\/5MOR.jpg\" alt=\"\" class=\"wp-image-1207844\" srcset=\"https:\/\/dimensionturistica.com\/es\/wp-content\/uploads\/2026\/09\/5MOR.jpg 500w, https:\/\/dimensionturistica.com\/es\/wp-content\/uploads\/2026\/09\/5MOR-300x200.jpg 300w\" sizes=\"(max-width: 500px) 100vw, 500px\" \/><\/figure>\n<\/figure>\n\n\n\n<p class=\"wp-block-paragraph\">Al respecto, el secretario de Turismo, Daniel Altafi Valladares, se\u00f1al\u00f3 que estos datos permiten orientar decisiones para aprovechar la fortaleza de los fines de semana, favorecer una mayor estancia y consumo local, y ampliar las oportunidades para hoteles, restaurantes, comercios y prestadores de servicios.<\/p>\n\n\n\n<p class=\"wp-block-paragraph\">Por su parte, David Ricardo L\u00f3pez Jim\u00e9nez, presidente de la C\u00e1mara Nacional de Comercio, Servicios y Turismo (Canaco-servytur) de Cuernavaca, destac\u00f3 el efecto de la temporada en la actividad comercial y de servicios.<\/p>\n\n\n\n<p class=\"wp-block-paragraph\">\u201cFue una temporada que gener\u00f3 movimiento y beneficios para distintos establecimientos. Lo importante ahora es mantener la coordinaci\u00f3n con el Gobierno de Morelos y aprovechar la informaci\u00f3n para identificar nuevas oportunidades\u201d, expres\u00f3.<\/p>\n\n\n\n<p class=\"wp-block-paragraph\">Al respecto, Pablo Bernot Krauze, presidente de la Asociaci\u00f3n de Hoteles del Estado de Morelos (AHEM), resalt\u00f3 la ocupaci\u00f3n de fin de semana.<\/p>\n\n\n\n<p class=\"wp-block-paragraph\">\u201cEl verano tuvo resultados favorables y confirma que Morelos mantiene una demanda importante en las escapadas de fin de semana. Seguir trabajando de la mano con el Gobierno del Estado nos permitir\u00e1 mejorar la oferta y la competitividad\u201d, indic\u00f3.<\/p>\n\n\n\n<figure class=\"wp-block-gallery has-nested-images columns-default is-cropped wp-block-gallery-3 is-layout-flex wp-block-gallery-is-layout-flex\">\n<figure class=\"wp-block-image size-large\"><img decoding=\"async\" width=\"500\" height=\"333\" data-id=\"1207841\" src=\"https:\/\/dimensionturistica.com\/es\/wp-content\/uploads\/2026\/09\/6MOR.jpg\" alt=\"\" class=\"wp-image-1207841\" srcset=\"https:\/\/dimensionturistica.com\/es\/wp-content\/uploads\/2026\/09\/6MOR.jpg 500w, https:\/\/dimensionturistica.com\/es\/wp-content\/uploads\/2026\/09\/6MOR-300x200.jpg 300w\" sizes=\"(max-width: 500px) 100vw, 500px\" \/><\/figure>\n<\/figure>\n\n\n\n<p class=\"wp-block-paragraph\">Estos resultados se inscriben en la pol\u00edtica que impulsa la gobernadora Margarita Gonz\u00e1lez Saravia para consolidar al turismo como generador de actividad econ\u00f3mica y desarrollo en los diversos destinos y comunidades de Morelos.<\/p>\n\n\n\n<p class=\"wp-block-paragraph\">Los indicadores son generados por el Observatorio Tur\u00edstico Sostenible de Morelos, que analiza afluencia, ocupaci\u00f3n, derrama y comportamiento de visitantes para orientar decisiones de promoci\u00f3n y desarrollo de productos.&nbsp; Con esta informaci\u00f3n, el Gobierno de \u201cLa tierra que nos une\u201d y el sector tur\u00edstico cuentan con mayores elementos para convertir el crecimiento de visitantes en mayor estancia, consumo local y actividad econ\u00f3mica en los destinos.<\/p>\n","protected":false},"excerpt":{"rendered":"<p>M\u00e1s de 1.6 millones de visitantes llegaron al estado entre el 16 de julio y el 30 de agosto, 8.96 por ciento m\u00e1s que el a\u00f1o anterior &nbsp;La ocupaci\u00f3n hotelera promedio de fin de semana alcanz\u00f3 63.01 por ciento, 2.65 puntos porcentuales por arriba del mismo periodo de 2025 Cuernavaca, Morelos a 2 de septiembre [&hellip;]<\/p>\n","protected":false},"author":1,"featured_media":1207845,"comment_status":"open","ping_status":"closed","sticky":false,"template":"","format":"standard","meta":{"om_disable_all_campaigns":false,"jnews-multi-image_gallery":[],"jnews_single_post":{"format":"standard"},"jnews_primary_category":[],"jnews_social_meta":[],"footnotes":""},"categories":[39],"tags":[],"class_list":["post-1207839","post","type-post","status-publish","format-standard","has-post-thumbnail","hentry","category-viajes"],"_links":{"self":[{"href":"https:\/\/dimensionturistica.com\/es\/wp-json\/wp\/v2\/posts\/1207839","targetHints":{"allow":["GET"]}}],"collection":[{"href":"https:\/\/dimensionturistica.com\/es\/wp-json\/wp\/v2\/posts"}],"about":[{"href":"https:\/\/dimensionturistica.com\/es\/wp-json\/wp\/v2\/types\/post"}],"author":[{"embeddable":true,"href":"https:\/\/dimensionturistica.com\/es\/wp-json\/wp\/v2\/users\/1"}],"replies":[{"embeddable":true,"href":"https:\/\/dimensionturistica.com\/es\/wp-json\/wp\/v2\/comments?post=1207839"}],"version-history":[{"count":1,"href":"https:\/\/dimensionturistica.com\/es\/wp-json\/wp\/v2\/posts\/1207839\/revisions"}],"predecessor-version":[{"id":1207846,"href":"https:\/\/dimensionturistica.com\/es\/wp-json\/wp\/v2\/posts\/1207839\/revisions\/1207846"}],"wp:featuredmedia":[{"embeddable":true,"href":"https:\/\/dimensionturistica.com\/es\/wp-json\/wp\/v2\/media\/1207845"}],"wp:attachment":[{"href":"https:\/\/dimensionturistica.com\/es\/wp-json\/wp\/v2\/media?parent=1207839"}],"wp:term":[{"taxonomy":"category","embeddable":true,"href":"https:\/\/dimensionturistica.com\/es\/wp-json\/wp\/v2\/categories?post=1207839"},{"taxonomy":"post_tag","embeddable":true,"href":"https:\/\/dimensionturistica.com\/es\/wp-json\/wp\/v2\/tags?post=1207839"}],"curies":[{"name":"wp","href":"https:\/\/api.w.org\/{rel}","templated":true}]}}