{"id":1207825,"date":"2026-09-05T23:16:03","date_gmt":"2026-09-05T23:16:03","guid":{"rendered":"https:\/\/dimensionturistica.com\/es\/?p=1207825"},"modified":"2026-09-05T23:16:03","modified_gmt":"2026-09-05T23:16:03","slug":"encuentro-de-400-profesionales-del-turismo-en-el-evento-de-lomas","status":"publish","type":"post","link":"https:\/\/dimensionturistica.com\/es\/encuentro-de-400-profesionales-del-turismo-en-el-evento-de-lomas\/","title":{"rendered":"Encuentro de 400 profesionales del turismo en el evento de Lomas"},"content":{"rendered":"<p><strong>Un Encuentro que Celebra la Pasi\u00f3n por Viajar: La Semana de Apreciaci\u00f3n del Grupo Lomas<\/strong><\/p>\n<p>En un mundo donde la conexi\u00f3n humana abunda, pero a menudo se siente superficial, el Grupo Lomas demostr\u00f3 que no hay nada como la calidez del encuentro presencial para fortalecer v\u00ednculos. La reciente Semana de Apreciaci\u00f3n del Grupo Lomas se convirti\u00f3 en un evento inolvidable, donde 400 agentes de viajes de diversas partes del mundo se dieron cita para compartir experiencias, forjar nuevas relaciones y celebrar un compromiso compartido: el amor por el turismo.<\/p>\n<p>Celebrado en uno de los destinos m\u00e1s emblem\u00e1ticos de M\u00e9xico, este evento ofreci\u00f3 un programa repleto de actividades que combinaban formaci\u00f3n, entretenimiento y networking. Con una agenda cuidadosamente dise\u00f1ada, los asistentes tuvieron la oportunidad de participar en talleres interactivos, donde expertos del sector compartieron las \u00faltimas tendencias y estrategias que est\u00e1n transformando la industria del turismo. Desde la sostenibilidad en los viajes hasta las innovaciones digitales, el intercambio de ideas fue rico y estimulante.<\/p>\n<p>La experiencia no se limit\u00f3 a las conferencias y talleres; los asistentes tambi\u00e9n disfrutaron de momentos de esparcimiento que resaltaron la cultura y hospitalidad mexicana. Excursiones a lugares ic\u00f3nicos, degustaciones de la deliciosa gastronom\u00eda local y noches tem\u00e1ticas con m\u00fasica y baile fueron la forma perfecta de celebrar y conectar de una manera m\u00e1s informal. La interacci\u00f3n entre los agentes de viajes, adem\u00e1s de crear un ambiente de camarader\u00eda, foment\u00f3 el intercambio de conocimientos y mejores pr\u00e1cticas, amplificando as\u00ed el esp\u00edritu de colaboraci\u00f3n que define al Grupo Lomas.<\/p>\n<p>Una de las caracter\u00edsticas m\u00e1s sobresalientes de este evento fue su enfoque en la sostenibilidad. En un sector que enfrenta desaf\u00edos medioambientales cada vez m\u00e1s urgentes, las discusiones alrededor de c\u00f3mo hacer del turismo una actividad m\u00e1s responsable y consciente fueron centrales. Los participantes no solo aprendieron sobre iniciativas eco-amigables, sino que tambi\u00e9n se comprometieron a implementar estas pr\u00e1cticas en sus propias agencias, promoviendo un turismo que beneficie a todos.<\/p>\n<p>Al concluir la semana, lo que predominaba no era solo la satisfacci\u00f3n de haber adquirido nuevos conocimientos, sino un sentido renovado de pertenencia a una comunidad que valora cada aspecto del viaje. Los asistentes regresaron a sus lugares de origen con no solo herramientas y estrategias, sino tambi\u00e9n con recuerdos inolvidables y un renovado entusiasmo por el futuro del turismo.<\/p>\n<p>En un panorama donde la incertidumbre ha sido una constante, eventos como la Semana de Apreciaci\u00f3n del Grupo Lomas son un recordatorio poderoso de la resiliencia y la creatividad de aquellos que hacen posible que los sue\u00f1os de viajar se hagan realidad. En un mundo interconectado, estas oportunidades de conexi\u00f3n personal pueden convertirse en el motor que impulse al sector tur\u00edstico hacia nuevas alturas.<\/p>\n<p>As\u00ed, m\u00e1s que un evento, esta semana se erige como un faro de esperanza y renovaci\u00f3n, iluminando el camino hacia un futuro en el que la pasi\u00f3n por los viajes y la colaboraci\u00f3n entre profesionales son m\u00e1s cruciales que nunca. En el horizonte, las posibilidades son infinitas, y el Grupo Lomas est\u00e1 listo para llevar a sus socios en este viaje apasionante.<\/p>\n<p><em> &#8221; Sources galucomunicacion.com &#8221; <\/em><\/p>\n","protected":false},"excerpt":{"rendered":"<p>Un Encuentro que Celebra la Pasi\u00f3n por Viajar: La Semana de Apreciaci\u00f3n del Grupo Lomas En un mundo donde la conexi\u00f3n humana abunda, pero a menudo se siente superficial, el Grupo Lomas demostr\u00f3 que no hay nada como la calidez del encuentro presencial para fortalecer v\u00ednculos. La reciente Semana de Apreciaci\u00f3n del Grupo Lomas se [&hellip;]<\/p>\n","protected":false},"author":4,"featured_media":1207826,"comment_status":"open","ping_status":"closed","sticky":false,"template":"","format":"standard","meta":{"om_disable_all_campaigns":false,"jnews-multi-image_gallery":[],"jnews_single_post":[],"jnews_primary_category":[],"jnews_social_meta":[],"footnotes":""},"categories":[40],"tags":[1895,768,297013,26582,723,125634,18703,1453,297014,297015,769,82288,2407,6219,1810,633,544,545,297016],"class_list":["post-1207825","post","type-post","status-publish","format-standard","has-post-thumbnail","hentry","category-industria","tag-agentes-de-viajes","tag-argentina","tag-bolivia-y-chile","tag-estados-unidos-y-canada","tag-evento","tag-grupo-lomas","tag-grupo-xcaret","tag-industria-del-turismo","tag-lomas-appreciation-week-2026","tag-lomas-hospitality","tag-mexico","tag-networking","tag-paraguay","tag-playa-del-carmen","tag-reino-unido","tag-reuniones","tag-turismo","tag-viajes","tag-vicente-madrigal"],"_links":{"self":[{"href":"https:\/\/dimensionturistica.com\/es\/wp-json\/wp\/v2\/posts\/1207825","targetHints":{"allow":["GET"]}}],"collection":[{"href":"https:\/\/dimensionturistica.com\/es\/wp-json\/wp\/v2\/posts"}],"about":[{"href":"https:\/\/dimensionturistica.com\/es\/wp-json\/wp\/v2\/types\/post"}],"author":[{"embeddable":true,"href":"https:\/\/dimensionturistica.com\/es\/wp-json\/wp\/v2\/users\/4"}],"replies":[{"embeddable":true,"href":"https:\/\/dimensionturistica.com\/es\/wp-json\/wp\/v2\/comments?post=1207825"}],"version-history":[{"count":1,"href":"https:\/\/dimensionturistica.com\/es\/wp-json\/wp\/v2\/posts\/1207825\/revisions"}],"predecessor-version":[{"id":1207827,"href":"https:\/\/dimensionturistica.com\/es\/wp-json\/wp\/v2\/posts\/1207825\/revisions\/1207827"}],"wp:featuredmedia":[{"embeddable":true,"href":"https:\/\/dimensionturistica.com\/es\/wp-json\/wp\/v2\/media\/1207826"}],"wp:attachment":[{"href":"https:\/\/dimensionturistica.com\/es\/wp-json\/wp\/v2\/media?parent=1207825"}],"wp:term":[{"taxonomy":"category","embeddable":true,"href":"https:\/\/dimensionturistica.com\/es\/wp-json\/wp\/v2\/categories?post=1207825"},{"taxonomy":"post_tag","embeddable":true,"href":"https:\/\/dimensionturistica.com\/es\/wp-json\/wp\/v2\/tags?post=1207825"}],"curies":[{"name":"wp","href":"https:\/\/api.w.org\/{rel}","templated":true}]}}