{"id":1207809,"date":"2026-09-05T22:07:29","date_gmt":"2026-09-05T22:07:29","guid":{"rendered":"https:\/\/dimensionturistica.com\/es\/?p=1207809"},"modified":"2026-09-05T22:07:29","modified_gmt":"2026-09-05T22:07:29","slug":"amal-clooney-brilla-en-venecia-2026-con-un-sofisticado-vestido-de-lunares-rojos-y-sandalias-de-tiras-anchas","status":"publish","type":"post","link":"https:\/\/dimensionturistica.com\/es\/amal-clooney-brilla-en-venecia-2026-con-un-sofisticado-vestido-de-lunares-rojos-y-sandalias-de-tiras-anchas\/","title":{"rendered":"Amal Clooney brilla en Venecia 2026 con un sofisticado vestido de lunares rojos y sandalias de tiras anchas."},"content":{"rendered":"<p><strong>El Glamour de Venecia: Amal Clooney y su Icono de Moda R\u00e1pida<\/strong><\/p>\n<p>En una \u00e9poca donde la moda se entrelaza con el contexto cultural y social, una aparici\u00f3n reciente ha capturado la atenci\u00f3n de los amantes del estilo a nivel mundial. En la m\u00e1gica ciudad de Venecia, Amal Clooney, reconocida abogada y s\u00edmbolo de elegancia, ha deslumbrado con su elecci\u00f3n de vestuario, convirti\u00e9ndose en el centro de atenci\u00f3n de las c\u00e1maras y de las tendencias de moda.<\/p>\n<p>La protagonista de esta historia no es solo su impresionante trayectoria profesional, sino su innegable capacidad para combinar sofisticaci\u00f3n y frescura. Clooney opt\u00f3 por un vestido de lunares rojos, un cl\u00e1sico que evoca la esencia rom\u00e1ntica de la moda. Este dise\u00f1o, que podr\u00eda parecer simple a primera vista, se convierte en un lienzo en el que se plasman detalles inesperados y un corte que realza sus proporciones, creando un equilibrio perfecto entre lo moderno y lo vintage.<\/p>\n<p>Pero lo que realmente rob\u00f3 el protagonismo de su atuendo fueron sus sandalias de tiras gruesas. En el mundo del calzado, este tipo de sandalias ha resurgido como una opci\u00f3n audaz y vers\u00e1til, capaz de llevar un outfit del d\u00eda a la noche con el m\u00ednimo esfuerzo. La elecci\u00f3n de Amal resalta no solo su buen gusto, sino tambi\u00e9n una corriente que abraza la comodidad sin sacrificar el estilo. Este detalle de su look subraya una tendencia que se ha apoderado de las pasarelas, donde las piezas que ofrecen confort se han convertido en esenciales del armario contempor\u00e1neo.<\/p>\n<p>La combinaci\u00f3n de estos elementos no solo refleja la maestr\u00eda de Clooney en la elecci\u00f3n de vestuario, sino que tambi\u00e9n invita a la reflexi\u00f3n sobre c\u00f3mo lo cl\u00e1sico puede reinventarse. Las lunares, un estampado atemporal, hablan de nostalgia y alegr\u00eda, mientras que las sandalias de tiras gruesas evocan una modernidad audaz, un contraste que captura la atenci\u00f3n y enriquece la narrativa de la moda actual.<\/p>\n<p>Sin importar las temporadas o las tendencias, Amal Clooney contin\u00faa demostrando que la moda es una herramienta poderosa que puede contar historias, expresar identidades y desafiar normas. Su presencia en Venecia no solo es un evento social, sino una declaraci\u00f3n de estilo que inspira a muchos a experimentar con su propio guardarropa, a mezclar patrones y texturas, recordando que el arte de vestir es tambi\u00e9n un reflejo de nuestra personalidad.<\/p>\n<p>A medida que avanza la temporada de eventos y presentaciones, las elecciones de moda de figuras influyentes como Clooney son ejemplos perfectos de c\u00f3mo mantenerse relevante en la cultura contempor\u00e1nea. La atenci\u00f3n a los detalles, la elecci\u00f3n de piezas que dialogan entre s\u00ed y el audaz uso de estampados se presentan como claves para conquistar cualquier pasarela, o simplemente, las calles de nuestro d\u00eda a d\u00eda.<\/p>\n<p>En un mundo donde la imagen y la primera impresi\u00f3n juegan un papel crucial, el look de Amal Clooney en Venecia se convierte en un faro para aquellos que desean expresarse a trav\u00e9s de la moda. Innovar mientras se rinde homenaje a lo cl\u00e1sico es, sin duda, una lecci\u00f3n valiosa en el fascinante universo del estilo.<\/p>\n<p><em> &#8221; Fuentes www.vogue.mx &#8221; <\/em><\/p>\n","protected":false},"excerpt":{"rendered":"<p>El Glamour de Venecia: Amal Clooney y su Icono de Moda R\u00e1pida En una \u00e9poca donde la moda se entrelaza con el contexto cultural y social, una aparici\u00f3n reciente ha capturado la atenci\u00f3n de los amantes del estilo a nivel mundial. En la m\u00e1gica ciudad de Venecia, Amal Clooney, reconocida abogada y s\u00edmbolo de elegancia, [&hellip;]<\/p>\n","protected":false},"author":14,"featured_media":1207810,"comment_status":"open","ping_status":"closed","sticky":false,"template":"","format":"standard","meta":{"om_disable_all_campaigns":false,"jnews-multi-image_gallery":[],"jnews_single_post":[],"jnews_primary_category":[],"jnews_social_meta":[],"footnotes":""},"categories":[144872],"tags":[198504,25937,52522,15259,296999,297000,202412],"class_list":["post-1207809","post","type-post","status-publish","format-standard","has-post-thumbnail","hentry","category-fashion","tag-amal-clooney","tag-elegante","tag-festival-de-cine-de-venecia","tag-rojos","tag-sandalias-de-tiras-gruesas","tag-venecia-2026","tag-vestido-de-lunares"],"_links":{"self":[{"href":"https:\/\/dimensionturistica.com\/es\/wp-json\/wp\/v2\/posts\/1207809","targetHints":{"allow":["GET"]}}],"collection":[{"href":"https:\/\/dimensionturistica.com\/es\/wp-json\/wp\/v2\/posts"}],"about":[{"href":"https:\/\/dimensionturistica.com\/es\/wp-json\/wp\/v2\/types\/post"}],"author":[{"embeddable":true,"href":"https:\/\/dimensionturistica.com\/es\/wp-json\/wp\/v2\/users\/14"}],"replies":[{"embeddable":true,"href":"https:\/\/dimensionturistica.com\/es\/wp-json\/wp\/v2\/comments?post=1207809"}],"version-history":[{"count":1,"href":"https:\/\/dimensionturistica.com\/es\/wp-json\/wp\/v2\/posts\/1207809\/revisions"}],"predecessor-version":[{"id":1207811,"href":"https:\/\/dimensionturistica.com\/es\/wp-json\/wp\/v2\/posts\/1207809\/revisions\/1207811"}],"wp:featuredmedia":[{"embeddable":true,"href":"https:\/\/dimensionturistica.com\/es\/wp-json\/wp\/v2\/media\/1207810"}],"wp:attachment":[{"href":"https:\/\/dimensionturistica.com\/es\/wp-json\/wp\/v2\/media?parent=1207809"}],"wp:term":[{"taxonomy":"category","embeddable":true,"href":"https:\/\/dimensionturistica.com\/es\/wp-json\/wp\/v2\/categories?post=1207809"},{"taxonomy":"post_tag","embeddable":true,"href":"https:\/\/dimensionturistica.com\/es\/wp-json\/wp\/v2\/tags?post=1207809"}],"curies":[{"name":"wp","href":"https:\/\/api.w.org\/{rel}","templated":true}]}}