{"id":1207792,"date":"2026-09-05T20:51:48","date_gmt":"2026-09-05T20:51:48","guid":{"rendered":"https:\/\/dimensionturistica.com\/es\/?p=1207792"},"modified":"2026-09-05T20:51:48","modified_gmt":"2026-09-05T20:51:48","slug":"cdmx-suspende-el-servicio-de-scooters-de-alquiler-despues-de-registrar-mas-de-117000-trayectos-y-semovi-considera-su-reintegracion-con-nuevas-regulaciones","status":"publish","type":"post","link":"https:\/\/dimensionturistica.com\/es\/cdmx-suspende-el-servicio-de-scooters-de-alquiler-despues-de-registrar-mas-de-117000-trayectos-y-semovi-considera-su-reintegracion-con-nuevas-regulaciones\/","title":{"rendered":"CDMX suspende el servicio de scooters de alquiler despu\u00e9s de registrar m\u00e1s de 117,000 trayectos y Semovi considera su reintegraci\u00f3n con nuevas regulaciones."},"content":{"rendered":"<p><strong>El Futuro de la Movilidad en la CDMX: Una Nueva Era para los Scooters de Renta<\/strong><\/p>\n<p>La Ciudad de M\u00e9xico, un vibrante mosaico cultural y urbano, ha sido testigo de la transformaci\u00f3n de su paisaje de movilidad en los \u00faltimos a\u00f1os. Ante la creciente demanda por opciones de transporte sostenibles y r\u00e1pidas, los scooters de renta han emergido como una soluci\u00f3n innovadora para el caos del tr\u00e1fico y la congesti\u00f3n de sus calles. Sin embargo, la historia reciente sobre la regulaci\u00f3n de estos veh\u00edculos ha tomado un giro inesperado, creando un d\u00e9bat sobre el futuro de este medio de transporte.<\/p>\n<p>Recientemente, la Secretar\u00eda de Movilidad (Semovi) de la CDMX ha comenzado un proceso de evaluaci\u00f3n tras la decisi\u00f3n de retirar los scooters de renta que, aunque hab\u00edan registrado un impresionante n\u00famero de 117,000 viajes, tambi\u00e9n generaron preocupaciones sobre su uso inapropiado y la seguridad de los usuarios. Esta medida es parte de un intento por encontrar un equilibrio entre la innovaci\u00f3n en la movilidad urbana y la necesidad de un orden en las calles de la metr\u00f3poli.<\/p>\n<p>Durante el tiempo que los scooters estuvieron disponibles, quienes exploraron la ciudad sobre dos ruedas disfrutaron de una forma distintiva de conectar con los diversos barrios, desde la emblem\u00e1tica Condesa hasta el bullicioso Centro Hist\u00f3rico. Esta experiencia cambi\u00f3 la forma en que muchos perciben el transitar por la CDMX, permitiendo una movilidad que se adapta a un ritmo din\u00e1mico y que puede ser integrada f\u00e1cilmente en un estilo de vida urbano.<\/p>\n<p>Sin embargo, la aventura de deslizarnos sobre estos veh\u00edculos no estuvo exenta de desaf\u00edos. Los problemas de estacionamiento, la falta de infraestructura adecuada y la integridad de los usuarios se han convertido en puntos cr\u00edticos para la discusi\u00f3n sobre su reintroducci\u00f3n. Es un tema que toca no solo la seguridad personal, sino tambi\u00e9n la necesidad de un marco adecuado que regule estos servicios.<\/p>\n<p>La evaluaci\u00f3n que actualmente se lleva a cabo podr\u00eda traer consigo nuevas reglas y regulaciones que busquen mejorar la experiencia de uso, garantizando que sean una opci\u00f3n viable y segura. Esto podr\u00eda incluir la creaci\u00f3n de zonas designadas para el estacionamiento de scooters, la implementaci\u00f3n de campa\u00f1as de concienciaci\u00f3n sobre las normas de tr\u00e1nsito, y la mejora de la infraestructura ciclista en la ciudad. Con estos cambios, se podr\u00eda generar un entorno m\u00e1s amigable tanto para los usuarios de scooters como para los peatones.<\/p>\n<p>Adem\u00e1s, la discusi\u00f3n sobre el futuro de los scooters de renta en la CDMX es una representaci\u00f3n de un movimiento m\u00e1s amplio hacia la sostenibilidad en las ciudades. A medida que las grandes urbes enfrentan retos ambientales, encontrar alternativas limpias y pr\u00e1cticas para el transporte se vuelve crucial. Los scooters el\u00e9ctricos no solo contribuyen a la reducci\u00f3n de emisiones, sino que tambi\u00e9n promueven un estilo de vida m\u00e1s activo entre los ciudadanos.<\/p>\n<p>Las decisiones que tome la Semovi en los pr\u00f3ximos meses podr\u00edan definir la direcci\u00f3n de la movilidad en la ciudad. De implementarse nuevos modelos de regulaci\u00f3n, es posible que los scooters puedan regresar, acompa\u00f1ados de un renovado compromiso hacia la seguridad y el bienestar del usuario, fortaleciendo su lugar en el ecosistema de transporte urbano.<\/p>\n<p>Para los amantes de la aventura y los viajeros curiosos, esta espera no significa solo la posible reaparici\u00f3n de los scooters, sino una invitaci\u00f3n a reflexionar sobre c\u00f3mo nos movemos por las ciudades. A medida que las decisiones se tomen y se implementen, el futuro de la movilidad en la Ciudad de M\u00e9xico sigue siendo una historia en desarrollo que, sin duda, merece ser seguida de cerca.<\/p>\n<p><em> &#8221; Fuentes www.xataka.com.mx &#8221; <\/em><\/p>\n","protected":false},"excerpt":{"rendered":"<p>El Futuro de la Movilidad en la CDMX: Una Nueva Era para los Scooters de Renta La Ciudad de M\u00e9xico, un vibrante mosaico cultural y urbano, ha sido testigo de la transformaci\u00f3n de su paisaje de movilidad en los \u00faltimos a\u00f1os. Ante la creciente demanda por opciones de transporte sostenibles y r\u00e1pidas, los scooters de [&hellip;]<\/p>\n","protected":false},"author":4,"featured_media":1207793,"comment_status":"open","ping_status":"closed","sticky":false,"template":"","format":"standard","meta":{"om_disable_all_campaigns":false,"jnews-multi-image_gallery":[],"jnews_single_post":[],"jnews_primary_category":[],"jnews_social_meta":[],"footnotes":""},"categories":[39],"tags":[1689,1347,41082,177948,13819,15416,296995,653,681],"class_list":["post-1207792","post","type-post","status-publish","format-standard","has-post-thumbnail","hentry","category-viajes","tag-cdmx","tag-movilidad","tag-regulacion","tag-scooters","tag-seguridad-vial","tag-semovi","tag-servicios-de-renta","tag-transporte","tag-viaje"],"_links":{"self":[{"href":"https:\/\/dimensionturistica.com\/es\/wp-json\/wp\/v2\/posts\/1207792","targetHints":{"allow":["GET"]}}],"collection":[{"href":"https:\/\/dimensionturistica.com\/es\/wp-json\/wp\/v2\/posts"}],"about":[{"href":"https:\/\/dimensionturistica.com\/es\/wp-json\/wp\/v2\/types\/post"}],"author":[{"embeddable":true,"href":"https:\/\/dimensionturistica.com\/es\/wp-json\/wp\/v2\/users\/4"}],"replies":[{"embeddable":true,"href":"https:\/\/dimensionturistica.com\/es\/wp-json\/wp\/v2\/comments?post=1207792"}],"version-history":[{"count":1,"href":"https:\/\/dimensionturistica.com\/es\/wp-json\/wp\/v2\/posts\/1207792\/revisions"}],"predecessor-version":[{"id":1207794,"href":"https:\/\/dimensionturistica.com\/es\/wp-json\/wp\/v2\/posts\/1207792\/revisions\/1207794"}],"wp:featuredmedia":[{"embeddable":true,"href":"https:\/\/dimensionturistica.com\/es\/wp-json\/wp\/v2\/media\/1207793"}],"wp:attachment":[{"href":"https:\/\/dimensionturistica.com\/es\/wp-json\/wp\/v2\/media?parent=1207792"}],"wp:term":[{"taxonomy":"category","embeddable":true,"href":"https:\/\/dimensionturistica.com\/es\/wp-json\/wp\/v2\/categories?post=1207792"},{"taxonomy":"post_tag","embeddable":true,"href":"https:\/\/dimensionturistica.com\/es\/wp-json\/wp\/v2\/tags?post=1207792"}],"curies":[{"name":"wp","href":"https:\/\/api.w.org\/{rel}","templated":true}]}}