{"id":1207771,"date":"2026-09-05T19:33:22","date_gmt":"2026-09-05T19:33:22","guid":{"rendered":"https:\/\/dimensionturistica.com\/es\/?p=1207771"},"modified":"2026-09-05T19:33:22","modified_gmt":"2026-09-05T19:33:22","slug":"celebrando-la-danza-internacional-la-gala-anual-de-bienvenida-a-despertares-organizada-por-isaac-hernandez","status":"publish","type":"post","link":"https:\/\/dimensionturistica.com\/es\/celebrando-la-danza-internacional-la-gala-anual-de-bienvenida-a-despertares-organizada-por-isaac-hernandez\/","title":{"rendered":"Celebrando la Danza Internacional: La Gala Anual de Bienvenida a Despertares Organizada por Isaac Hern\u00e1ndez"},"content":{"rendered":"<p><strong>Despertares: La Gala que Reescribe el Glamor del Ballet<\/strong><\/p>\n<p>La noche del pasado s\u00e1bado fue un testimonio irrefutable del poder del arte y la moda fusion\u00e1ndose en una sola experiencia sensorial. La gala &#8220;Despertares&#8221;, organizada por el destacado bailar\u00edn Isaac Hern\u00e1ndez, marc\u00f3 un hito en el panorama cultural, cautivando a un selecto grupo de personalidades del espect\u00e1culo y la moda. Este evento no solo celebra la danza; es una declaraci\u00f3n audaz sobre la est\u00e9tica contempor\u00e1nea que rompe barreras y une diversas disciplinas.<\/p>\n<p>El Majestuoso Espacio<\/p>\n<p>El lugar elegido fue un escenario que por s\u00ed mismo es un \u00edcono: un sal\u00f3n de eventos que se transform\u00f3 en un mundo de ensue\u00f1o, decorado con luces tenues y elementos que evocaban un ambiente sofisticado. Cada rinc\u00f3n fue dise\u00f1ado para ofrecer una experiencia inmersiva, poniendo de relieve la esencia del ballet a trav\u00e9s de una concepci\u00f3n visual que sorprendi\u00f3 a los asistentes.<\/p>\n<p>Estrellas y Estilo<\/p>\n<p>La alfombra roja se convirti\u00f3 en un desfile de alta costura, donde las celebridades no escatimaron en estilo. Figuras del cine, la m\u00fasica y la moda brillaron con atuendos que capturaban la esencia de la gala. Destacaron los dise\u00f1os de renombrados modistos, que jugaron con texturas y colores para rendir homenaje a la elegancia del ballet. La interacci\u00f3n entre los asistentes y sus elecciones est\u00e9ticas no solo mostr\u00f3 su apreciaci\u00f3n por el arte, sino que tambi\u00e9n evidenci\u00f3 una clara intenci\u00f3n de ser parte de un movimiento que celebraba la creatividad en todas sus expresiones.<\/p>\n<p>La Performance<\/p>\n<p>Uno de los momentos culminantes de la noche fue la presentaci\u00f3n de una selecci\u00f3n de bailarines de \u00e9lite, quienes, bajo la direcci\u00f3n de Isaac Hern\u00e1ndez, ofrecieron una actuaci\u00f3n que fusionaba la t\u00e9cnica cl\u00e1sica del ballet con elementos contempor\u00e1neos. Coreograf\u00edas que exploraban emociones profundas y universales dejaron al p\u00fablico boquiabierto, reflejando el esfuerzo y dedicaci\u00f3n detr\u00e1s de cada interpretaci\u00f3n. La m\u00fasica, una cuidadosa elecci\u00f3n que complementaba cada paso, a\u00f1adi\u00f3 una capa de intensidad emocional que reson\u00f3 en todos los presentes.<\/p>\n<p>M\u00e1s All\u00e1 de las Apariencias<\/p>\n<p>&#8220;Despertares&#8221; no se limit\u00f3 a ser un evento glamoroso; tambi\u00e9n encarn\u00f3 la responsabilidad social. Con sus ingresos, se apoyaron iniciativas que fomentan el acceso a la danza en comunidades desfavorecidas. As\u00ed, su mensaje se amplific\u00f3 m\u00e1s all\u00e1 del entretenimiento, convirti\u00e9ndose en un llamado a la acci\u00f3n y a la generaci\u00f3n de oportunidades para nuevas generaciones de artistas.<\/p>\n<p>Redefiniendo el Impacto<\/p>\n<p>El eco de &#8220;Despertares&#8221; trascender\u00e1 la noche del evento. A trav\u00e9s de su confluencia de arte, moda y filantrop\u00eda, ha dejado una huella imborrable, invitando a la reflexi\u00f3n sobre c\u00f3mo el ballet puede inspirar y transformar. La combinaci\u00f3n de estas disciplinas no solo realza el valor cultural, sino que tambi\u00e9n ampl\u00eda el alcance de la danza en el mundo contempor\u00e1neo.<\/p>\n<p>A medida que la gala concluy\u00f3 y las luces se apagaron, qued\u00f3 claro: &#8220;Despertares&#8221; fue m\u00e1s que una simple celebraci\u00f3n; fue un manifiesto de creatividad, pasi\u00f3n y compromiso con el arte en todas sus formas. Sin duda, su repercusi\u00f3n se extender\u00e1, animando a m\u00e1s eventos que contin\u00faen esta danza entre la moda y el ballet, dejando un sabor especial en el panorama cultural que invit\u00f3 a todos a sumarse a esta vibrante conversaci\u00f3n.<\/p>\n<p><em> &#8221; Fuentes www.vogue.mx &#8221; <\/em><\/p>\n","protected":false},"excerpt":{"rendered":"<p>Despertares: La Gala que Reescribe el Glamor del Ballet La noche del pasado s\u00e1bado fue un testimonio irrefutable del poder del arte y la moda fusion\u00e1ndose en una sola experiencia sensorial. La gala &#8220;Despertares&#8221;, organizada por el destacado bailar\u00edn Isaac Hern\u00e1ndez, marc\u00f3 un hito en el panorama cultural, cautivando a un selecto grupo de personalidades [&hellip;]<\/p>\n","protected":false},"author":14,"featured_media":1207772,"comment_status":"open","ping_status":"closed","sticky":false,"template":"","format":"standard","meta":{"om_disable_all_campaigns":false,"jnews-multi-image_gallery":[],"jnews_single_post":[],"jnews_primary_category":[],"jnews_social_meta":[],"footnotes":""},"categories":[144872],"tags":[14544,662,8685,296986,296985,7686,723,25759,44278,142911,373],"class_list":["post-1207771","post","type-post","status-publish","format-standard","has-post-thumbnail","hentry","category-fashion","tag-bienvenida","tag-cultura","tag-danza","tag-danza-internacional","tag-despertares","tag-espectaculo","tag-evento","tag-gala","tag-isaac-hernandez","tag-splitscreenimageleftinset","tag-web"],"_links":{"self":[{"href":"https:\/\/dimensionturistica.com\/es\/wp-json\/wp\/v2\/posts\/1207771","targetHints":{"allow":["GET"]}}],"collection":[{"href":"https:\/\/dimensionturistica.com\/es\/wp-json\/wp\/v2\/posts"}],"about":[{"href":"https:\/\/dimensionturistica.com\/es\/wp-json\/wp\/v2\/types\/post"}],"author":[{"embeddable":true,"href":"https:\/\/dimensionturistica.com\/es\/wp-json\/wp\/v2\/users\/14"}],"replies":[{"embeddable":true,"href":"https:\/\/dimensionturistica.com\/es\/wp-json\/wp\/v2\/comments?post=1207771"}],"version-history":[{"count":1,"href":"https:\/\/dimensionturistica.com\/es\/wp-json\/wp\/v2\/posts\/1207771\/revisions"}],"predecessor-version":[{"id":1207773,"href":"https:\/\/dimensionturistica.com\/es\/wp-json\/wp\/v2\/posts\/1207771\/revisions\/1207773"}],"wp:featuredmedia":[{"embeddable":true,"href":"https:\/\/dimensionturistica.com\/es\/wp-json\/wp\/v2\/media\/1207772"}],"wp:attachment":[{"href":"https:\/\/dimensionturistica.com\/es\/wp-json\/wp\/v2\/media?parent=1207771"}],"wp:term":[{"taxonomy":"category","embeddable":true,"href":"https:\/\/dimensionturistica.com\/es\/wp-json\/wp\/v2\/categories?post=1207771"},{"taxonomy":"post_tag","embeddable":true,"href":"https:\/\/dimensionturistica.com\/es\/wp-json\/wp\/v2\/tags?post=1207771"}],"curies":[{"name":"wp","href":"https:\/\/api.w.org\/{rel}","templated":true}]}}