{"id":1207759,"date":"2026-09-05T19:00:44","date_gmt":"2026-09-05T19:00:44","guid":{"rendered":"https:\/\/dimensionturistica.com\/es\/?p=1207759"},"modified":"2026-09-05T19:00:44","modified_gmt":"2026-09-05T19:00:44","slug":"fazt-y-soriana-ofreceran-24-horas-de-carga-gratuita-en-todas-las-estaciones-fazt-ubicadas-en-soriana","status":"publish","type":"post","link":"https:\/\/dimensionturistica.com\/es\/fazt-y-soriana-ofreceran-24-horas-de-carga-gratuita-en-todas-las-estaciones-fazt-ubicadas-en-soriana\/","title":{"rendered":"FAZT y Soriana ofrecer\u00e1n 24 horas de carga gratuita en todas las estaciones FAZT ubicadas en Soriana."},"content":{"rendered":"\n<p class=\"wp-block-paragraph\">En el marco del mes patrio, FAZT, l\u00edder en carga r\u00e1pida para veh\u00edculos el\u00e9ctricos en M\u00e9xico, y Soriana, el supermercado de todos los mexicanos, se unen para celebrar a M\u00e9xico y agradecer la confianza de sus clientes, regal\u00e1ndoles un d\u00eda completo de cargas gratis en las estaciones FAZT ubicadas en Soriana.<\/p>\n\n\n\n<figure class=\"wp-block-gallery has-nested-images columns-default is-cropped wp-block-gallery-1 is-layout-flex wp-block-gallery-is-layout-flex\">\n<figure class=\"wp-block-image size-large\"><img decoding=\"async\" width=\"500\" height=\"341\" data-id=\"1207760\" src=\"https:\/\/dimensionturistica.com\/es\/wp-content\/uploads\/2026\/09\/3FATZ.jpg\" alt=\"\" class=\"wp-image-1207760\" srcset=\"https:\/\/dimensionturistica.com\/es\/wp-content\/uploads\/2026\/09\/3FATZ.jpg 500w, https:\/\/dimensionturistica.com\/es\/wp-content\/uploads\/2026\/09\/3FATZ-300x205.jpg 300w\" sizes=\"(max-width: 500px) 100vw, 500px\" \/><\/figure>\n<\/figure>\n\n\n\n<p class=\"wp-block-paragraph\">Este mi\u00e9rcoles 2 de septiembre, cualquier usuario podr\u00e1 acudir a cualquiera de las 31 estaciones FAZT en tiendas Sorianas en la Ciudad de M\u00e9xico, Estado de M\u00e9xico, Nuevo Le\u00f3n, Quer\u00e9taro, Guanajuato, Puebla y Jalisco, y cargar su veh\u00edculo el\u00e9ctrico gratis durante 24 horas, desde las 00:00 hasta las 23:59 horas.<\/p>\n\n\n\n<p class=\"wp-block-paragraph\">\u201cCelebrar a M\u00e9xico tambi\u00e9n significa celebrar su futuro y todo aquello que nos mueve hacia adelante. Con FAZT Day en Soriana queremos agradecer la confianza de nuestros clientes y de todas las personas que forman parte de la transformaci\u00f3n de la movilidad en M\u00e9xico. Qu\u00e9 mejor manera de hacerlo que regalando un d\u00eda completo de cargas y celebrando juntos un M\u00e9xico que avanza, que innova y que se mueve hacia el futuro\u201d, se\u00f1al\u00f3 el equipo de FAZT.<\/p>\n\n\n\n<p class=\"wp-block-paragraph\">La expansi\u00f3n de la movilidad el\u00e9ctrica tambi\u00e9n abre una oportunidad para avanzar hacia alternativas de transporte con menores emisiones. De acuerdo con la Comisi\u00f3n Nacional de Energ\u00eda (CNE), los veh\u00edculos el\u00e9ctricos e h\u00edbridos conectables pueden reducir entre 39% y 70% las emisiones de gases y compuestos de efecto invernadero frente a los veh\u00edculos de combusti\u00f3n, dependiendo de las condiciones consideradas.<\/p>\n\n\n\n<figure class=\"wp-block-gallery has-nested-images columns-default is-cropped wp-block-gallery-2 is-layout-flex wp-block-gallery-is-layout-flex\">\n<figure class=\"wp-block-image size-large\"><img decoding=\"async\" width=\"500\" height=\"365\" data-id=\"1207761\" src=\"https:\/\/dimensionturistica.com\/es\/wp-content\/uploads\/2026\/09\/5FATZ.jpg\" alt=\"\" class=\"wp-image-1207761\" srcset=\"https:\/\/dimensionturistica.com\/es\/wp-content\/uploads\/2026\/09\/5FATZ.jpg 500w, https:\/\/dimensionturistica.com\/es\/wp-content\/uploads\/2026\/09\/5FATZ-300x219.jpg 300w\" sizes=\"(max-width: 500px) 100vw, 500px\" \/><\/figure>\n<\/figure>\n\n\n\n<p class=\"wp-block-paragraph\">Por ello, FAZT y Soriana refuerzan su compromiso con el desarrollo de la movilidad el\u00e9ctrica en M\u00e9xico, acercando la infraestructura de carga r\u00e1pida a m\u00e1s personas y contribuyendo a que la electromovilidad sea cada vez m\u00e1s accesible y cotidiana en el pa\u00eds.<\/p>\n\n\n\n<p class=\"wp-block-paragraph\">\u201cEn Soriana siempre buscamos ofrecer todo en un solo lugar, brindando a nuestros clientes soluciones que hagan m\u00e1s f\u00e1cil y conveniente su d\u00eda a d\u00eda. Como empresa mexicana, trabajamos a trav\u00e9s de alianzas estrat\u00e9gicas para sumar beneficios que apoyen a las familias mexicanas y contribuyan a su econom\u00eda, al mismo tiempo que impulsamos nuevas alternativas de movilidad que complementen su experiencia y les permitan aprovechar mejor su visita a nuestras tiendas\u201d, declar\u00f3 Gerado D\u00edaz Canales, Director de Desarrollo Inmobiliario de Organizaci\u00f3n Soriana.<\/p>\n\n\n\n<figure class=\"wp-block-gallery has-nested-images columns-default is-cropped wp-block-gallery-3 is-layout-flex wp-block-gallery-is-layout-flex\">\n<figure class=\"wp-block-image size-large\"><img decoding=\"async\" width=\"500\" height=\"277\" data-id=\"1207762\" src=\"https:\/\/dimensionturistica.com\/es\/wp-content\/uploads\/2026\/09\/9FATZ.jpg\" alt=\"\" class=\"wp-image-1207762\" srcset=\"https:\/\/dimensionturistica.com\/es\/wp-content\/uploads\/2026\/09\/9FATZ.jpg 500w, https:\/\/dimensionturistica.com\/es\/wp-content\/uploads\/2026\/09\/9FATZ-300x166.jpg 300w\" sizes=\"(max-width: 500px) 100vw, 500px\" \/><\/figure>\n<\/figure>\n\n\n\n<p class=\"wp-block-paragraph\">Con esta iniciativa, FAZT y Soriana celebran el mes patrio acercando a sus clientes un beneficio que combina innovaci\u00f3n, ahorro y cuidado del medio ambiente ambiental, al tiempo que contribuyen al desarrollo de una movilidad m\u00e1s accesible y sostenible en M\u00e9xico.<\/p>\n\n\n\n<p class=\"wp-block-paragraph\">FAZT Day en Soriana<\/p>\n\n\n\n<p class=\"wp-block-paragraph\">Mi\u00e9rcoles 2 de septiembre<\/p>\n\n\n\n<p class=\"wp-block-paragraph\">00:00 a 23:59 horas<\/p>\n\n\n\n<p class=\"wp-block-paragraph\">Carga 100% gratuita<\/p>\n\n\n\n<p class=\"wp-block-paragraph\">Todas las estaciones FAZT ubicadas en Soriana<\/p>\n\n\n\n<p class=\"wp-block-paragraph\">Acerca de Soriana:<\/p>\n","protected":false},"excerpt":{"rendered":"<p>En el marco del mes patrio, FAZT, l\u00edder en carga r\u00e1pida para veh\u00edculos el\u00e9ctricos en M\u00e9xico, y Soriana, el supermercado de todos los mexicanos, se unen para celebrar a M\u00e9xico y agradecer la confianza de sus clientes, regal\u00e1ndoles un d\u00eda completo de cargas gratis en las estaciones FAZT ubicadas en Soriana. Este mi\u00e9rcoles 2 de [&hellip;]<\/p>\n","protected":false},"author":1,"featured_media":1207763,"comment_status":"open","ping_status":"closed","sticky":false,"template":"","format":"standard","meta":{"om_disable_all_campaigns":false,"jnews-multi-image_gallery":[],"jnews_single_post":[],"jnews_primary_category":[],"jnews_social_meta":[],"footnotes":""},"categories":[40],"tags":[],"class_list":["post-1207759","post","type-post","status-publish","format-standard","has-post-thumbnail","hentry","category-industria"],"_links":{"self":[{"href":"https:\/\/dimensionturistica.com\/es\/wp-json\/wp\/v2\/posts\/1207759","targetHints":{"allow":["GET"]}}],"collection":[{"href":"https:\/\/dimensionturistica.com\/es\/wp-json\/wp\/v2\/posts"}],"about":[{"href":"https:\/\/dimensionturistica.com\/es\/wp-json\/wp\/v2\/types\/post"}],"author":[{"embeddable":true,"href":"https:\/\/dimensionturistica.com\/es\/wp-json\/wp\/v2\/users\/1"}],"replies":[{"embeddable":true,"href":"https:\/\/dimensionturistica.com\/es\/wp-json\/wp\/v2\/comments?post=1207759"}],"version-history":[{"count":1,"href":"https:\/\/dimensionturistica.com\/es\/wp-json\/wp\/v2\/posts\/1207759\/revisions"}],"predecessor-version":[{"id":1207764,"href":"https:\/\/dimensionturistica.com\/es\/wp-json\/wp\/v2\/posts\/1207759\/revisions\/1207764"}],"wp:featuredmedia":[{"embeddable":true,"href":"https:\/\/dimensionturistica.com\/es\/wp-json\/wp\/v2\/media\/1207763"}],"wp:attachment":[{"href":"https:\/\/dimensionturistica.com\/es\/wp-json\/wp\/v2\/media?parent=1207759"}],"wp:term":[{"taxonomy":"category","embeddable":true,"href":"https:\/\/dimensionturistica.com\/es\/wp-json\/wp\/v2\/categories?post=1207759"},{"taxonomy":"post_tag","embeddable":true,"href":"https:\/\/dimensionturistica.com\/es\/wp-json\/wp\/v2\/tags?post=1207759"}],"curies":[{"name":"wp","href":"https:\/\/api.w.org\/{rel}","templated":true}]}}