{"id":1207740,"date":"2026-09-05T17:50:20","date_gmt":"2026-09-05T17:50:20","guid":{"rendered":"https:\/\/dimensionturistica.com\/es\/?p=1207740"},"modified":"2026-09-05T17:50:20","modified_gmt":"2026-09-05T17:50:20","slug":"los-corceles-libertarios-el-filme-sobre-el-golpe-de-estado-en-chile-que-desato-una-ovacion-de-14-minutos-en-el-festival-de-venecia-2026","status":"publish","type":"post","link":"https:\/\/dimensionturistica.com\/es\/los-corceles-libertarios-el-filme-sobre-el-golpe-de-estado-en-chile-que-desato-una-ovacion-de-14-minutos-en-el-festival-de-venecia-2026\/","title":{"rendered":"Los Corceles Libertarios: El filme sobre el Golpe de Estado en Chile que desat\u00f3 una ovaci\u00f3n de 14 minutos en el Festival de Venecia 2026"},"content":{"rendered":"<p>En el vertiginoso mundo de la moda, donde cada prenda cuenta una historia, llega una propuesta que fusiona lo cinematogr\u00e1fico con la elegancia est\u00e9tica de alta costura. Un nuevo filme, que ha capturado la atenci\u00f3n tanto de cr\u00edticos como de entusiastas del mundo fashionista, nos transporta a un universo donde la indumentaria y la narrativa visual se entrelazan de manera magistral. Esta experiencia visual no solo es un fest\u00edn para los ojos, sino tambi\u00e9n un campo de exploraci\u00f3n sobre la identidad, la naturaleza y la evoluci\u00f3n del estilo personal.<\/p>\n<p>La narrativa de este proyecto cinematogr\u00e1fico gira en torno a un viaje inesperado, donde los protagonistas se ven envueltos en dilemas existenciales y transformaciones profundas. En este sentido, la moda juega un rol protag\u00f3nico, sirviendo no solo como elemento de vestuario, sino como una extensi\u00f3n de los personajes y de sus emociones. Las elecciones de vestuario se convierten en declaraciones esenciales, reflejando el viaje emocional de cada individuo.<\/p>\n<p>El dise\u00f1o de vestuario, meticulosamente elaborado, destaca por su capacidad de contar historias. Las texturas, los colores y los cortes no solo se eligen por su est\u00e9tica, sino por el significado que cada prenda aporta al relato. De esta forma, la moda se transforma en un veh\u00edculo de comunicaci\u00f3n visual, creando un v\u00ednculo \u00edntimo entre el espectador y los personajes en pantalla.<\/p>\n<p>La influencia de este filme va m\u00e1s all\u00e1 de las proyecciones en cines; el efecto en el mundo de la moda es palpable. Las colecciones de las principales casas de moda se ven impregnadas por la est\u00e9tica presentada en la pel\u00edcula. Los dise\u00f1adores, inspirados por la fusi\u00f3n de lo emocional y lo estil\u00edstico, comienzan a reinterpretar sus propias ideas, integrando elementos que evocan la esencia de esta obra cinematogr\u00e1fica.<\/p>\n<p>Los actos de creaci\u00f3n y de representaci\u00f3n en la moda se ven intensamente renovados. La narrativa visual del filme promueve una reflexi\u00f3n sobre la autenticidad y la autoexpresi\u00f3n en un mundo donde la imagen a menudo se construye sobre est\u00e1ndares inalcanzables. Este proyecto destaca la importancia de abrazar las singularidades personales, animando a las audiencias a explorar su propia esencia a trav\u00e9s de la moda.<\/p>\n<p>Este resurgimiento del valor narrativo en la moda invita a los amantes de la est\u00e9tica a repensar sus elecciones. Se trata de una llamada no solo a observar la moda como una simple apariencia, sino como lenguaje, cultura y arte. Las conexiones que hacemos con las prendas que vestimos tienen el potencial de contar historias que trascienden lo superficial. <\/p>\n<p>As\u00ed, la intersecci\u00f3n de cine y moda abre nuevas posibilidades creativas, donde la narrativa no solo se ve, sino que se siente. Este di\u00e1logo visual entre ambas disciplinas promete no solo inspirar, sino tambi\u00e9n desafiar a los espectadores a redefinir su relaci\u00f3n con la moda. En este escenario, cada atuendo se convierte en una obra de arte, cada acceso a una sala de cine en una pasarela que invita a la reflexi\u00f3n y la expresi\u00f3n personal. <\/p>\n<p>La moda no es solo lo que llevamos puesto; es una manifestaci\u00f3n de quienes somos y de c\u00f3mo nos relacionamos con el mundo. En este sentido, la conexi\u00f3n entre la moda y el cine nos recuerda que ambos son plataformas poderosas para el cambio, la autoexploraci\u00f3n y el empoderamiento personal. Con cada proyecci\u00f3n y cada desfile, el espectador se convierte en parte de esta narrativa, uniendo hilos de creatividad, identidad y expresi\u00f3n en un tapiz que celebra la diversidad y la individualidad. \u00a1Prep\u00e1rate para sumergirte en esta experiencia visual y est\u00e9tica que est\u00e1 destinada a dejar huella!<\/p>\n<p><em> &#8221; Fuentes www.vogue.mx &#8221; <\/em><\/p>\n","protected":false},"excerpt":{"rendered":"<p>En el vertiginoso mundo de la moda, donde cada prenda cuenta una historia, llega una propuesta que fusiona lo cinematogr\u00e1fico con la elegancia est\u00e9tica de alta costura. Un nuevo filme, que ha capturado la atenci\u00f3n tanto de cr\u00edticos como de entusiastas del mundo fashionista, nos transporta a un universo donde la indumentaria y la narrativa [&hellip;]<\/p>\n","protected":false},"author":14,"featured_media":1207741,"comment_status":"open","ping_status":"closed","sticky":false,"template":"","format":"standard","meta":{"om_disable_all_campaigns":false,"jnews-multi-image_gallery":[],"jnews_single_post":[],"jnews_primary_category":[],"jnews_social_meta":[],"footnotes":""},"categories":[144872],"tags":[55723,766,875,52522,245262,58544,6643,53193,8065,2411,546,296981],"class_list":["post-1207740","post","type-post","status-publish","format-standard","has-post-thumbnail","hentry","category-fashion","tag-55723","tag-chile","tag-cine","tag-festival-de-cine-de-venecia","tag-festival-de-venecia","tag-golpe-de-estado","tag-historia","tag-ovacion","tag-pelicula","tag-peliculas","tag-politica","tag-wild-horse-nine"],"_links":{"self":[{"href":"https:\/\/dimensionturistica.com\/es\/wp-json\/wp\/v2\/posts\/1207740","targetHints":{"allow":["GET"]}}],"collection":[{"href":"https:\/\/dimensionturistica.com\/es\/wp-json\/wp\/v2\/posts"}],"about":[{"href":"https:\/\/dimensionturistica.com\/es\/wp-json\/wp\/v2\/types\/post"}],"author":[{"embeddable":true,"href":"https:\/\/dimensionturistica.com\/es\/wp-json\/wp\/v2\/users\/14"}],"replies":[{"embeddable":true,"href":"https:\/\/dimensionturistica.com\/es\/wp-json\/wp\/v2\/comments?post=1207740"}],"version-history":[{"count":1,"href":"https:\/\/dimensionturistica.com\/es\/wp-json\/wp\/v2\/posts\/1207740\/revisions"}],"predecessor-version":[{"id":1207742,"href":"https:\/\/dimensionturistica.com\/es\/wp-json\/wp\/v2\/posts\/1207740\/revisions\/1207742"}],"wp:featuredmedia":[{"embeddable":true,"href":"https:\/\/dimensionturistica.com\/es\/wp-json\/wp\/v2\/media\/1207741"}],"wp:attachment":[{"href":"https:\/\/dimensionturistica.com\/es\/wp-json\/wp\/v2\/media?parent=1207740"}],"wp:term":[{"taxonomy":"category","embeddable":true,"href":"https:\/\/dimensionturistica.com\/es\/wp-json\/wp\/v2\/categories?post=1207740"},{"taxonomy":"post_tag","embeddable":true,"href":"https:\/\/dimensionturistica.com\/es\/wp-json\/wp\/v2\/tags?post=1207740"}],"curies":[{"name":"wp","href":"https:\/\/api.w.org\/{rel}","templated":true}]}}