{"id":1207722,"date":"2026-09-05T16:59:34","date_gmt":"2026-09-05T16:59:34","guid":{"rendered":"https:\/\/dimensionturistica.com\/es\/?p=1207722"},"modified":"2026-09-05T16:59:34","modified_gmt":"2026-09-05T16:59:34","slug":"la-talentosa-actriz-chilena-mariana-di-girolamo-deslumbro-en-el-festival-de-venecia-2026-con-un-encantador-conjunto-de-falda-y-corse-de-chanel","status":"publish","type":"post","link":"https:\/\/dimensionturistica.com\/es\/la-talentosa-actriz-chilena-mariana-di-girolamo-deslumbro-en-el-festival-de-venecia-2026-con-un-encantador-conjunto-de-falda-y-corse-de-chanel\/","title":{"rendered":"La talentosa actriz chilena Mariana Di Girolamo deslumbr\u00f3 en el Festival de Venecia 2026 con un encantador conjunto de falda y cors\u00e9 de Chanel."},"content":{"rendered":"<h2>Brillando en el Festival de Venecia: Estilo y Glamour en el Red Carpet<\/h2>\n<p>El Festival de Cine de Venecia, celebre por su rica tradici\u00f3n y su inigualable magia, se convirti\u00f2 una vez m\u00e1s en el escaparate de la moda y el cine mundial. La edici\u00f3n de 2026 no solo reuni\u00f3 a las estrellas m\u00e1s deslumbrantes del s\u00e9ptimo arte, sino que tambi\u00e9n se convirti\u00f3 en un escenario donde la moda elev\u00f3 el concepto de estilo a nuevas alturas. En esta edici\u00f3n, una figura emergente captur\u00f3 la atenci\u00f3n de todos: la talentosa actriz Mariana Di Girolamo.<\/p>\n<p>Los espectadores se maravillaron al ver a Di Girolamo deslumbrar en la famosa alfombra roja con un vestido que desafiaba las convenciones del vestir. Su elecci\u00f3n de un dise\u00f1o audaz y contempor\u00e1neo, en tonos vibrantes y con cortes inesperados, la posicion\u00f3 como una de las mejores vestidas del festival. Este tipo de elecciones no solo resaltan su estilo personal, sino que tambi\u00e9n reflejan una tendencia creciente en la moda donde se busca romper con el tradicionalismo y abrazar la individualidad.<\/p>\n<p>Pero no solo se trat\u00f3 del vestido. Cada detalle, desde los accesorios hasta el maquillaje, fue cuidadosamente seleccionado para complementar su look. Los pendientes llamativos y el peinado elegante se unieron a la narrativa visual, creando una combinaci\u00f3n que reson\u00f3 en cada rinc\u00f3n del evento. Mariana Di Girolamo, con su presencia magn\u00e9tica, demostr\u00f3 que la moda va m\u00e1s all\u00e1 de la ropa; se trata de contar una historia, de expresar una identidad.<\/p>\n<p>El Festival de Venecia es conocido por atraer a los grandes nombres de la industria cinematogr\u00e1fica, pero este a\u00f1o el foco tambi\u00e9n se centr\u00f3 en el impacto de nuevas generaciones de artistas como Di Girolamo. La forma en que se ha apoderado del espacio, no solo en t\u00e9rminos de actuaci\u00f3n, sino tambi\u00e9n de moda, inspira a muchos a salir de su zona de confort y experimentar con su propio estilo. La creatividad y la innovaci\u00f3n se evidencian cuando los artistas eligen piezas que reflejan su personalidad, y Mariana se ha convertido en un s\u00edmbolo de este esp\u00edritu vanguardista.<\/p>\n<p>A lo largo del festival, las nuevas tendencias emergen, abriendo un di\u00e1logo entre el cine y la moda. La influencia mutua entre ambos mundos sugiere que la alfombra roja no solo es un lugar para el glamour, sino tambi\u00e9n un laboratorio de tendencias donde se experimenta con colores, texturas y formas. La presencia de Di Girolamo es un ejemplo claro de c\u00f3mo la individualidad puede ser una declaraci\u00f3n poderosa en la moda contempor\u00e1nea.<\/p>\n<p>En un evento donde la imagen es crucial, la elecci\u00f3n de atuendo de Mariana Di Girolamo enfatiza la importancia de la autoexpresi\u00f3n. Como la pel\u00edcula misma, la moda cuenta historias y, a veces, una sola aparici\u00f3n en la alfombra roja puede cambiar la percepci\u00f3n del p\u00fablico sobre un artista. La conexi\u00f3n entre su estilo audaz y la narrativa que elige proyectar est\u00e1 resonando no solo en las redes sociales, sino tambi\u00e9n en la mente de sus seguidores y fashionistas.<\/p>\n<p>El Festival de Venecia 2026 dejar\u00e1 una huella significativa en la memoria colectiva, no solo por sus proyecciones cinematogr\u00e1ficas, sino por los momentos de magia est\u00e9tica que artistas como Mariana Di Girolamo han tra\u00eddo a la luz. Cada a\u00f1o, el festival en Venecia transforma su esencia, y este a\u00f1o lo hizo mediante un canto a la creatividad, la diversidad y la valent\u00eda en la moda, caracter\u00edsticas que contin\u00faan influyendo y redefiniendo lo que es ser un \u00edcono del estilo en el siglo XXI.<\/p>\n<p><em> &#8221; Fuentes www.vogue.mx &#8221; <\/em><\/p>\n","protected":false},"excerpt":{"rendered":"<p>Brillando en el Festival de Venecia: Estilo y Glamour en el Red Carpet El Festival de Cine de Venecia, celebre por su rica tradici\u00f3n y su inigualable magia, se convirti\u00f2 una vez m\u00e1s en el escaparate de la moda y el cine mundial. La edici\u00f3n de 2026 no solo reuni\u00f3 a las estrellas m\u00e1s deslumbrantes [&hellip;]<\/p>\n","protected":false},"author":14,"featured_media":1207723,"comment_status":"open","ping_status":"closed","sticky":false,"template":"","format":"standard","meta":{"om_disable_all_campaigns":false,"jnews-multi-image_gallery":[],"jnews_single_post":[],"jnews_primary_category":[],"jnews_social_meta":[],"footnotes":""},"categories":[144872],"tags":[296978,21732,4664,200854,7758,221182,52522,296976,296977,296975,659],"class_list":["post-1207722","post","type-post","status-publish","format-standard","has-post-thumbnail","hentry","category-fashion","tag-actriz-chilena","tag-alfombra-roja","tag-chanel","tag-corse","tag-estilo","tag-falda","tag-festival-de-cine-de-venecia","tag-festival-de-venecia-2026","tag-look-romantico","tag-mariana-di-girolamo","tag-moda"],"_links":{"self":[{"href":"https:\/\/dimensionturistica.com\/es\/wp-json\/wp\/v2\/posts\/1207722","targetHints":{"allow":["GET"]}}],"collection":[{"href":"https:\/\/dimensionturistica.com\/es\/wp-json\/wp\/v2\/posts"}],"about":[{"href":"https:\/\/dimensionturistica.com\/es\/wp-json\/wp\/v2\/types\/post"}],"author":[{"embeddable":true,"href":"https:\/\/dimensionturistica.com\/es\/wp-json\/wp\/v2\/users\/14"}],"replies":[{"embeddable":true,"href":"https:\/\/dimensionturistica.com\/es\/wp-json\/wp\/v2\/comments?post=1207722"}],"version-history":[{"count":1,"href":"https:\/\/dimensionturistica.com\/es\/wp-json\/wp\/v2\/posts\/1207722\/revisions"}],"predecessor-version":[{"id":1207724,"href":"https:\/\/dimensionturistica.com\/es\/wp-json\/wp\/v2\/posts\/1207722\/revisions\/1207724"}],"wp:featuredmedia":[{"embeddable":true,"href":"https:\/\/dimensionturistica.com\/es\/wp-json\/wp\/v2\/media\/1207723"}],"wp:attachment":[{"href":"https:\/\/dimensionturistica.com\/es\/wp-json\/wp\/v2\/media?parent=1207722"}],"wp:term":[{"taxonomy":"category","embeddable":true,"href":"https:\/\/dimensionturistica.com\/es\/wp-json\/wp\/v2\/categories?post=1207722"},{"taxonomy":"post_tag","embeddable":true,"href":"https:\/\/dimensionturistica.com\/es\/wp-json\/wp\/v2\/tags?post=1207722"}],"curies":[{"name":"wp","href":"https:\/\/api.w.org\/{rel}","templated":true}]}}