{"id":1207713,"date":"2026-09-05T16:49:05","date_gmt":"2026-09-05T16:49:05","guid":{"rendered":"https:\/\/dimensionturistica.com\/es\/?p=1207713"},"modified":"2026-09-05T16:49:05","modified_gmt":"2026-09-05T16:49:05","slug":"sustainable-social-tourism-summit-cierra-su-decima-edicion-como-referente-del-turismo-sostenible","status":"publish","type":"post","link":"https:\/\/dimensionturistica.com\/es\/sustainable-social-tourism-summit-cierra-su-decima-edicion-como-referente-del-turismo-sostenible\/","title":{"rendered":"\u2022 Sustainable &#038; Social Tourism Summit cierra su d\u00e9cima edici\u00f3n como referente del turismo sostenible"},"content":{"rendered":"\n<p class=\"wp-block-paragraph\">Despu\u00e9s de tres d\u00edas de conferencias, paneles, intercambio de experiencias y generaci\u00f3n de alianzas, concluy\u00f3 en la Ciudad de M\u00e9xico la 10\u00aa edici\u00f3n de Sustainable &amp; Social Tourism Summit, consolid\u00e1ndose como un espacio de referencia para el di\u00e1logo, la colaboraci\u00f3n y la construcci\u00f3n de soluciones en torno al turismo sostenible y social.<\/p>\n\n\n\n<p class=\"wp-block-paragraph\">La 10\u00aa edici\u00f3n del SUMMIT reuni\u00f3 a m\u00e1s de 323 par participantes provenientes de 21 pa\u00edses como; de Alemania, Argentina, Belice, Brasil, Canad\u00e1, Chile, Colombia, Costa Rica, Ecuador, El Salvador, Espa\u00f1a, Estados Unidos, Guatemala, Honduras, Italia, Nicaragua, Panam\u00e1, Per\u00fa, Rep\u00fablica Dominicana, Uruguay y Venezuela, y 24 estados de M\u00e9xico como: Chihuahua, Oaxaca, Tamaulipas, Baja California, Sinaloa, Chiapas, Morelos, Tlaxcala, Irapuato, Quer\u00e9taro, Estado de M\u00e9xico, Hidalgo, Michoac\u00e1n, Quintana Roo, Puebla, Nuevo Le\u00f3n, Veracruz, Yucat\u00e1n, Jalisco, Ciudad de M\u00e9xico y otros, fortaleciendo su papel como punto de encuentro entre autoridades, empresarios, hoteleros, acad\u00e9micos, especialistas, organizaciones, comunidades y otros actores vinculados con la actividad tur\u00edstica.<\/p>\n\n\n\n<figure class=\"wp-block-gallery has-nested-images columns-default is-cropped wp-block-gallery-1 is-layout-flex wp-block-gallery-is-layout-flex\">\n<figure class=\"wp-block-image size-large\"><img decoding=\"async\" width=\"500\" height=\"332\" data-id=\"1207714\" src=\"https:\/\/dimensionturistica.com\/es\/wp-content\/uploads\/2026\/09\/2tres.jpg\" alt=\"\" class=\"wp-image-1207714\" srcset=\"https:\/\/dimensionturistica.com\/es\/wp-content\/uploads\/2026\/09\/2tres.jpg 500w, https:\/\/dimensionturistica.com\/es\/wp-content\/uploads\/2026\/09\/2tres-300x199.jpg 300w\" sizes=\"(max-width: 500px) 100vw, 500px\" \/><\/figure>\n<\/figure>\n\n\n\n<p class=\"wp-block-paragraph\">Bajo el lema \u201cTecnolog\u00eda, Innovaci\u00f3n, AI y sostenibilidad\u201d, el Summit puso sobre la mesa algunos de los principales desaf\u00edos que enfrenta el turismo en el presente y, al mismo tiempo, abri\u00f3 la conversaci\u00f3n sobre las decisiones que deber\u00e1n tomarse para construir el turismo de los pr\u00f3ximos a\u00f1os. 10 a\u00f1os transformando la conversaci\u00f3n sobre turismo sostenible.<\/p>\n\n\n\n<p class=\"wp-block-paragraph\">La 10a edici\u00f3n tuvo un significado especial al marcar 10 a\u00f1os de historia del Sustainable &amp; Social Tourism Summit, una d\u00e9cada en la que la conversaci\u00f3 sobre sostenibilidad tur\u00edstica ha evolucionado y en la que el encuentro ha construido una comunidad integrada por personas y organizaciones que comparten la visi\u00f3n de que el turismo puede ser una fuerza de transformaci\u00f3n positiva.<\/p>\n\n\n\n<p class=\"wp-block-paragraph\">El Summit abord\u00f3 los desaf\u00edos de la gesti\u00f3n de destinos y la sostenibilidad desde distintas perspectivas, con la participaci\u00f3n de Bruno Wendling, de la Funda\u00e7\u00e3o de Turismo de Mato Grosso do Sul, quien present\u00f3 el caso de Bonito, Brasil, hasta la sostenibilidad del sector hotelero, el turismo rural comunitario, la conservaci\u00f3n ambiental y el uso de la inteligencia artificial para transformar las experiencias tur\u00edsticas.<\/p>\n\n\n\n<figure class=\"wp-block-gallery has-nested-images columns-default is-cropped wp-block-gallery-2 is-layout-flex wp-block-gallery-is-layout-flex\">\n<figure class=\"wp-block-image size-large\"><img decoding=\"async\" width=\"500\" height=\"469\" data-id=\"1207715\" src=\"https:\/\/dimensionturistica.com\/es\/wp-content\/uploads\/2026\/09\/4tres.jpg\" alt=\"\" class=\"wp-image-1207715\" srcset=\"https:\/\/dimensionturistica.com\/es\/wp-content\/uploads\/2026\/09\/4tres.jpg 500w, https:\/\/dimensionturistica.com\/es\/wp-content\/uploads\/2026\/09\/4tres-300x281.jpg 300w\" sizes=\"(max-width: 500px) 100vw, 500px\" \/><\/figure>\n<\/figure>\n\n\n\n<p class=\"wp-block-paragraph\">Tuvimos la presentaci\u00f3n de Gonzalo Guerrero, Director General de Sustentabilidad del Centro de Educaci\u00f3n Ambiental, quien present\u00f3 sus actividades y acciones, cultura y tradiciones, as\u00ed como sus productos de casa. Irapuato impulsa su desarrollo sostenible a trav\u00e9s de estrategias de econom\u00eda circular, planeaci\u00f3n urbana a largo plazo y gesti\u00f3n ambiental. El municipio busca mejorar la calidad de vida y proteger el entorno natural. Reciclaje, aire limpio, son algunos de los programas que desarrollan por un \u201cIrapuato Sustentable\u201d Eventos como herramienta tur\u00edstica de conservaci\u00f3n ambiental: La Huella que<\/p>\n\n\n\n<p class=\"wp-block-paragraph\">elegimos dejar, fue el tema que present\u00f3 Francisco Moreno Villafuerte, Director de Turismo Municipal de Ciudad Ju\u00e1rez, Chihuahua.<\/p>\n\n\n\n<figure class=\"wp-block-gallery has-nested-images columns-default is-cropped wp-block-gallery-3 is-layout-flex wp-block-gallery-is-layout-flex\">\n<figure class=\"wp-block-image size-large\"><img decoding=\"async\" width=\"500\" height=\"333\" data-id=\"1207716\" src=\"https:\/\/dimensionturistica.com\/es\/wp-content\/uploads\/2026\/09\/6tres.jpg\" alt=\"\" class=\"wp-image-1207716\" srcset=\"https:\/\/dimensionturistica.com\/es\/wp-content\/uploads\/2026\/09\/6tres.jpg 500w, https:\/\/dimensionturistica.com\/es\/wp-content\/uploads\/2026\/09\/6tres-300x200.jpg 300w\" sizes=\"(max-width: 500px) 100vw, 500px\" \/><\/figure>\n<\/figure>\n\n\n\n<p class=\"wp-block-paragraph\">Posteriormente el estado de Morelos present\u00f3 Morelos hacia un turismo sostenible, por parte de Daniel Altafi, Secretario de Turismo del estado, acompa\u00f1ado de Mar\u00eda Fernanda Gaxiola Camacho, Subsecretaria de Turismo, Margarita Torres Arag\u00f3n, Artesana de Hueyapan, Morelos y Enrique Gonz\u00e1lez, Gerente de Sustentabilidad e Infraestructura del Parque Las Estacas.<\/p>\n\n\n\n<p class=\"wp-block-paragraph\">Tuvimos la firma de Declaraci\u00f3n de Glasgow sobre la acci\u00f3n Clim\u00e1tica en Turismo. Asimismo, participamos en la certificaci\u00f3n de Bandera Azul.<\/p>\n\n\n\n<p class=\"wp-block-paragraph\">El programa cerr\u00f3 con la conferencia magistral \u201cHacia d\u00f3nde vamos: un nuevo turismo para un nuevo mundo\u201d, impartida por C\u00e9line Cousteau, reconocida defensora del medio ambiente, cineasta y exploradora, quien invit\u00f3 a reflexionar sobre el futuro del turismo y la relaci\u00f3n entre conservaci\u00f3n, comunidades y desarrollo.<\/p>\n\n\n\n<p class=\"wp-block-paragraph\">Durante la ceremonia de clausura, Fernando Mandri Bellot, presidente del Sustainable &amp; Social Tourism Summit, destac\u00f3 que llegar a este aniversario representa una oportunidad para reconocer todo lo construido, pero tambi\u00e9n para mirar hacia adelante.<\/p>\n\n\n\n<figure class=\"wp-block-gallery has-nested-images columns-default is-cropped wp-block-gallery-4 is-layout-flex wp-block-gallery-is-layout-flex\">\n<figure class=\"wp-block-image size-large\"><img decoding=\"async\" width=\"500\" height=\"333\" data-id=\"1207717\" src=\"https:\/\/dimensionturistica.com\/es\/wp-content\/uploads\/2026\/09\/7tres.jpg\" alt=\"\" class=\"wp-image-1207717\" srcset=\"https:\/\/dimensionturistica.com\/es\/wp-content\/uploads\/2026\/09\/7tres.jpg 500w, https:\/\/dimensionturistica.com\/es\/wp-content\/uploads\/2026\/09\/7tres-300x200.jpg 300w\" sizes=\"(max-width: 500px) 100vw, 500px\" \/><\/figure>\n<\/figure>\n\n\n\n<p class=\"wp-block-paragraph\">\u201cMirar todo lo construido juntos emociona: personas, ideas, alianzas y una comunidad que no ha dejado de crecer.\u201d Mandri Bellot subray\u00f3 que, a lo largo de estos diez a\u00f1os, el Summit ha acumulado conversaciones, aprendizajes, contactos y nuevas preguntas, pero sobre todo una certeza: el turismo ene que seguir cambiando. \u201cYa no basta hablar de sostenibilidad: debemos demostrarla con decisiones, acciones y resultados.<\/p>\n\n\n\n<p class=\"wp-block-paragraph\">Esta evoluci\u00f3n refleja tambi\u00e9n el crecimiento de la propia conversaci\u00f3n tur\u00edstica. Lo que hace una d\u00e9cada pod\u00eda considerarse un tema complementario, hoy forma parte de las decisiones estrat\u00e9gicas que deben tomar des nos, empresas, gobiernos y comunidades frente a deseamos como el cambio clim\u00e1tico, la presi\u00f3n sobre los recursos naturales, la transformaci\u00f3n tecnol\u00f3gica y las nuevas exceptivas de los viajeros.<\/p>\n\n\n\n<figure class=\"wp-block-gallery has-nested-images columns-default is-cropped wp-block-gallery-5 is-layout-flex wp-block-gallery-is-layout-flex\">\n<figure class=\"wp-block-image size-large\"><img decoding=\"async\" width=\"1024\" height=\"681\" data-id=\"1207720\" src=\"https:\/\/dimensionturistica.com\/es\/wp-content\/uploads\/2026\/09\/preview-2-1024x681.webp\" alt=\"\" class=\"wp-image-1207720\" srcset=\"https:\/\/dimensionturistica.com\/es\/wp-content\/uploads\/2026\/09\/preview-2-1024x681.webp 1024w, https:\/\/dimensionturistica.com\/es\/wp-content\/uploads\/2026\/09\/preview-2-300x200.webp 300w, https:\/\/dimensionturistica.com\/es\/wp-content\/uploads\/2026\/09\/preview-2-768x511.webp 768w, https:\/\/dimensionturistica.com\/es\/wp-content\/uploads\/2026\/09\/preview-2-1536x1022.webp 1536w, https:\/\/dimensionturistica.com\/es\/wp-content\/uploads\/2026\/09\/preview-2-750x499.webp 750w, https:\/\/dimensionturistica.com\/es\/wp-content\/uploads\/2026\/09\/preview-2-1140x759.webp 1140w, https:\/\/dimensionturistica.com\/es\/wp-content\/uploads\/2026\/09\/preview-2.webp 1539w\" sizes=\"(max-width: 1024px) 100vw, 1024px\" \/><\/figure>\n<\/figure>\n\n\n\n<p class=\"wp-block-paragraph\">En su mensaje de cierre, Mandri Bellot destac\u00f3 que detr\u00e1s de cada destino existen personas, historias, identidad y territorio, por lo que cualquier modelo tur\u00edstico debe preguntarse si realmente est\u00e1 contribuyendo a mejorar la vida de quienes habitan esos lugares.<\/p>\n\n\n\n<p class=\"wp-block-paragraph\">Esta visi\u00f3n estuvo presente en las diferentes conversaciones del Summit, desde el turismo comunitario y la conservaci\u00f3n hasta la innovaci\u00f3n digital y la inteligencia artificial, demostrando que la sostenibilidad tur\u00edstica no puede abordarse desde una sola perspectiva.<\/p>\n\n\n\n<p class=\"wp-block-paragraph\">El futuro del turismo ya est\u00e1 aqu\u00ed. Uno de los grandes temas de la d\u00e9cima edici\u00f3n fue la transformaci\u00f3n que est\u00e1 viviendo el sector como consecuencia de la tecnolog\u00eda, la inteligencia artificial, el cambio clim\u00e1tico y la evoluci\u00f3n de los viajeros. Durante a\u00f1os, el sector habl\u00f3 del \u201cturismo del futuro\u201d. Hoy, ese futuro ya est\u00e1 presente y plantea nuevas preguntas sobre la manera en que se dise\u00f1an, gestionan y viven los destinos.<\/p>\n\n\n\n<p class=\"wp-block-paragraph\">Fernando Mandri Bellot, mencion\u00f3 que el verdadero valor del Summit se encuentra en lo que sucede despu\u00e9s de las conferencias y las conversaciones: cuando una idea se convierte en una acci\u00f3n, un encuentro en una alianza y un compromiso en un resultado. \u201cEl valor del Summit se medir\u00e1 por lo que hagamos al volver a nuestros des<\/p>\n\n\n\n<p class=\"wp-block-paragraph\">nos, empresas, instituciones y comunidades.\u201d<\/p>\n\n\n\n<figure class=\"wp-block-gallery has-nested-images columns-default is-cropped wp-block-gallery-6 is-layout-flex wp-block-gallery-is-layout-flex\">\n<figure class=\"wp-block-image size-large\"><img decoding=\"async\" width=\"500\" height=\"332\" data-id=\"1207719\" src=\"https:\/\/dimensionturistica.com\/es\/wp-content\/uploads\/2026\/09\/9tres.jpg\" alt=\"\" class=\"wp-image-1207719\" srcset=\"https:\/\/dimensionturistica.com\/es\/wp-content\/uploads\/2026\/09\/9tres.jpg 500w, https:\/\/dimensionturistica.com\/es\/wp-content\/uploads\/2026\/09\/9tres-300x199.jpg 300w\" sizes=\"(max-width: 500px) 100vw, 500px\" \/><\/figure>\n<\/figure>\n\n\n\n<p class=\"wp-block-paragraph\">\u201cNecesitamos m\u00e1s colaboraci\u00f3n y menos esfuerzos aislados: el Summit no son tres d\u00edas de evento; somos todos los que creemos en esta transformaci\u00f3n.\u201d M\u00e1s all\u00e1 de las cifras de participaci\u00f3n, estos encuentros han permitido construir una comunidad que comparte una preocupaci\u00f3n com\u00fan: encontrar nuevas formas de hacer turismo que generen valor econ\u00f3mico, social y ambiental.<\/p>\n\n\n\n<p class=\"wp-block-paragraph\">Diez a\u00f1os despu\u00e9s, el orgullo de ser un referente llegar a diez ediciones representa tambi\u00e9n una mirada retrospectiva sobre un camino que ha tenido aprendizajes, retos y momentos que han obligado a cuestionar la manera de hacer las cosas. Hoy, despu\u00e9s de una d\u00e9cada, el Sustainable &amp; Social Tourism Summit puede mirar ese recorrido con orgullo y reconocer que aquella conversaci\u00f3n sobre la necesidad de transformar el turismo se ha convertido en una comunidad internacional y en un espacio de referencia para el sector.<\/p>\n\n\n\n<p class=\"wp-block-paragraph\">En sus palabras de cierre, Fernando Mandri Bellot destac\u00f3 precisamente ese sentimiento: \u201cDiez a\u00f1os despu\u00e9s, sigo creyendo profundamente en lo que hacemos.<\/p>\n\n\n\n<p class=\"wp-block-paragraph\">Creo en el turismo y en su capacidad de transformar territorios y vidas.<\/p>\n\n\n\n<figure class=\"wp-block-gallery has-nested-images columns-default is-cropped wp-block-gallery-7 is-layout-flex wp-block-gallery-is-layout-flex\">\n<figure class=\"wp-block-image size-large\"><img decoding=\"async\" width=\"500\" height=\"332\" data-id=\"1207718\" src=\"https:\/\/dimensionturistica.com\/es\/wp-content\/uploads\/2026\/09\/tres.jpg\" alt=\"\" class=\"wp-image-1207718\" srcset=\"https:\/\/dimensionturistica.com\/es\/wp-content\/uploads\/2026\/09\/tres.jpg 500w, https:\/\/dimensionturistica.com\/es\/wp-content\/uploads\/2026\/09\/tres-300x199.jpg 300w\" sizes=\"(max-width: 500px) 100vw, 500px\" \/><\/figure>\n<\/figure>\n\n\n\n<p class=\"wp-block-paragraph\">El Salvador ser\u00e1 la sede de la 11\u00aa edici\u00f3n. Como broche de oro de esta d\u00e9cima edici\u00f3n, el Sustainable &amp; Social Tourism Summit anunci\u00f3 una importante sorpresa: El Salvador ser\u00e1 la sede de la 11\u00aa edici\u00f3n del encuentro, que se llevar\u00e1 a cabo del 18 al 20 de mayo de 2027.<\/p>\n\n\n\n<p class=\"wp-block-paragraph\">La elecci\u00f3n del pa\u00eds representa un nuevo paso en el crecimiento y la consolidaci\u00f3n internacional del Summit, que contin\u00faa ampliando su presencia y llevando esta conversaci\u00f3n a nuevos territorios de Iberoam\u00e9rica. Con este anuncio, el encuentro inicia una nueva etapa, manteniendo su prop\u00f3sito de conectar a quienes est\u00e1n transformando el turismo y generando nuevos espacios para compartir conocimiento, construir alianzas e impulsar acciones concretas por un turismo m\u00e1s sostenible y social<\/p>\n","protected":false},"excerpt":{"rendered":"<p>Despu\u00e9s de tres d\u00edas de conferencias, paneles, intercambio de experiencias y generaci\u00f3n de alianzas, concluy\u00f3 en la Ciudad de M\u00e9xico la 10\u00aa edici\u00f3n de Sustainable &amp; Social Tourism Summit, consolid\u00e1ndose como un espacio de referencia para el di\u00e1logo, la colaboraci\u00f3n y la construcci\u00f3n de soluciones en torno al turismo sostenible y social. La 10\u00aa edici\u00f3n [&hellip;]<\/p>\n","protected":false},"author":1,"featured_media":1206835,"comment_status":"open","ping_status":"closed","sticky":false,"template":"","format":"standard","meta":{"om_disable_all_campaigns":false,"jnews-multi-image_gallery":[],"jnews_single_post":[],"jnews_primary_category":[],"jnews_social_meta":[],"footnotes":""},"categories":[39],"tags":[],"class_list":["post-1207713","post","type-post","status-publish","format-standard","has-post-thumbnail","hentry","category-viajes"],"_links":{"self":[{"href":"https:\/\/dimensionturistica.com\/es\/wp-json\/wp\/v2\/posts\/1207713","targetHints":{"allow":["GET"]}}],"collection":[{"href":"https:\/\/dimensionturistica.com\/es\/wp-json\/wp\/v2\/posts"}],"about":[{"href":"https:\/\/dimensionturistica.com\/es\/wp-json\/wp\/v2\/types\/post"}],"author":[{"embeddable":true,"href":"https:\/\/dimensionturistica.com\/es\/wp-json\/wp\/v2\/users\/1"}],"replies":[{"embeddable":true,"href":"https:\/\/dimensionturistica.com\/es\/wp-json\/wp\/v2\/comments?post=1207713"}],"version-history":[{"count":1,"href":"https:\/\/dimensionturistica.com\/es\/wp-json\/wp\/v2\/posts\/1207713\/revisions"}],"predecessor-version":[{"id":1207721,"href":"https:\/\/dimensionturistica.com\/es\/wp-json\/wp\/v2\/posts\/1207713\/revisions\/1207721"}],"wp:featuredmedia":[{"embeddable":true,"href":"https:\/\/dimensionturistica.com\/es\/wp-json\/wp\/v2\/media\/1206835"}],"wp:attachment":[{"href":"https:\/\/dimensionturistica.com\/es\/wp-json\/wp\/v2\/media?parent=1207713"}],"wp:term":[{"taxonomy":"category","embeddable":true,"href":"https:\/\/dimensionturistica.com\/es\/wp-json\/wp\/v2\/categories?post=1207713"},{"taxonomy":"post_tag","embeddable":true,"href":"https:\/\/dimensionturistica.com\/es\/wp-json\/wp\/v2\/tags?post=1207713"}],"curies":[{"name":"wp","href":"https:\/\/api.w.org\/{rel}","templated":true}]}}