{"id":1207696,"date":"2026-09-05T16:00:44","date_gmt":"2026-09-05T16:00:44","guid":{"rendered":"https:\/\/dimensionturistica.com\/es\/?p=1207696"},"modified":"2026-09-05T16:00:44","modified_gmt":"2026-09-05T16:00:44","slug":"destaca-mexico-en-dos-nuevos-rankings-globales-de-viajes-y-turismo-del-wttc","status":"publish","type":"post","link":"https:\/\/dimensionturistica.com\/es\/destaca-mexico-en-dos-nuevos-rankings-globales-de-viajes-y-turismo-del-wttc\/","title":{"rendered":"Destaca M\u00e9xico en dos nuevos rankings globales de Viajes y Turismo del WTTC"},"content":{"rendered":"\n<p class=\"wp-block-paragraph\">El Consejo Mundial de Viajes y Turismo, (WTTC por sus siglas en ingl\u00e9s) public\u00f3 hoy dos nuevos rankings globales sobre el desempe\u00f1o econ\u00f3mico del sector de Viajes y Turismo en 2025, y M\u00e9xico es la \u00fanica econom\u00eda de Am\u00e9rica Latina con presencia en ambas listas.<\/p>\n\n\n\n<p class=\"wp-block-paragraph\">En el primer ranking, que mide la contribuci\u00f3n directa de Viajes y Turismo al PIB en t\u00e9rminos absolutos, M\u00e9xico se ubic\u00f3 en la 4\u00aa posici\u00f3n mundial en 2025, con USD 149,400 millones, solo por detr\u00e1s de Estados Unidos (USD 885,800 millones), China (USD 434,800 millones) y Alemania (USD 202,900 millones). M\u00e9xico ha mantenido esta posici\u00f3n desde 2019, cuando registr\u00f3 una contribuci\u00f3n USD 139,300 millones.<\/p>\n\n\n\n<p class=\"wp-block-paragraph\">En el segundo ranking, centrado en el gasto en viajes de placer y ocio, M\u00e9xico repite la 4\u00aa posici\u00f3n global, con USD 237,900 millones en 2025, tambi\u00e9n detr\u00e1s \u00fanicamente de Estados Unidos, China y Alemania.<\/p>\n\n\n\n<figure class=\"wp-block-gallery has-nested-images columns-default is-cropped wp-block-gallery-1 is-layout-flex wp-block-gallery-is-layout-flex\">\n<figure class=\"wp-block-image size-large\"><img decoding=\"async\" width=\"500\" height=\"525\" data-id=\"1207697\" src=\"https:\/\/dimensionturistica.com\/es\/wp-content\/uploads\/2026\/09\/5gloria.jpg\" alt=\"\" class=\"wp-image-1207697\" srcset=\"https:\/\/dimensionturistica.com\/es\/wp-content\/uploads\/2026\/09\/5gloria.jpg 500w, https:\/\/dimensionturistica.com\/es\/wp-content\/uploads\/2026\/09\/5gloria-286x300.jpg 286w\" sizes=\"(max-width: 500px) 100vw, 500px\" \/><\/figure>\n<\/figure>\n\n\n\n<p class=\"wp-block-paragraph\">Es importante destacar que Quintana Roo se mantiene como el principal destino tur\u00edstico del pa\u00eds y una pieza clave detr\u00e1s de este desempe\u00f1o. El estado, que incluye a Canc\u00fan y la Riviera Maya, ha combinado una oferta consolidada de sol y playa con inversi\u00f3n sostenida en conectividad y colaboraci\u00f3n p\u00fablico-privada, funcionando como un motor determinante para que M\u00e9xico sostenga su posici\u00f3n entre las principales econom\u00edas tur\u00edsticas del mundo.<\/p>\n\n\n\n<p class=\"wp-block-paragraph\">El informe del WTTC tambi\u00e9n sit\u00faa a M\u00e9xico en la 6\u00aa posici\u00f3n entre los pa\u00edses de Am\u00e9rica en crecimiento del gasto de visitantes internacionales frente a 2019, con un incremento del 1.7%, por encima del promedio mundial (1.5%). Econom\u00edas como Cuba (+77.8%), Chile (+47.0%), Colombia (+34.2%), Rep\u00fablica Dominicana (+24.7%) y Brasil (+20.9%) registraron incrementos considerablemente mayores en el mismo periodo, lo que evidencia el potencial de crecimiento adicional que existe si M\u00e9xico logra atraer m\u00e1s inversi\u00f3n hacia el sector.<\/p>\n\n\n\n<p class=\"wp-block-paragraph\">Gloria Guevara, Presidenta y CEO del WTTC, coment\u00f3: \u201cEstoy segura de que estos nuevos rankings globales sobre el desempe\u00f1o de Viajes y Turismo se convertir\u00e1n en un referente para evaluar de manera efectiva el desempe\u00f1o tur\u00edstico a nivel mundial.<\/p>\n\n\n\n<p class=\"wp-block-paragraph\">Es un gusto anunciar que M\u00e9xico se ubica en el cuarto lugar de ambos rankings, lo cual refleja que, se consolida como un referente tur\u00edstico a nivel internacional\u201d.<\/p>\n\n\n\n<figure class=\"wp-block-gallery has-nested-images columns-default is-cropped wp-block-gallery-2 is-layout-flex wp-block-gallery-is-layout-flex\">\n<figure class=\"wp-block-image size-large\"><img decoding=\"async\" width=\"500\" height=\"332\" data-id=\"1207698\" src=\"https:\/\/dimensionturistica.com\/es\/wp-content\/uploads\/2026\/09\/1gloria.jpg\" alt=\"\" class=\"wp-image-1207698\" srcset=\"https:\/\/dimensionturistica.com\/es\/wp-content\/uploads\/2026\/09\/1gloria.jpg 500w, https:\/\/dimensionturistica.com\/es\/wp-content\/uploads\/2026\/09\/1gloria-300x199.jpg 300w\" sizes=\"(max-width: 500px) 100vw, 500px\" \/><\/figure>\n<\/figure>\n\n\n\n<p class=\"wp-block-paragraph\">En 2025, el sector de Viajes y Turismo en M\u00e9xico gener\u00f3 una contribuci\u00f3n total al PIB nacional de USD 282,700 millones, equivalente al 15.2% de la econom\u00eda mexicana, y sostuvo 8.2 millones de empleos, es decir, el 13.9% del empleo total del pa\u00eds.<\/p>\n\n\n\n<p class=\"wp-block-paragraph\">Para 2026, el WTTC proyecta que esta contribuci\u00f3n seguir\u00e1 creciendo, hasta alcanzar los USD 289,600 millones (15.4% del PIB) y respaldar 8.4 millones de empleos (14.1% del total).<\/p>\n\n\n\n<p class=\"wp-block-paragraph\">Estos resultados confirman que M\u00e9xico no solo mantiene su lugar entre las econom\u00edas tur\u00edsticas m\u00e1s relevantes del mundo, sino que cuenta con las condiciones para seguir creciendo, siempre que contin\u00fae invirtiendo en conectividad, infraestructura y colaboraci\u00f3n p\u00fablico-privada.<\/p>\n\n\n\n<p class=\"wp-block-paragraph\">Del 7 al 9 de octubre de 2026, el WTTC reunir\u00e1 a los l\u00edderes m\u00e1s influyentes del sector de Viajes y Turismo en Valletta, Malta, sede de la 26\u00aa edici\u00f3n de su Global Summit. El encuentro, organizado en colaboraci\u00f3n con el Ministerio de Asuntos Exteriores y Turismo de Malta, convocar\u00e1 a directores ejecutivos, ministros, inversionistas y actores clave de los sectores p\u00fablico y privado para discutir el futuro de la industria, con un enfoque en innovaci\u00f3n, resiliencia, sostenibilidad y crecimiento a largo plazo.<\/p>\n\n\n\n<p class=\"wp-block-paragraph\">La Cumbre Global de Viajes se perfila como un espacio clave para que gobiernos y empresas de todas las regiones, incluida Am\u00e9rica Latina, fortalezcan la colaboraci\u00f3n p\u00fablico-privada y definan las prioridades de inversi\u00f3n que marcar\u00e1n el rumbo del turismo mundial en los pr\u00f3ximos a\u00f1os.<\/p>\n","protected":false},"excerpt":{"rendered":"<p>El Consejo Mundial de Viajes y Turismo, (WTTC por sus siglas en ingl\u00e9s) public\u00f3 hoy dos nuevos rankings globales sobre el desempe\u00f1o econ\u00f3mico del sector de Viajes y Turismo en 2025, y M\u00e9xico es la \u00fanica econom\u00eda de Am\u00e9rica Latina con presencia en ambas listas. En el primer ranking, que mide la contribuci\u00f3n directa de [&hellip;]<\/p>\n","protected":false},"author":1,"featured_media":1207699,"comment_status":"open","ping_status":"closed","sticky":false,"template":"","format":"standard","meta":{"om_disable_all_campaigns":false,"jnews-multi-image_gallery":[],"jnews_single_post":{"format":"standard"},"jnews_primary_category":[],"jnews_social_meta":[],"footnotes":""},"categories":[39],"tags":[],"class_list":["post-1207696","post","type-post","status-publish","format-standard","has-post-thumbnail","hentry","category-viajes"],"_links":{"self":[{"href":"https:\/\/dimensionturistica.com\/es\/wp-json\/wp\/v2\/posts\/1207696","targetHints":{"allow":["GET"]}}],"collection":[{"href":"https:\/\/dimensionturistica.com\/es\/wp-json\/wp\/v2\/posts"}],"about":[{"href":"https:\/\/dimensionturistica.com\/es\/wp-json\/wp\/v2\/types\/post"}],"author":[{"embeddable":true,"href":"https:\/\/dimensionturistica.com\/es\/wp-json\/wp\/v2\/users\/1"}],"replies":[{"embeddable":true,"href":"https:\/\/dimensionturistica.com\/es\/wp-json\/wp\/v2\/comments?post=1207696"}],"version-history":[{"count":1,"href":"https:\/\/dimensionturistica.com\/es\/wp-json\/wp\/v2\/posts\/1207696\/revisions"}],"predecessor-version":[{"id":1207700,"href":"https:\/\/dimensionturistica.com\/es\/wp-json\/wp\/v2\/posts\/1207696\/revisions\/1207700"}],"wp:featuredmedia":[{"embeddable":true,"href":"https:\/\/dimensionturistica.com\/es\/wp-json\/wp\/v2\/media\/1207699"}],"wp:attachment":[{"href":"https:\/\/dimensionturistica.com\/es\/wp-json\/wp\/v2\/media?parent=1207696"}],"wp:term":[{"taxonomy":"category","embeddable":true,"href":"https:\/\/dimensionturistica.com\/es\/wp-json\/wp\/v2\/categories?post=1207696"},{"taxonomy":"post_tag","embeddable":true,"href":"https:\/\/dimensionturistica.com\/es\/wp-json\/wp\/v2\/tags?post=1207696"}],"curies":[{"name":"wp","href":"https:\/\/api.w.org\/{rel}","templated":true}]}}