{"id":1207672,"date":"2026-09-05T14:58:05","date_gmt":"2026-09-05T14:58:05","guid":{"rendered":"https:\/\/dimensionturistica.com\/es\/?p=1207672"},"modified":"2026-09-05T14:58:05","modified_gmt":"2026-09-05T14:58:05","slug":"el-marathon-merida-banorte-2027-esta-certificada-por-la-world-athletics-y-tendra-un-cupo-limitado-de-hasta-8-mil-corredores","status":"publish","type":"post","link":"https:\/\/dimensionturistica.com\/es\/el-marathon-merida-banorte-2027-esta-certificada-por-la-world-athletics-y-tendra-un-cupo-limitado-de-hasta-8-mil-corredores\/","title":{"rendered":"El Marathon M\u00e9rida Banorte 2027 est\u00e1 certificada por la \u00a0World Athletics y tendr\u00e1 un cupo limitado de hasta 8 mil corredores."},"content":{"rendered":"\n<p class=\"wp-block-paragraph\">&nbsp;El pr\u00f3ximo 10 de enero se realizar\u00e1 el Marathon M\u00e9rida Banorte 2027 en el marco del 485 aniversario de la fundaci\u00f3n de la ciudad, la cual contar\u00e1 con una bolsa de premiaci\u00f3n de 949 mil pesos a repartir entre los ganadores.<\/p>\n\n\n\n<p class=\"wp-block-paragraph\">Jes\u00fas P\u00e9rez Ballote, director de Bienestar Humano del Ayuntamiento de M\u00e9rida, present\u00f3 los pormenores de la cita atl\u00e9tica que recorrer\u00e1 las principales calles y avenidas de la capital yucateca. Andr\u00e9s Herrera, director de Vive Deporte MX, destac\u00f3 que el proyecto busca impulsar tanto el deporte como el turismo en la ciudad: M\u00e9rida necesita m\u00e1s espacio para el deporte, pero tambi\u00e9n m\u00e1s turismo.<\/p>\n\n\n\n<figure class=\"wp-block-gallery has-nested-images columns-default is-cropped wp-block-gallery-1 is-layout-flex wp-block-gallery-is-layout-flex\">\n<figure class=\"wp-block-image size-large\"><img decoding=\"async\" width=\"500\" height=\"353\" data-id=\"1207673\" src=\"https:\/\/dimensionturistica.com\/es\/wp-content\/uploads\/2026\/09\/4MERI.jpg\" alt=\"\" class=\"wp-image-1207673\" srcset=\"https:\/\/dimensionturistica.com\/es\/wp-content\/uploads\/2026\/09\/4MERI.jpg 500w, https:\/\/dimensionturistica.com\/es\/wp-content\/uploads\/2026\/09\/4MERI-300x212.jpg 300w, https:\/\/dimensionturistica.com\/es\/wp-content\/uploads\/2026\/09\/4MERI-120x86.jpg 120w\" sizes=\"(max-width: 500px) 100vw, 500px\" \/><figcaption class=\"wp-element-caption\">ai<\/figcaption><\/figure>\n<\/figure>\n\n\n\n<p class=\"wp-block-paragraph\">El Marat\u00f3n de M\u00e9rida est\u00e1 basado en eso: lograr que m\u00e1s gente visite nuestra ciudad y<\/p>\n\n\n\n<p class=\"wp-block-paragraph\">tambi\u00e9n disfrute de correrla.<\/p>\n\n\n\n<p class=\"wp-block-paragraph\">Para esta edici\u00f3n, que se desarrollar\u00e1 bajo el concepto de &amp;quot;Tradici\u00f3n Meridana, P\u00e9rez Ballote adelant\u00f3 que se contar\u00e1 con diversas novedades.<\/p>\n\n\n\n<p class=\"wp-block-paragraph\">Playera y medalla conmemorativa<\/p>\n\n\n\n<p class=\"wp-block-paragraph\">Cada una de las distancias estar\u00e1 distinguida por un color diferente. En los 42 kil\u00f3metros por tono azul profundo, en los 21 kil\u00f3metros por el rosa y, en los 10 y 3 kil\u00f3metros en tonalidad aqua. Las playeras, con tecnolog\u00eda antibacterial, incorporan motivos inspirados en el tradicional punto de cruz y referencias visuales de M\u00e9rida presentes en cuello, mangas y otros detalles de la prenda.<\/p>\n\n\n\n<p class=\"wp-block-paragraph\">En cuanto a la medalla, las preseas de la distancia de 42, 21 y 10 kil\u00f3metros son adornadas por flores de distintos colores que evocan los bordados de los ternos yucatecos y marcan una composici\u00f3n protagonizada por una pareja de mestizos, con la Catedral de M\u00e9rida San Ildefonso) como elemento representativo de la ciudad. Asimismo, la de 3 kil\u00f3metros predomina en color dorado, dise\u00f1ada para esa distancia.<\/p>\n\n\n\n<figure class=\"wp-block-gallery has-nested-images columns-default is-cropped wp-block-gallery-2 is-layout-flex wp-block-gallery-is-layout-flex\">\n<figure class=\"wp-block-image size-large\"><img decoding=\"async\" width=\"500\" height=\"375\" data-id=\"1207674\" src=\"https:\/\/dimensionturistica.com\/es\/wp-content\/uploads\/2026\/09\/2MERI.jpg\" alt=\"\" class=\"wp-image-1207674\" srcset=\"https:\/\/dimensionturistica.com\/es\/wp-content\/uploads\/2026\/09\/2MERI.jpg 500w, https:\/\/dimensionturistica.com\/es\/wp-content\/uploads\/2026\/09\/2MERI-300x225.jpg 300w\" sizes=\"(max-width: 500px) 100vw, 500px\" \/><figcaption class=\"wp-element-caption\">ai<\/figcaption><\/figure>\n<\/figure>\n\n\n\n<p class=\"wp-block-paragraph\">Ruta y horarios<\/p>\n\n\n\n<p class=\"wp-block-paragraph\">Por su parte, Iv\u00e1n Herrera Rosiles, subdirector de Deportes de M\u00e9rida, comparti\u00f3 informaci\u00f3n t\u00e9cnica del evento, que es clasificatorio al Marat\u00f3n de Boston. La salida y meta estar\u00e1 ubicada en el emblem\u00e1tico Monumento a La Patria, manteniendo sus rutas tradicionales para las 4 distancias, comenzando a las 5:00 horas con la salida de los 42.195 kil\u00f3metros, m\u00e1s tarde con la Media Marat\u00f3n y a las 5:30 horas la carrera de 10 kil\u00f3metros; m\u00e1s tarde la salida a la caminata recreativa de 3 kil\u00f3metros.<\/p>\n\n\n\n<p class=\"wp-block-paragraph\">Herrera Rosiles destac\u00f3 que la ruta, completamente plana y con una altitud de entre 9 y 20 metros sobre el nivel del mar, ofrece condiciones favorables para corredores y atletas en silla de ruedas. Buscamos posicionar al Marat\u00f3n de M\u00e9rida entre los cinco mejores de M\u00e9xico y alcanzar una participaci\u00f3n de 8 mil corredores, afirm\u00f3.<\/p>\n\n\n\n<p class=\"wp-block-paragraph\">Aproximadamente la mitad de los participantes provendr\u00e1 de otros estados.<\/p>\n\n\n\n<p class=\"wp-block-paragraph\">Categor\u00edas<\/p>\n\n\n\n<figure class=\"wp-block-gallery has-nested-images columns-default is-cropped wp-block-gallery-3 is-layout-flex wp-block-gallery-is-layout-flex\">\n<figure class=\"wp-block-image size-large\"><img decoding=\"async\" width=\"500\" height=\"306\" data-id=\"1207677\" src=\"https:\/\/dimensionturistica.com\/es\/wp-content\/uploads\/2026\/09\/8MERI.jpg\" alt=\"\" class=\"wp-image-1207677\" srcset=\"https:\/\/dimensionturistica.com\/es\/wp-content\/uploads\/2026\/09\/8MERI.jpg 500w, https:\/\/dimensionturistica.com\/es\/wp-content\/uploads\/2026\/09\/8MERI-300x184.jpg 300w\" sizes=\"(max-width: 500px) 100vw, 500px\" \/><\/figure>\n<\/figure>\n\n\n\n<p class=\"wp-block-paragraph\">El evento contar\u00e1 con cuatro modalidades: Marat\u00f3n (42 km), Medio Marat\u00f3n (21 km), Carrera (10 km) y Caminata Recreativa (3 km, libre y familiar, mixta, a partir de 6 a\u00f1os). En las distancias de 10 y 21 km habr\u00e1 categor\u00edas Libre, Subm\u00e1ster (30-39 a\u00f1os), M\u00e1ster (40-49 a\u00f1os), Veterano (50-59 a\u00f1os) y Veterano PLUS (60 a\u00f1os en adelante), en ambas ramas; el marat\u00f3n de 42 km suma tambi\u00e9n la categor\u00eda de silla de ruedas.<\/p>\n\n\n\n<p class=\"wp-block-paragraph\">Para formar parte del magno evento podr\u00e1n inscribirse a trav\u00e9s de la plataforma https:\/\/marathonmerida.dashport.run\/. El cierre de inscripciones estar\u00e1 sujeto a disponibilidad de cupo.<\/p>\n\n\n\n<p class=\"wp-block-paragraph\">Marat\u00f3n con causa<\/p>\n\n\n\n<p class=\"wp-block-paragraph\">Este a\u00f1o parte de lo recaudado servir\u00e1 para apoyar a tres fundaciones: Construyendo Sonrisas, \u00c9qure (Asociaci\u00f3n para la Equinoterapia A.C.) y AYUDA (Asociaci\u00f3n Yucateca de Lucha contra el Autismo y otros Trastornos del Desarrollo A.C.).<\/p>\n\n\n\n<p class=\"wp-block-paragraph\">Finalmente, Armando Casares Espinosa, secretario t\u00e9cnico de la Unidad de Turismo del Ayuntamiento de M\u00e9rida, record\u00f3 que este evento deportivo forma parte del inicio de las actividades del M\u00e9rida Fest, una celebraci\u00f3n que promueve el deporte, la inclusi\u00f3n y la cohesi\u00f3n social con causa.<\/p>\n\n\n\n<p class=\"wp-block-paragraph\">M\u00e9rida tambi\u00e9n es una ciudad deportiva, y deporte es igual a turismo, expres\u00f3 Casares Espinosa. Participar en el marat\u00f3n significa convertir una competencia deportiva en una experiencia de viaje, venir con la familia o los amigos, quedarse unos d\u00edas, disfrutar nuestra gastronom\u00eda, conocer una hacienda y descubrir nuestras tradiciones, es una oportunidad para mostrarle a M\u00e9xico y al mundo<\/p>\n\n\n\n<p class=\"wp-block-paragraph\">nuestra ciudad.<\/p>\n\n\n\n<p class=\"wp-block-paragraph\">Durante la conferencia de medios se cont\u00f3 con la presencia de Javier Peralta P\u00e9rez, director del Instituto del Deporte de la Ciudad de M\u00e9xico, quien agradeci\u00f3 la visita de los funcionarios meridanos en esta muestra de intercambio deportivo y social.<\/p>\n\n\n\n<p class=\"wp-block-paragraph\">Costos de inscripci\u00f3n<\/p>\n\n\n\n<p class=\"wp-block-paragraph\">Distancia Precio<\/p>\n\n\n\n<p class=\"wp-block-paragraph\">Marat\u00f3n (42 km) $690 MXN<\/p>\n\n\n\n<p class=\"wp-block-paragraph\">Medio Marat\u00f3n (21 km) $690 MXN<\/p>\n\n\n\n<p class=\"wp-block-paragraph\">Carrera (10 km) $400 MXN<\/p>\n\n\n\n<p class=\"wp-block-paragraph\">Caminata Recreativa (3 km) $300 MXN<\/p>\n\n\n\n<p class=\"wp-block-paragraph\">Precio de preventa vigente hasta el 15 de noviembre de 2026.<\/p>\n","protected":false},"excerpt":{"rendered":"<p>&nbsp;El pr\u00f3ximo 10 de enero se realizar\u00e1 el Marathon M\u00e9rida Banorte 2027 en el marco del 485 aniversario de la fundaci\u00f3n de la ciudad, la cual contar\u00e1 con una bolsa de premiaci\u00f3n de 949 mil pesos a repartir entre los ganadores. Jes\u00fas P\u00e9rez Ballote, director de Bienestar Humano del Ayuntamiento de M\u00e9rida, present\u00f3 los pormenores [&hellip;]<\/p>\n","protected":false},"author":1,"featured_media":1207680,"comment_status":"open","ping_status":"closed","sticky":false,"template":"","format":"standard","meta":{"om_disable_all_campaigns":false,"jnews-multi-image_gallery":[],"jnews_single_post":[],"jnews_primary_category":[],"jnews_social_meta":[],"footnotes":""},"categories":[39],"tags":[],"class_list":["post-1207672","post","type-post","status-publish","format-standard","has-post-thumbnail","hentry","category-viajes"],"_links":{"self":[{"href":"https:\/\/dimensionturistica.com\/es\/wp-json\/wp\/v2\/posts\/1207672","targetHints":{"allow":["GET"]}}],"collection":[{"href":"https:\/\/dimensionturistica.com\/es\/wp-json\/wp\/v2\/posts"}],"about":[{"href":"https:\/\/dimensionturistica.com\/es\/wp-json\/wp\/v2\/types\/post"}],"author":[{"embeddable":true,"href":"https:\/\/dimensionturistica.com\/es\/wp-json\/wp\/v2\/users\/1"}],"replies":[{"embeddable":true,"href":"https:\/\/dimensionturistica.com\/es\/wp-json\/wp\/v2\/comments?post=1207672"}],"version-history":[{"count":1,"href":"https:\/\/dimensionturistica.com\/es\/wp-json\/wp\/v2\/posts\/1207672\/revisions"}],"predecessor-version":[{"id":1207682,"href":"https:\/\/dimensionturistica.com\/es\/wp-json\/wp\/v2\/posts\/1207672\/revisions\/1207682"}],"wp:featuredmedia":[{"embeddable":true,"href":"https:\/\/dimensionturistica.com\/es\/wp-json\/wp\/v2\/media\/1207680"}],"wp:attachment":[{"href":"https:\/\/dimensionturistica.com\/es\/wp-json\/wp\/v2\/media?parent=1207672"}],"wp:term":[{"taxonomy":"category","embeddable":true,"href":"https:\/\/dimensionturistica.com\/es\/wp-json\/wp\/v2\/categories?post=1207672"},{"taxonomy":"post_tag","embeddable":true,"href":"https:\/\/dimensionturistica.com\/es\/wp-json\/wp\/v2\/tags?post=1207672"}],"curies":[{"name":"wp","href":"https:\/\/api.w.org\/{rel}","templated":true}]}}