{"id":1207667,"date":"2026-09-05T14:25:27","date_gmt":"2026-09-05T14:25:27","guid":{"rendered":"https:\/\/dimensionturistica.com\/es\/?p=1207667"},"modified":"2026-09-05T14:25:27","modified_gmt":"2026-09-05T14:25:27","slug":"kerline-y-stephanie-deslumbraron-en-una-boda-de-estilo-bohemio-en-italia-luciendo-dos-vestidos-complementarios","status":"publish","type":"post","link":"https:\/\/dimensionturistica.com\/es\/kerline-y-stephanie-deslumbraron-en-una-boda-de-estilo-bohemio-en-italia-luciendo-dos-vestidos-complementarios\/","title":{"rendered":"Kerline y Stephanie deslumbraron en una boda de estilo bohemio en Italia, luciendo dos vestidos complementarios."},"content":{"rendered":"<p><strong>Un Destello de Glamour: La Boda de Kerline y Stephanie en Italia<\/strong><\/p>\n<p>En el coraz\u00f3n de Italia, un romance se materializ\u00f3 en una celebraci\u00f3n de amor, estilo y sofisticaci\u00f3n que ha capturado la atenci\u00f3n de la comunidad fashionista global. La boda de Kerline y Stephanie se convirti\u00f3 en un evento que combina la elegancia de la moda con los paisajes id\u00edlicos del viejo continente, creando una experiencia visual deslumbrante que promete ser recordada.<\/p>\n<p>La elecci\u00f3n del escenario no pudo ser m\u00e1s acertada. Un majestuoso castillo que evoca historias de amor antiguas y una atm\u00f3sfera m\u00e1gica fueron el tel\u00f3n de fondo perfecto para una ceremonia que se destac\u00f3 por su impecable dise\u00f1o. Los invitados, vestidos con trajes de dise\u00f1adores de renombre, evolucionaron en una pasarela de alta costura donde cada elecci\u00f3n marc\u00f3 una declaraci\u00f3n de estilo.<\/p>\n<p>Uno de los elementos m\u00e1s comentados fue el vestido de novia de Kerline. Con un dise\u00f1o que fusiona tradici\u00f3n y modernidad, su vestido, adornado con encajes finos y bordados detallados, captur\u00f3 los ojos de todos, mientras que su velo, que ca\u00eda con gracia, parec\u00eda acariciar el viento italiano. La elecci\u00f3n de Stephanie tambi\u00e9n fue digna de menci\u00f3n, su atuendo equilibr\u00f3 la elegancia con un toque contempor\u00e1neo, subrayando el concepto de que cada novia puede reflejar su personalidad en su gran d\u00eda.<\/p>\n<p>El evento no se limit\u00f3 a la ceremonia. La recepci\u00f3n ofreci\u00f3 un banquete de delicias culinarias italianas, donde la gastronom\u00eda se convirti\u00f3 en una experiencia sensorial. Cada plato era una obra maestra, presentando lo mejor de la cocina local, que acompa\u00f1aba la celebraci\u00f3n de una manera tan exquisita como el propio amor que un\u00eda a las novias.<\/p>\n<p>Los detalles decorativos merecen su propia menci\u00f3n. Flores frescas, centros de mesa cuidadosamente dise\u00f1ados y una iluminaci\u00f3n que transform\u00f3 el espacio, todo ello se uni\u00f3 para cumplir el sue\u00f1o de cualquier amante de la est\u00e9tica. Influencers y expertos en moda se dejaron llevar por las redes sociales, compartiendo su admiraci\u00f3n por este evento de ensue\u00f1o, haciendo que el hashtag relacionado se viralizara instant\u00e1neamente.<\/p>\n<p>A medida que las celebraciones continuaban, la energ\u00eda entre los invitados era palpable. Cada risa, cada brindis, y cada paso de baile parec\u00eda ser un homenaje a la uni\u00f3n de Kerline y Stephanie, demostrando que el amor, en su forma m\u00e1s pura, es el verdadero protagonista de cualquier boda.<\/p>\n<p>Sin duda, el enlace de estas dos apasionadas de la moda no solo instaur\u00f3 un nuevo est\u00e1ndar en lo que respecta a bodas de estilo, sino que tambi\u00e9n evidenci\u00f3 c\u00f3mo el arte de celebrar el amor puede ser elevado a niveles art\u00edsticos. Una confluencia de dise\u00f1o, pasi\u00f3n y perfectamente elaborada narrativa visual que quedar\u00e1 grabada en la memoria colectiva de todos aquellos que tuvieron la fortuna de ser parte de esta m\u00e1gica celebraci\u00f3n.<\/p>\n<p>La boda de Kerline y Stephanie es un poderoso recordatorio de que el amor, en su forma m\u00e1s exquisita, siempre encontrar\u00e1 el camino hacia la expresi\u00f3n a trav\u00e9s de la moda y la belleza. Este evento no es solo un hito personal \u00a1Es un momento hist\u00f3rico en el panorama de las bodas contempor\u00e1neas!<\/p>\n<p><em> &#8221; Fuentes www.vogue.mx &#8221; <\/em><\/p>\n","protected":false},"excerpt":{"rendered":"<p>Un Destello de Glamour: La Boda de Kerline y Stephanie en Italia En el coraz\u00f3n de Italia, un romance se materializ\u00f3 en una celebraci\u00f3n de amor, estilo y sofisticaci\u00f3n que ha capturado la atenci\u00f3n de la comunidad fashionista global. La boda de Kerline y Stephanie se convirti\u00f3 en un evento que combina la elegancia de [&hellip;]<\/p>\n","protected":false},"author":14,"featured_media":1207668,"comment_status":"open","ping_status":"closed","sticky":false,"template":"","format":"standard","meta":{"om_disable_all_campaigns":false,"jnews-multi-image_gallery":[],"jnews_single_post":[],"jnews_primary_category":[],"jnews_social_meta":[],"footnotes":""},"categories":[144872],"tags":[46244,2448,3743,7758,724,1692,659,296971,16218,47135,37824],"class_list":["post-1207667","post","type-post","status-publish","format-standard","has-post-thumbnail","hentry","category-fashion","tag-boda","tag-celebracion","tag-diseno","tag-estilo","tag-eventos","tag-italia","tag-moda","tag-natural-chic","tag-parejas","tag-vestidos","tag-vestidos-de-novia"],"_links":{"self":[{"href":"https:\/\/dimensionturistica.com\/es\/wp-json\/wp\/v2\/posts\/1207667","targetHints":{"allow":["GET"]}}],"collection":[{"href":"https:\/\/dimensionturistica.com\/es\/wp-json\/wp\/v2\/posts"}],"about":[{"href":"https:\/\/dimensionturistica.com\/es\/wp-json\/wp\/v2\/types\/post"}],"author":[{"embeddable":true,"href":"https:\/\/dimensionturistica.com\/es\/wp-json\/wp\/v2\/users\/14"}],"replies":[{"embeddable":true,"href":"https:\/\/dimensionturistica.com\/es\/wp-json\/wp\/v2\/comments?post=1207667"}],"version-history":[{"count":1,"href":"https:\/\/dimensionturistica.com\/es\/wp-json\/wp\/v2\/posts\/1207667\/revisions"}],"predecessor-version":[{"id":1207669,"href":"https:\/\/dimensionturistica.com\/es\/wp-json\/wp\/v2\/posts\/1207667\/revisions\/1207669"}],"wp:featuredmedia":[{"embeddable":true,"href":"https:\/\/dimensionturistica.com\/es\/wp-json\/wp\/v2\/media\/1207668"}],"wp:attachment":[{"href":"https:\/\/dimensionturistica.com\/es\/wp-json\/wp\/v2\/media?parent=1207667"}],"wp:term":[{"taxonomy":"category","embeddable":true,"href":"https:\/\/dimensionturistica.com\/es\/wp-json\/wp\/v2\/categories?post=1207667"},{"taxonomy":"post_tag","embeddable":true,"href":"https:\/\/dimensionturistica.com\/es\/wp-json\/wp\/v2\/tags?post=1207667"}],"curies":[{"name":"wp","href":"https:\/\/api.w.org\/{rel}","templated":true}]}}