{"id":1207646,"date":"2026-09-05T12:42:22","date_gmt":"2026-09-05T12:42:22","guid":{"rendered":"https:\/\/dimensionturistica.com\/es\/?p=1207646"},"modified":"2026-09-05T12:42:22","modified_gmt":"2026-09-05T12:42:22","slug":"peluqueria-descubre-como-transformar-tu-cabello-castano-con-reflejos-sutiles-para-el-otono-2026","status":"publish","type":"post","link":"https:\/\/dimensionturistica.com\/es\/peluqueria-descubre-como-transformar-tu-cabello-castano-con-reflejos-sutiles-para-el-otono-2026\/","title":{"rendered":"Peluquer\u00eda: Descubre c\u00f3mo transformar tu cabello casta\u00f1o con reflejos sutiles para el oto\u00f1o 2026."},"content":{"rendered":"<p><strong>Transici\u00f3n Elegante: Mechas en Cabello Casta\u00f1o Inspiradas en Amal Clooney<\/strong><\/p>\n<p>El cabello casta\u00f1o sigue siendo un cl\u00e1sico atemporal, pero a\u00f1adir un toque moderno con mechas puede potenciar su belleza natural y darle un aire fresco y luminoso. Septiembre se presenta como un mes perfecto para adoptar estos cambios sutiles pero impactantes en el look, y celebridades como Amal Clooney est\u00e1n marcando la pauta en esta tendencia. A continuaci\u00f3n, exploramos c\u00f3mo llevar tu cabello casta\u00f1o con mechas de manera estilizada y chic.<\/p>\n<p><strong>Mechas que Iluminan: La T\u00e9cnica Perfecta<\/strong><\/p>\n<p>Antes de lanzarte a la peluquer\u00eda, es esencial entender qu\u00e9 tipo de mechas complementa tu tonalidad de cabello casta\u00f1o. Desde el balayage hasta las mechas babylights, cada t\u00e9cnica tiene su propia personalidad. El balayage, por ejemplo, ofrece un efecto m\u00e1s natural al aclarar suavemente el cabello, mientras que los babylights aportan un detalle sutil que imita el brillo del cabello infantil. Este tipo de mechas se esfuman en el cabello, eliminando el contraste marcado que podr\u00eda parecer artificial.<\/p>\n<p><strong>El Color Ideal: Tonalidades que Combinen<\/strong><\/p>\n<p>La elecci\u00f3n de las tonalidades para tus mechas es fundamental. Si tu cabello es un casta\u00f1o oscuro, puedes optar por mechas en tonos caramelo o rubio miel, que resaltan suavemente y a\u00f1aden movimiento. Para casta\u00f1os m\u00e1s claros, mechas en tonos ceniza o rubio dorado aportan luminosidad y un toque fresco en cualquier temporada. La clave est\u00e1 en buscar un equilibrio que haga que tu cabello brille y tenga profundidad.<\/p>\n<p><strong>Cuidado y Mantenimiento: Preservando el Brillo<\/strong><\/p>\n<p>Despu\u00e9s de estilizar tu cabello, el siguiente paso es asegurarte de que las mechas se mantengan vibrantes y saludables. Invirtiendo en productos espec\u00edficos para cabello te\u00f1ido, como champ\u00fas y acondicionadores sin sulfatos, se puede garantizar que el color se mantenga. Tambi\u00e9n es recomendable programar visitas rutinarias a la peluquer\u00eda para mantener las ra\u00edces y asegurar que el estilo se mantenga fresco.<\/p>\n<p><strong>Estilos a Considerar: Versatilidad de las Mechas<\/strong><\/p>\n<p>La versatilidad de las mechas en el cabello casta\u00f1o tienta a experimentar. Desde un look liso y pulido hasta suaves ondas playeras, los estilos son tan variados como la propia moda. Experimentar con diferentes peinados es una excelente manera de mostrar la inversi\u00f3n en tus mechas y dejar que tu cabello sea un reflejo de tu personalidad.<\/p>\n<p><strong>Conclusi\u00f3n: Una Declaraci\u00f3n de Estilo<\/strong><\/p>\n<p>Esta temporada, las mechas en cabello casta\u00f1o emergen como una opci\u00f3n moderna y pr\u00e1ctica para quienes buscan actualizar su look de manera fresca. La elegancia y el estilo se encapsulan en las elecciones que se hacen al momento de jugar con los colores, t\u00e9cnicas y cuidados. As\u00ed que, si est\u00e1s lista para un cambio, insp\u00edrate en el estilo de iconos como Amal Clooney y da un paso hacia un cabello con luminosidad y vida.<\/p>\n<p>Las tendencias son un ciclo perpetuo de inspiraci\u00f3n y cambio; este septiembre, las mechas en cabello casta\u00f1o se posicionan como la forma ideal de exaltar la belleza que ya posees. \u00a1Es hora de brillar!<\/p>\n<p><em> &#8221; Fuentes www.vogue.mx &#8221; <\/em><\/p>\n","protected":false},"excerpt":{"rendered":"<p>Transici\u00f3n Elegante: Mechas en Cabello Casta\u00f1o Inspiradas en Amal Clooney El cabello casta\u00f1o sigue siendo un cl\u00e1sico atemporal, pero a\u00f1adir un toque moderno con mechas puede potenciar su belleza natural y darle un aire fresco y luminoso. Septiembre se presenta como un mes perfecto para adoptar estos cambios sutiles pero impactantes en el look, y [&hellip;]<\/p>\n","protected":false},"author":14,"featured_media":1207647,"comment_status":"open","ping_status":"closed","sticky":false,"template":"","format":"standard","meta":{"om_disable_all_campaigns":false,"jnews-multi-image_gallery":[],"jnews_single_post":[],"jnews_primary_category":[],"jnews_social_meta":[],"footnotes":""},"categories":[144872],"tags":[198504,3381,39783,263383,296965,88737,3431,296964,659,296074,21398],"class_list":["post-1207646","post","type-post","status-publish","format-standard","has-post-thumbnail","hentry","category-fashion","tag-amal-clooney","tag-belleza","tag-cabello","tag-cabello-castano","tag-cambio-de-tono","tag-estilismo","tag-estilista","tag-mechas-traslucidas","tag-moda","tag-tendencias-septiembre-2026","tag-venecia"],"_links":{"self":[{"href":"https:\/\/dimensionturistica.com\/es\/wp-json\/wp\/v2\/posts\/1207646","targetHints":{"allow":["GET"]}}],"collection":[{"href":"https:\/\/dimensionturistica.com\/es\/wp-json\/wp\/v2\/posts"}],"about":[{"href":"https:\/\/dimensionturistica.com\/es\/wp-json\/wp\/v2\/types\/post"}],"author":[{"embeddable":true,"href":"https:\/\/dimensionturistica.com\/es\/wp-json\/wp\/v2\/users\/14"}],"replies":[{"embeddable":true,"href":"https:\/\/dimensionturistica.com\/es\/wp-json\/wp\/v2\/comments?post=1207646"}],"version-history":[{"count":1,"href":"https:\/\/dimensionturistica.com\/es\/wp-json\/wp\/v2\/posts\/1207646\/revisions"}],"predecessor-version":[{"id":1207648,"href":"https:\/\/dimensionturistica.com\/es\/wp-json\/wp\/v2\/posts\/1207646\/revisions\/1207648"}],"wp:featuredmedia":[{"embeddable":true,"href":"https:\/\/dimensionturistica.com\/es\/wp-json\/wp\/v2\/media\/1207647"}],"wp:attachment":[{"href":"https:\/\/dimensionturistica.com\/es\/wp-json\/wp\/v2\/media?parent=1207646"}],"wp:term":[{"taxonomy":"category","embeddable":true,"href":"https:\/\/dimensionturistica.com\/es\/wp-json\/wp\/v2\/categories?post=1207646"},{"taxonomy":"post_tag","embeddable":true,"href":"https:\/\/dimensionturistica.com\/es\/wp-json\/wp\/v2\/tags?post=1207646"}],"curies":[{"name":"wp","href":"https:\/\/api.w.org\/{rel}","templated":true}]}}