{"id":1207633,"date":"2026-09-05T11:45:36","date_gmt":"2026-09-05T11:45:36","guid":{"rendered":"https:\/\/dimensionturistica.com\/es\/?p=1207633"},"modified":"2026-09-05T11:45:36","modified_gmt":"2026-09-05T11:45:36","slug":"el-gobierno-ofrecera-excursiones-turisticas-sin-costo-para-familias-en-situacion-de-vulnerabilidad-en-morelos-en-2026","status":"publish","type":"post","link":"https:\/\/dimensionturistica.com\/es\/el-gobierno-ofrecera-excursiones-turisticas-sin-costo-para-familias-en-situacion-de-vulnerabilidad-en-morelos-en-2026\/","title":{"rendered":"El gobierno ofrecer\u00e1 excursiones tur\u00edsticas sin costo para familias en situaci\u00f3n de vulnerabilidad en Morelos en 2026."},"content":{"rendered":"<p><strong>Un Viaje de Esperanza: Turismo Inclusivo en Morelos<\/strong><\/p>\n<p>Morelos, un estado mexicano conocido por su rica historia, paisajes impresionantes y una cultura vibrante, est\u00e1 a punto de emprender una iniciativa que cambiar\u00e1 la forma en que se concibe el turismo en la regi\u00f3n. En un esfuerzo por promover la inclusi\u00f3n y ofrecer oportunidades a quienes m\u00e1s lo necesitan, el gobierno local ha anunciado un programa \u00fanico que permitir\u00e1 viajar gratis a miles de personas en situaci\u00f3n de vulnerabilidad durante el a\u00f1o 2026. Esta medida no solo tiene un impacto inmediato en la vida de los beneficiarios, sino que tambi\u00e9n plantea un nuevo paradigma en el sector tur\u00edstico.<\/p>\n<p>Este esfuerzo se basa en el principio de que todos deber\u00edan tener la oportunidad de explorar el mundo que les rodea, independientemente de sus circunstancias econ\u00f3micas. Al ofrecer viajes gratuitos, Morelos busca asegurar que aquellos en situaciones de desventaja puedan experimentar la belleza de su propio estado, visitando sitios emblem\u00e1ticos, monumentos hist\u00f3ricos, y sumergi\u00e9ndose en la rica oferta cultural que la regi\u00f3n tiene para ofrecer.<\/p>\n<p>Imaginemos a un grupo de j\u00f3venes que, por primera vez, toman un autob\u00fas rumbo a las impresionantes pir\u00e1mides de Cuernavaca, o a una familia que visita los renombrados balnearios de la zona. Cada viaje representa una nueva historia, una posibilidad de aprender sobre la historia local y conectar con sus ra\u00edces. La experiencia va m\u00e1s all\u00e1 de lo tur\u00edstico; se trata de construir la identidad y el sentido de pertenencia en una comunidad que ha estado marcada por la desigualdad.<\/p>\n<p>Adem\u00e1s, esta iniciativa tambi\u00e9n tiene un enfoque en la sostenibilidad. Se implementar\u00e1n pautas para que los viajes sean realizados de manera responsable, promoviendo el respeto por el medio ambiente y contribuyendo al desarrollo econ\u00f3mico de las peque\u00f1as comunidades a trav\u00e9s del turismo. Esto implica un compromiso no solo con los visitantes, sino tambi\u00e9n con los habitantes locales que dependen de este sector para su sustento.<\/p>\n<p>Al dar la bienvenida a un turismo m\u00e1s inclusivo y sostenible, Morelos se posiciona como un modelo a seguir para otras regiones del pa\u00eds y el mundo. La diversidad en los tipos de viajeros que se pueden atraer genera un dinamismo que beneficia no solo a la econom\u00eda, sino tambi\u00e9n al tejido social. Los visitantes, al conocer diferentes realidades, enriquecen su perspectiva y fomentan una cultura de empat\u00eda y solidaridad.<\/p>\n<p>Este anuncio ha creado una gran expectativa y se espera que se convierta en un catalizador para un cambio significativo en el turismo social en M\u00e9xico. Las autoridades locales est\u00e1n preparando una serie de campa\u00f1as informativas y eventos que promuevan este programa, asegur\u00e1ndose de que llegue a quienes m\u00e1s lo necesitan.<\/p>\n<p>En conclusi\u00f3n, el horizonte tur\u00edstico de Morelos se pinta con tonos de esperanza y renovaci\u00f3n. El viaje gratuito para las personas en vulnerabilidad no solo abrir\u00e1 puertas a nuevas experiencias, sino que tambi\u00e9n construir\u00e1 puentes entre culturas y comunidades. En un mundo donde muchas veces el acceso a experiencias significativas est\u00e1 limitado, esta iniciativa brilla como un faro que ilumina el camino hacia un turismo m\u00e1s justo y accesible. Sin duda, estamos ante un cambio que podr\u00eda redefinir el futuro del turismo en la regi\u00f3n y quiz\u00e1s en todo el pa\u00eds.<\/p>\n<p><em> &#8221; Fuentes www.diariodemorelos.com &#8221; <\/em><\/p>\n","protected":false},"excerpt":{"rendered":"<p>Un Viaje de Esperanza: Turismo Inclusivo en Morelos Morelos, un estado mexicano conocido por su rica historia, paisajes impresionantes y una cultura vibrante, est\u00e1 a punto de emprender una iniciativa que cambiar\u00e1 la forma en que se concibe el turismo en la regi\u00f3n. En un esfuerzo por promover la inclusi\u00f3n y ofrecer oportunidades a quienes [&hellip;]<\/p>\n","protected":false},"author":4,"featured_media":1207634,"comment_status":"open","ping_status":"closed","sticky":false,"template":"","format":"standard","meta":{"om_disable_all_campaigns":false,"jnews-multi-image_gallery":[],"jnews_single_post":[],"jnews_primary_category":[],"jnews_social_meta":[],"footnotes":""},"categories":[39],"tags":[55723,188421,260917,19303,235202,11224,544,19505],"class_list":["post-1207633","post","type-post","status-publish","format-standard","has-post-thumbnail","hentry","category-viajes","tag-55723","tag-apoyo-social","tag-familias-vulnerables","tag-gratuitos","tag-iniciativa-gubernamental","tag-morelos","tag-turismo","tag-viajes-turisticos"],"_links":{"self":[{"href":"https:\/\/dimensionturistica.com\/es\/wp-json\/wp\/v2\/posts\/1207633","targetHints":{"allow":["GET"]}}],"collection":[{"href":"https:\/\/dimensionturistica.com\/es\/wp-json\/wp\/v2\/posts"}],"about":[{"href":"https:\/\/dimensionturistica.com\/es\/wp-json\/wp\/v2\/types\/post"}],"author":[{"embeddable":true,"href":"https:\/\/dimensionturistica.com\/es\/wp-json\/wp\/v2\/users\/4"}],"replies":[{"embeddable":true,"href":"https:\/\/dimensionturistica.com\/es\/wp-json\/wp\/v2\/comments?post=1207633"}],"version-history":[{"count":1,"href":"https:\/\/dimensionturistica.com\/es\/wp-json\/wp\/v2\/posts\/1207633\/revisions"}],"predecessor-version":[{"id":1207635,"href":"https:\/\/dimensionturistica.com\/es\/wp-json\/wp\/v2\/posts\/1207633\/revisions\/1207635"}],"wp:featuredmedia":[{"embeddable":true,"href":"https:\/\/dimensionturistica.com\/es\/wp-json\/wp\/v2\/media\/1207634"}],"wp:attachment":[{"href":"https:\/\/dimensionturistica.com\/es\/wp-json\/wp\/v2\/media?parent=1207633"}],"wp:term":[{"taxonomy":"category","embeddable":true,"href":"https:\/\/dimensionturistica.com\/es\/wp-json\/wp\/v2\/categories?post=1207633"},{"taxonomy":"post_tag","embeddable":true,"href":"https:\/\/dimensionturistica.com\/es\/wp-json\/wp\/v2\/tags?post=1207633"}],"curies":[{"name":"wp","href":"https:\/\/api.w.org\/{rel}","templated":true}]}}