{"id":1207628,"date":"2026-09-05T11:13:33","date_gmt":"2026-09-05T11:13:33","guid":{"rendered":"https:\/\/dimensionturistica.com\/es\/?p=1207628"},"modified":"2026-09-05T11:13:33","modified_gmt":"2026-09-05T11:13:33","slug":"las-agencias-de-turismo-concuerdan-las-reservas-para-explorar-los-mercadillos-navidenos-en-europa-aumentan-un-34-mientras-que-en-alsacia-los-costos-descienden-drasticamente","status":"publish","type":"post","link":"https:\/\/dimensionturistica.com\/es\/las-agencias-de-turismo-concuerdan-las-reservas-para-explorar-los-mercadillos-navidenos-en-europa-aumentan-un-34-mientras-que-en-alsacia-los-costos-descienden-drasticamente\/","title":{"rendered":"Las agencias de turismo concuerdan: las reservas para explorar los mercadillos navide\u00f1os en Europa aumentan un 34%, mientras que en Alsacia los costos descienden dr\u00e1sticamente."},"content":{"rendered":"<p><strong>Descubre la Magia de los Mercados Navide\u00f1os en Europa<\/strong><\/p>\n<p>La temporada navide\u00f1a se acerca y con ella la oportunidad de experimentar la magia de los mercados navide\u00f1os, que cada a\u00f1o atraen a millones de viajeros de todo el mundo. Este a\u00f1o, las agencias de viaje han observado un notable aumento en las reservas para visitar estos encantadores destinos, con un crecimiento del 34% en comparaci\u00f3n con a\u00f1os anteriores. Entre los lugares m\u00e1s populares, Alsacia se destaca como un verdadero tesoro que promete deslumbrar a sus visitantes.<\/p>\n<p>Los mercados navide\u00f1os son una tradici\u00f3n que data de siglos atr\u00e1s, donde el aroma de casta\u00f1as asadas, vino caliente y galletas de jengibre se mezcla con las luces brillantes y la m\u00fasica festiva. Cada rinc\u00f3n de estas ferias est\u00e1 dise\u00f1ado para crear una experiencia \u00fanica y acogedora. En ciudades como Estrasburgo, conocida como la &#8220;Capital de la Navidad&#8221;, los mercados transforman las plazas en aut\u00e9nticos cuentos de hadas, donde la artesan\u00eda local y los productos t\u00edpicos invitan a los visitantes a llevarse un pedacito de la cultura europea.<\/p>\n<p>Una de las grandes noticias de esta temporada es la ca\u00edda de los precios en comparaci\u00f3n con a\u00f1os anteriores, lo que ha facilitado que m\u00e1s personas se aventuren a disfrutar de estas vibrantes festividades. Esto, combinado con el creciente inter\u00e9s por las experiencias aut\u00e9nticas y culturales, ha hecho que viajar a Europa en esta \u00e9poca del a\u00f1o se convierta en una opci\u00f3n ideal. Comparar precios y ofertas en alojamiento y transporte se vuelve esencial para aquellos que buscan ahorrar sin sacrificar calidad en su experiencia.<\/p>\n<p>Si te preguntas cu\u00e1l es la mejor manera de explorar los mercados navide\u00f1os, una opci\u00f3n altamente recomendada es participar en visitas guiadas. Estas excursiones no solo te llevar\u00e1n a los mejores mercados, sino que tambi\u00e9n ofrecen la oportunidad de conocer la historia y las tradiciones locales que llenan de vida a cada evento. Imagina recorrer las iluminadas calles de Colmar, donde las casas de entramado de madera se visten de gala y los sonidos de villancicos resuenan en el aire.<\/p>\n<p>Para los m\u00e1s aventureros, el disfrute no tiene que terminar en la compra de souvenirs. La gastronom\u00eda juega un papel protag\u00f3nico en estas festividades; no puedes dejar de probar el famoso &#8220;flammekueche&#8221; o las &#8220;bredele&#8221;, galletas t\u00edpicas que seguramente despertar\u00e1n tu esp\u00edritu navide\u00f1o. Adem\u00e1s, el vino caliente, una tradici\u00f3n que no puede faltar, es la bebida perfecta para acompa\u00f1ar tus paseos.<\/p>\n<p>Otro de los destinos que se posiciona fuerte en las reservas de este a\u00f1o es N\u00faremberg, un cl\u00e1sico que destaca por su mercado navide\u00f1o, uno de los m\u00e1s antiguos y tradicionales de Alemania. Con sus m\u00e1s de 180 casetas, es el lugar ideal para encontrar regalos ideales mientras te sumerges en una experiencia cultural que te har\u00e1 sentir como un aut\u00e9ntico local.<\/p>\n<p>En resumen, la combinaci\u00f3n de precios m\u00e1s accesibles y un aumento en el inter\u00e9s por los viajes durante la temporada navide\u00f1a hace que este a\u00f1o sea el momento perfecto para descubrir la magia de los mercados navide\u00f1os en Europa. Planificar un viaje a destinos como Alsacia o N\u00faremberg no solo enriquecer\u00e1 tu experiencia festiva, sino que tambi\u00e9n te llenar\u00e1 de recuerdos inolvidables. As\u00ed que, prepara tu maleta y d\u00e9jate llevar por un mundo donde la Navidad cobra vida de la manera m\u00e1s aut\u00e9ntica y encantadora.<\/p>\n<p><em> &#8221; Sources okdiario.com &#8221; <\/em><\/p>\n","protected":false},"excerpt":{"rendered":"<p>Descubre la Magia de los Mercados Navide\u00f1os en Europa La temporada navide\u00f1a se acerca y con ella la oportunidad de experimentar la magia de los mercados navide\u00f1os, que cada a\u00f1o atraen a millones de viajeros de todo el mundo. Este a\u00f1o, las agencias de viaje han observado un notable aumento en las reservas para visitar [&hellip;]<\/p>\n","protected":false},"author":4,"featured_media":1207218,"comment_status":"open","ping_status":"closed","sticky":false,"template":"","format":"standard","meta":{"om_disable_all_campaigns":false,"jnews-multi-image_gallery":[],"jnews_single_post":[],"jnews_primary_category":[],"jnews_social_meta":[],"footnotes":""},"categories":[40],"tags":[22176,715,1653,119319,1620,1865,255765,2182,544,545],"class_list":["post-1207628","post","type-post","status-publish","format-standard","has-post-thumbnail","hentry","category-industria","tag-alsacia","tag-economia","tag-europa","tag-mercados-navidenos","tag-precios","tag-reservas","tag-temporadas-festivas","tag-tendencias","tag-turismo","tag-viajes"],"_links":{"self":[{"href":"https:\/\/dimensionturistica.com\/es\/wp-json\/wp\/v2\/posts\/1207628","targetHints":{"allow":["GET"]}}],"collection":[{"href":"https:\/\/dimensionturistica.com\/es\/wp-json\/wp\/v2\/posts"}],"about":[{"href":"https:\/\/dimensionturistica.com\/es\/wp-json\/wp\/v2\/types\/post"}],"author":[{"embeddable":true,"href":"https:\/\/dimensionturistica.com\/es\/wp-json\/wp\/v2\/users\/4"}],"replies":[{"embeddable":true,"href":"https:\/\/dimensionturistica.com\/es\/wp-json\/wp\/v2\/comments?post=1207628"}],"version-history":[{"count":1,"href":"https:\/\/dimensionturistica.com\/es\/wp-json\/wp\/v2\/posts\/1207628\/revisions"}],"predecessor-version":[{"id":1207629,"href":"https:\/\/dimensionturistica.com\/es\/wp-json\/wp\/v2\/posts\/1207628\/revisions\/1207629"}],"wp:featuredmedia":[{"embeddable":true,"href":"https:\/\/dimensionturistica.com\/es\/wp-json\/wp\/v2\/media\/1207218"}],"wp:attachment":[{"href":"https:\/\/dimensionturistica.com\/es\/wp-json\/wp\/v2\/media?parent=1207628"}],"wp:term":[{"taxonomy":"category","embeddable":true,"href":"https:\/\/dimensionturistica.com\/es\/wp-json\/wp\/v2\/categories?post=1207628"},{"taxonomy":"post_tag","embeddable":true,"href":"https:\/\/dimensionturistica.com\/es\/wp-json\/wp\/v2\/tags?post=1207628"}],"curies":[{"name":"wp","href":"https:\/\/api.w.org\/{rel}","templated":true}]}}