{"id":1207622,"date":"2026-09-05T10:57:23","date_gmt":"2026-09-05T10:57:23","guid":{"rendered":"https:\/\/dimensionturistica.com\/es\/?p=1207622"},"modified":"2026-09-05T10:57:23","modified_gmt":"2026-09-05T10:57:23","slug":"treinta-anos-tras-el-lanzamiento-de-mal-de-amores-la-cineasta-que-observo-a-su-madre-crear-a-emilia-sauri-finalmente-lleva-su-historia-al-cine-he-deseado-narrar-esta-historia-desde-que-era-una-n","status":"publish","type":"post","link":"https:\/\/dimensionturistica.com\/es\/treinta-anos-tras-el-lanzamiento-de-mal-de-amores-la-cineasta-que-observo-a-su-madre-crear-a-emilia-sauri-finalmente-lleva-su-historia-al-cine-he-deseado-narrar-esta-historia-desde-que-era-una-n\/","title":{"rendered":"&#8220;Treinta a\u00f1os tras el lanzamiento de Mal de amores, la cineasta que observ\u00f3 a su madre crear a Emilia Sauri finalmente lleva su historia al cine: &#8216;He deseado narrar esta historia desde que era una ni\u00f1a de doce a\u00f1os'&#8221;."},"content":{"rendered":"<p><strong>Amor y Estilo: La Influencia de las Relaciones en la Moda<\/strong><\/p>\n<p>En el vasto universo de la moda, un elemento a menudo despreciado es el impacto emocional que las relaciones amorosas tienen en nuestras elecciones est\u00e9ticas. \u00bfAlguna vez te has mirado al espejo y has sentido que tu atuendo refleja tu estado sentimental? Las pasiones desenfrenadas, las decepciones y los desamores no solo alteran nuestro enfoque hacia el amor, sino que tambi\u00e9n pueden reconfigurar nuestra forma de vestir.<\/p>\n<p>Cuando una relaci\u00f3n florece, tendemos a experimentar una efervescencia que se traduce en atuendos vibrantes y osados. Los colores brillantes, las texturas llamativas y los cortes atrevidos pueden convertirse en una extensi\u00f3n de ese sentimiento de euforia. La influencia de la felicidad en nuestra imagen se manifiesta en cada prenda elegida. Por otro lado, el mal de amores, ese doloroso desgarro, suele invitar a una introspecci\u00f3n m\u00e1s profunda. En estos momentos, una tendencia hacia lo minimalista puede verse reflejada: prendas m\u00e1s sobrias, tonos neutros y una est\u00e9tica que simboliza la b\u00fasqueda de refugio emocional.<\/p>\n<p>Este ciclo de emociones recuerda que la moda no es solo una cuesti\u00f3n de estilo, sino tambi\u00e9n un espejo de lo que vivimos. Las pasarelas m\u00e1s ic\u00f3nicas a menudo capturan esta dualidad; dise\u00f1adores que se sumergen en sus experiencias amorosas para crear colecciones que cuentan historias. Ellos comprenden que cada garabato sobre papel, cada boceto, lleva consigo un eco de lo que su coraz\u00f3n ha sentido en diferentes etapas.<\/p>\n<p>Adem\u00e1s, es interesante observar c\u00f3mo las influencias culturales tambi\u00e9n modulan nuestra relaci\u00f3n con la moda a partir de las vivencias amorosas. En diversas sociedades, el amor tiene significados y expresiones plurales que, sin duda, se reflejan en los modos de vestir. Las tradiciones, las expectativas y los estereotipos de g\u00e9nero juegan un papel crucial en c\u00f3mo nos vestimos para impresionar, para atraer, para sanar.<\/p>\n<p>No podemos pasar por alto el papel de las redes sociales en esta narrativa emocional. Amplifican los altibajos sentimentales, convirti\u00e9ndolos en cuestiones de inter\u00e9s p\u00fablico. Las tendencias de moda, desde los &#8220;outfits&#8221; de ruptura hasta las reapariciones triunfales, son meticulosamente documentadas y comentadas. Cada publicaci\u00f3n en Instagram, cada tweet sobre un &#8220;mal de amores&#8221;, puede provocar una oleada de reacciones y, por ende, influir en las decisiones de moda de miles de seguidores. <\/p>\n<p>En este contexto, es v\u00e1lido preguntarse: \u00bfhasta qu\u00e9 punto la moda sirve como un mecanismo de sanaci\u00f3n? Las transformaciones de estilo que siguen a una separaci\u00f3n no son simplemente una b\u00fasqueda de renovaci\u00f3n, sino una representaci\u00f3n visual de la resiliencia personal. Las piezas elegidas pueden inicialmente estar dise\u00f1adas para ocultar el dolor, pero pronto se convierten en s\u00edmbolos de empoderamiento y autodescubrimiento.<\/p>\n<p>El amor y la moda est\u00e1n intr\u00ednsecamente interconectados, aliment\u00e1ndose mutuamente en un ciclo interminable de expresi\u00f3n y autoconocimiento. A medida que se desarrollan nuestras historias de amor, tambi\u00e9n lo hacen nuestras elecciones de vestuario. As\u00ed, los armarios se convierten en galer\u00edas de sentimientos, y cada atuendo cuenta una narrativa personal que es, sin duda, \u00fanica y reveladora.<\/p>\n<p>Por lo tanto, la pr\u00f3xima vez que elijas qu\u00e9 ponerte, t\u00f3mate un momento para reflexionar sobre la historia que tu atuendo cuenta. Abarca la conexi\u00f3n entre tus emociones y tu estilo, y permite que la moda sea no solo un reflejo de lo que ves en el espejo, sino tambi\u00e9n de lo que sientes en tu coraz\u00f3n.<\/p>\n<p><em> &#8221; Fuentes www.vogue.mx &#8221; <\/em><\/p>\n","protected":false},"excerpt":{"rendered":"<p>Amor y Estilo: La Influencia de las Relaciones en la Moda En el vasto universo de la moda, un elemento a menudo despreciado es el impacto emocional que las relaciones amorosas tienen en nuestras elecciones est\u00e9ticas. \u00bfAlguna vez te has mirado al espejo y has sentido que tu atuendo refleja tu estado sentimental? Las pasiones [&hellip;]<\/p>\n","protected":false},"author":14,"featured_media":1207623,"comment_status":"open","ping_status":"closed","sticky":false,"template":"","format":"standard","meta":{"om_disable_all_campaigns":false,"jnews-multi-image_gallery":[],"jnews_single_post":[],"jnews_primary_category":[],"jnews_social_meta":[],"footnotes":""},"categories":[144872],"tags":[59147,196362,875,255285,13137,296957,4285,2188,6643,17473,84339,6174,78362,1901,3025,39144],"class_list":["post-1207622","post","type-post","status-publish","format-standard","has-post-thumbnail","hentry","category-fashion","tag-adaptacion","tag-autobiografia","tag-cine","tag-creacion-artistica","tag-directora","tag-emilia-sauri","tag-familia","tag-feminismo","tag-historia","tag-legado","tag-mal-de-amores","tag-memoria","tag-narrativa","tag-netflix","tag-produccion","tag-series-de-tv"],"_links":{"self":[{"href":"https:\/\/dimensionturistica.com\/es\/wp-json\/wp\/v2\/posts\/1207622","targetHints":{"allow":["GET"]}}],"collection":[{"href":"https:\/\/dimensionturistica.com\/es\/wp-json\/wp\/v2\/posts"}],"about":[{"href":"https:\/\/dimensionturistica.com\/es\/wp-json\/wp\/v2\/types\/post"}],"author":[{"embeddable":true,"href":"https:\/\/dimensionturistica.com\/es\/wp-json\/wp\/v2\/users\/14"}],"replies":[{"embeddable":true,"href":"https:\/\/dimensionturistica.com\/es\/wp-json\/wp\/v2\/comments?post=1207622"}],"version-history":[{"count":1,"href":"https:\/\/dimensionturistica.com\/es\/wp-json\/wp\/v2\/posts\/1207622\/revisions"}],"predecessor-version":[{"id":1207624,"href":"https:\/\/dimensionturistica.com\/es\/wp-json\/wp\/v2\/posts\/1207622\/revisions\/1207624"}],"wp:featuredmedia":[{"embeddable":true,"href":"https:\/\/dimensionturistica.com\/es\/wp-json\/wp\/v2\/media\/1207623"}],"wp:attachment":[{"href":"https:\/\/dimensionturistica.com\/es\/wp-json\/wp\/v2\/media?parent=1207622"}],"wp:term":[{"taxonomy":"category","embeddable":true,"href":"https:\/\/dimensionturistica.com\/es\/wp-json\/wp\/v2\/categories?post=1207622"},{"taxonomy":"post_tag","embeddable":true,"href":"https:\/\/dimensionturistica.com\/es\/wp-json\/wp\/v2\/tags?post=1207622"}],"curies":[{"name":"wp","href":"https:\/\/api.w.org\/{rel}","templated":true}]}}