{"id":1207583,"date":"2026-09-05T07:57:20","date_gmt":"2026-09-05T07:57:20","guid":{"rendered":"https:\/\/dimensionturistica.com\/es\/?p=1207583"},"modified":"2026-09-05T07:57:20","modified_gmt":"2026-09-05T07:57:20","slug":"el-esquema-de-distribucion-de-las-879-000-plazas-para-mayores-todo-lo-que-necesitas-saber","status":"publish","type":"post","link":"https:\/\/dimensionturistica.com\/es\/el-esquema-de-distribucion-de-las-879-000-plazas-para-mayores-todo-lo-que-necesitas-saber\/","title":{"rendered":"El esquema de distribuci\u00f3n de las 879.000 plazas para mayores: todo lo que necesitas saber"},"content":{"rendered":"<h3>El Mapa de Oportunidades: C\u00f3mo aprovechar las 879.000 plazas del IMSERSO para tus vacaciones<\/h3>\n<p>La oferta de turismo para personas mayores ha experimentado un notable impulso en los \u00faltimos a\u00f1os, con el Instituto de Mayores y Servicios Sociales (IMSERSO) liderando la iniciativa. Esta instituci\u00f3n, comprometida con el bienestar y la calidad de vida de las personas mayores, ha puesto sobre la mesa un vasto programa que incluye 879.000 plazas en diversos destinos tur\u00edsticos. Si todav\u00eda no conoc\u00edas esta fant\u00e1stica oportunidad, ahora es el momento de informarte y planificar tu pr\u00f3xima aventura.<\/p>\n<h4>Destinos Diversos para Todos los Gustos<\/h4>\n<p>El programa de turismo del IMSERSO se distribuye en m\u00faltiples destinos a lo largo del pa\u00eds, cada uno con su encanto particular. Desde las playas soleadas del Mediterr\u00e1neo hasta las monta\u00f1as nevadas del norte, los mayores pueden disfrutar de un amplio abanico de opciones que garantizan un descanso reparador y actividades enriquecedoras. Las zonas turnistas incluyen no solo el cl\u00e1sico sol y playa, sino tambi\u00e9n rutas culturales, gastron\u00f3micas y de naturaleza, que brindan la oportunidad de explorar y aprender.<\/p>\n<h4>Planificaci\u00f3n y Distribuci\u00f3n de Plazas<\/h4>\n<p>La gesti\u00f3n de estas 879.000 plazas se ha dise\u00f1ado de manera que los interesados puedan elegir el destino que m\u00e1s les convenga. Las reservas se realizan en un sistema que prioriza la facilidad de acceso y la transparencia, garantizando que cada persona tenga la oportunidad de participar. Este esfuerzo por parte del IMSERSO no solo busca fomentar el turismo, sino que tambi\u00e9n promueve la socializaci\u00f3n de las personas mayores, un aspecto crucial para su bienestar emocional.<\/p>\n<h4>Beneficios Adicionales<\/h4>\n<p>Adem\u00e1s de las tarifas asequibles, que permiten a muchas personas mayores acceder a estos servicios, el programa tambi\u00e9n incluye actividades complementarias que buscan enriquecer la experiencia vacacional. Talleres, excursiones y eventos culturales son solo algunas de las opciones que acompa\u00f1an a las estancias, haciendo de estas vacaciones una experiencia completa, educativa y entretenida.<\/p>\n<h4>C\u00f3mo Aprovechar Esta Oportunidad<\/h4>\n<p>Si eres un viajero experimentado o alguien que desea tomar su primer viaje tras la jubilaci\u00f3n, ahora es el instante de informarte sobre el programa del IMSERSO. La inscripci\u00f3n es sencilla, y se puede realizar a trav\u00e9s de las diversas plataformas disponibles, donde encontrar\u00e1s toda la informaci\u00f3n necesaria para elegir tu destino ideal.<\/p>\n<p>Para aquellos que a\u00fan tienen dudas, los testimonios de quienes ya han disfrutado de estas plazas son un aliciente poderoso. Muchos han resaltado no solo la calidad del servicio, sino tambi\u00e9n la calidez y camarader\u00eda que se vive entre los viajeros, creando lazos que van m\u00e1s all\u00e1 de las vacaciones.<\/p>\n<h4>El Turismo Accesible y Solidario<\/h4>\n<p>El programa no solo se centra en ofrecer vacaciones, sino que tambi\u00e9n pone en valor el turismo accesible y solidario. Al fomentar el desplazamiento de personas mayores a lo largo del pa\u00eds, se contribuye a un modelo tur\u00edstico que prioriza el respeto y la inclusi\u00f3n. De esta manera, se generan experiencias significativas no solo para los viajeros, sino tambi\u00e9n para las comunidades que los reciben.<\/p>\n<h3>En Conclusi\u00f3n<\/h3>\n<p>Las 879.000 plazas del IMSERSO son una puerta abierta a nuevas experiencias, socializaci\u00f3n y diversi\u00f3n para las personas mayores. No es solo una oportunidad de salir de casa, sino una invitaci\u00f3n a redescubrir el mundo con una perspectiva renovada. As\u00ed que, si est\u00e1s listo para vivir tus pr\u00f3ximas vacaciones de una manera diferente, no dudes en informarte y ser parte de esta maravillosa iniciativa. \u00a1Tu aventura te espera!<\/p>\n<p><em> &#8221; Sources www.preferente.com &#8221; <\/em><\/p>\n","protected":false},"excerpt":{"rendered":"<p>El Mapa de Oportunidades: C\u00f3mo aprovechar las 879.000 plazas del IMSERSO para tus vacaciones La oferta de turismo para personas mayores ha experimentado un notable impulso en los \u00faltimos a\u00f1os, con el Instituto de Mayores y Servicios Sociales (IMSERSO) liderando la iniciativa. Esta instituci\u00f3n, comprometida con el bienestar y la calidad de vida de las [&hellip;]<\/p>\n","protected":false},"author":4,"featured_media":754597,"comment_status":"open","ping_status":"closed","sticky":false,"template":"","format":"standard","meta":{"om_disable_all_campaigns":false,"jnews-multi-image_gallery":[],"jnews_single_post":[],"jnews_primary_category":[],"jnews_social_meta":[],"footnotes":""},"categories":[40],"tags":[11324,8956,813,12850,11593,66348,10453,23667,53091,544],"class_list":["post-1207583","post","type-post","status-publish","format-standard","has-post-thumbnail","hentry","category-industria","tag-accesibilidad","tag-discapacidad","tag-imserso","tag-inclusion","tag-mapa","tag-personas-mayores","tag-plazas","tag-reparto","tag-servicios-sociales","tag-turismo"],"_links":{"self":[{"href":"https:\/\/dimensionturistica.com\/es\/wp-json\/wp\/v2\/posts\/1207583","targetHints":{"allow":["GET"]}}],"collection":[{"href":"https:\/\/dimensionturistica.com\/es\/wp-json\/wp\/v2\/posts"}],"about":[{"href":"https:\/\/dimensionturistica.com\/es\/wp-json\/wp\/v2\/types\/post"}],"author":[{"embeddable":true,"href":"https:\/\/dimensionturistica.com\/es\/wp-json\/wp\/v2\/users\/4"}],"replies":[{"embeddable":true,"href":"https:\/\/dimensionturistica.com\/es\/wp-json\/wp\/v2\/comments?post=1207583"}],"version-history":[{"count":1,"href":"https:\/\/dimensionturistica.com\/es\/wp-json\/wp\/v2\/posts\/1207583\/revisions"}],"predecessor-version":[{"id":1207584,"href":"https:\/\/dimensionturistica.com\/es\/wp-json\/wp\/v2\/posts\/1207583\/revisions\/1207584"}],"wp:featuredmedia":[{"embeddable":true,"href":"https:\/\/dimensionturistica.com\/es\/wp-json\/wp\/v2\/media\/754597"}],"wp:attachment":[{"href":"https:\/\/dimensionturistica.com\/es\/wp-json\/wp\/v2\/media?parent=1207583"}],"wp:term":[{"taxonomy":"category","embeddable":true,"href":"https:\/\/dimensionturistica.com\/es\/wp-json\/wp\/v2\/categories?post=1207583"},{"taxonomy":"post_tag","embeddable":true,"href":"https:\/\/dimensionturistica.com\/es\/wp-json\/wp\/v2\/tags?post=1207583"}],"curies":[{"name":"wp","href":"https:\/\/api.w.org\/{rel}","templated":true}]}}