{"id":1207576,"date":"2026-09-05T07:30:25","date_gmt":"2026-09-05T07:30:25","guid":{"rendered":"https:\/\/dimensionturistica.com\/es\/?p=1207576"},"modified":"2026-09-05T07:30:25","modified_gmt":"2026-09-05T07:30:25","slug":"cuatro-atuendos-esenciales-para-la-oficina-que-el-equipo-de-vogue-lucira-en-septiembre-de-2026","status":"publish","type":"post","link":"https:\/\/dimensionturistica.com\/es\/cuatro-atuendos-esenciales-para-la-oficina-que-el-equipo-de-vogue-lucira-en-septiembre-de-2026\/","title":{"rendered":"Cuatro atuendos esenciales para la oficina que el equipo de Vogue lucir\u00e1 en septiembre de 2026."},"content":{"rendered":"<p><strong>Tendencias en Moda de Oficina: Lo que Marcar\u00e1 el Estilo en Septiembre de 2026<\/strong><\/p>\n<p>El \u00e1mbito laboral ha experimentado una transformaci\u00f3n radical en los \u00faltimos a\u00f1os, y la moda de oficina no se queda atr\u00e1s. Con la llegada de septiembre de 2026, se vislumbran nuevas tendencias que redefinir\u00e1n lo que significa vestirse para el trabajo. Las prendas seleccionadas por el equipo de una reconocida revista de estilo y moda nos dan pistas claras sobre lo que ser\u00e1 imprescindible en los armarios de las profesionales del futuro.<\/p>\n<p><strong>Prendas Clave para Cautivar y Impactar<\/strong><\/p>\n<p>Septiembre trae consigo la oportunidad de reiniciar y refrescar el vestuario, y este a\u00f1o se apostar\u00e1 por lo vers\u00e1til y funcional. Las chaquetas estructuradas estar\u00e1n en el centro de atenci\u00f3n. No solo aportar\u00e1n una silueta impecable, sino que tambi\u00e9n permitir\u00e1n al usuario transitar sin problemas del ambiente de oficina a eventos sociales posteriores. La elecci\u00f3n de tejidos ligeros pero de alta calidad ser\u00e1 unas de las claves para lograr ese balance perfecto entre comodidad y elegancia.<\/p>\n<p>Otra tendencia a destacar es el uso de colores neutros. Aunque el negro cl\u00e1sico nunca pasa de moda, los tonos como el beige, gris claro y azul marino se perfilan como los favoritos. Estos colores no solo son f\u00e1ciles de combinar, sino que tambi\u00e9n proyectan una imagen de sofisticaci\u00f3n moderna, ideal para el entorno laboral contempor\u00e1neo.<\/p>\n<p><strong>Accesorios que Elevan el Look<\/strong><\/p>\n<p>La moda de oficina de septiembre de 2026 no se limita a las prendas. Los accesorios juegan un papel crucial en la construcci\u00f3n del conjunto perfecto. Las mochilas y bolsos de cuero de dise\u00f1o minimalista se posicionan como elementos esenciales, no solo por su est\u00e9tica elegante, sino por su practicidad. Estos complementos a\u00f1aden un toque de modernidad sin sacrificar la funcionalidad necesaria en un d\u00eda ajetreado de trabajo.<\/p>\n<p>Por otro lado, los calzados tambi\u00e9n evolucionan. Se observan zapatos c\u00f3modos pero stylish, como las zapatillas oxford y los mocasines, que ofrecen un equilibrio entre un estilo formal e informal. La comodidad ser\u00e1 la clave, permitiendo a los profesionales moverse con agilidad durante su jornada sin renunciar a la elegancia.<\/p>\n<p><strong>Estilo Sostenible: Una Tendencia Imperdible<\/strong><\/p>\n<p>En un mundo cada vez m\u00e1s consciente de la sostenibilidad, la moda de oficina se adapta a esta nueva realidad. Se espera que las prendas realizadas con materiales ecol\u00f3gicos cobren mayor protagonismo. La elecci\u00f3n de marcas que priorizan la \u00e9tica y la sostenibilidad se convertir\u00e1 en un aspecto fundamental para el consumidor consciente. As\u00ed, no solo se vestir\u00e1 con estilo, sino que tambi\u00e9n se contribuir\u00e1 a un futuro m\u00e1s responsable.<\/p>\n<p><strong>Vestir con Intenci\u00f3n: M\u00e1s All\u00e1 de la Moda<\/strong><\/p>\n<p>Vistiendo con prop\u00f3sito y atenci\u00f3n a los detalles, los profesionales de septiembre de 2026 saben que cada elecci\u00f3n de atuendo habla de su identidad personal y profesional. Cada prenda, cada accesorio, cada color seleccionado es una declaraci\u00f3n de intenciones, una forma de expresar qui\u00e9nes son y qu\u00e9 representan en el \u00e1mbito laboral. La moda se convierte, de esta manera, en una poderosa herramienta de autoexpresi\u00f3n.<\/p>\n<p><strong>En Resumen<\/strong><\/p>\n<p>Con un enfoque en la versatilidad, la sostenibilidad y la elegancia, la moda de oficina para septiembre de 2026 est\u00e1 lista para deslumbrar. Las tendencias que marcan el camino proponen armonizar estilo y funcionalidad, permitiendo a los profesionales no solo presentarse adecuadamente ante las demandas laborales, sino tambi\u00e9n sentirse c\u00f3modos y aut\u00e9nticos en su d\u00eda a d\u00eda. Su vestuario, un reflejo de su personalidad, se convertir\u00e1 en una extensi\u00f3n de su identidad en el entorno profesional. La moda de oficina nunca ha sido tan emocionante y relevante.<\/p>\n<p><em> &#8221; Fuentes www.vogue.mx &#8221; <\/em><\/p>\n","protected":false},"excerpt":{"rendered":"<p>Tendencias en Moda de Oficina: Lo que Marcar\u00e1 el Estilo en Septiembre de 2026 El \u00e1mbito laboral ha experimentado una transformaci\u00f3n radical en los \u00faltimos a\u00f1os, y la moda de oficina no se queda atr\u00e1s. Con la llegada de septiembre de 2026, se vislumbran nuevas tendencias que redefinir\u00e1n lo que significa vestirse para el trabajo. [&hellip;]<\/p>\n","protected":false},"author":14,"featured_media":1207577,"comment_status":"open","ping_status":"closed","sticky":false,"template":"","format":"standard","meta":{"om_disable_all_campaigns":false,"jnews-multi-image_gallery":[],"jnews_single_post":[],"jnews_primary_category":[],"jnews_social_meta":[],"footnotes":""},"categories":[144872],"tags":[53463,73806,7758,659,1103,218112,252640,2182,3166,27057,50356],"class_list":["post-1207576","post","type-post","status-publish","format-standard","has-post-thumbnail","hentry","category-fashion","tag-conjuntos","tag-elegancia","tag-estilo","tag-moda","tag-profesional","tag-ropa-de-moda","tag-septiembre-2026","tag-tendencias","tag-trabajo","tag-vestuario","tag-vogue"],"_links":{"self":[{"href":"https:\/\/dimensionturistica.com\/es\/wp-json\/wp\/v2\/posts\/1207576","targetHints":{"allow":["GET"]}}],"collection":[{"href":"https:\/\/dimensionturistica.com\/es\/wp-json\/wp\/v2\/posts"}],"about":[{"href":"https:\/\/dimensionturistica.com\/es\/wp-json\/wp\/v2\/types\/post"}],"author":[{"embeddable":true,"href":"https:\/\/dimensionturistica.com\/es\/wp-json\/wp\/v2\/users\/14"}],"replies":[{"embeddable":true,"href":"https:\/\/dimensionturistica.com\/es\/wp-json\/wp\/v2\/comments?post=1207576"}],"version-history":[{"count":1,"href":"https:\/\/dimensionturistica.com\/es\/wp-json\/wp\/v2\/posts\/1207576\/revisions"}],"predecessor-version":[{"id":1207578,"href":"https:\/\/dimensionturistica.com\/es\/wp-json\/wp\/v2\/posts\/1207576\/revisions\/1207578"}],"wp:featuredmedia":[{"embeddable":true,"href":"https:\/\/dimensionturistica.com\/es\/wp-json\/wp\/v2\/media\/1207577"}],"wp:attachment":[{"href":"https:\/\/dimensionturistica.com\/es\/wp-json\/wp\/v2\/media?parent=1207576"}],"wp:term":[{"taxonomy":"category","embeddable":true,"href":"https:\/\/dimensionturistica.com\/es\/wp-json\/wp\/v2\/categories?post=1207576"},{"taxonomy":"post_tag","embeddable":true,"href":"https:\/\/dimensionturistica.com\/es\/wp-json\/wp\/v2\/tags?post=1207576"}],"curies":[{"name":"wp","href":"https:\/\/api.w.org\/{rel}","templated":true}]}}