{"id":1207551,"date":"2026-09-05T05:47:24","date_gmt":"2026-09-05T05:47:24","guid":{"rendered":"https:\/\/dimensionturistica.com\/es\/?p=1207551"},"modified":"2026-09-05T05:47:24","modified_gmt":"2026-09-05T05:47:24","slug":"las-tendencias-del-vestir-2026-reflexiones-sobre-la-moda-contemporanea","status":"publish","type":"post","link":"https:\/\/dimensionturistica.com\/es\/las-tendencias-del-vestir-2026-reflexiones-sobre-la-moda-contemporanea\/","title":{"rendered":"Las Tendencias del Vestir 2026: Reflexiones sobre la Moda Contempor\u00e1nea"},"content":{"rendered":"<p>La moda es un espejo de la cultura contempor\u00e1nea, un campo de batalla donde se entrelazan la innovaci\u00f3n, la sostenibilidad y la inclusividad. En un mundo que cambia a un ritmo acelerado, los nuevos enfoques y tendencias en la industria del vestir est\u00e1n marcando la pauta en c\u00f3mo percibimos y consumimos la moda.<\/p>\n<p>Imagina un futuro donde la autenticidad y la individualidad son celebradas m\u00e1s que nunca. Las pasarelas se transforman en escenarios donde las identidades se defienden y se exponen sin miedo. Dise\u00f1adores emergentes est\u00e1n desafiando las convenciones tradicionales, ofreciendo piezas que cuentan historias personales y reflejan una diversidad cultural rica y vibrante. Este cambio no solo est\u00e1 revolucionando el dise\u00f1o, sino tambi\u00e9n la propuesta de valor que se espera de las marcas. Un llamado a la acci\u00f3n por la transparencias en los procesos de producci\u00f3n y la procedencia de los materiales se hace presente con cada colecci\u00f3n.<\/p>\n<p>En un entorno donde la sostenibilidad es imprescindible, las marcas se est\u00e1n reorientando hacia pr\u00e1cticas que respeten el planeta. La moda circular, que prioriza la reutilizaci\u00f3n y el reciclaje de materiales, est\u00e1 ganando terreno. Los consumidores buscan cada vez m\u00e1s opciones que minimicen su huella ecol\u00f3gica, y las marcas que respondan a esta demanda estar\u00e1n a la vanguardia de la industria. La moda no solo se trata de c\u00f3mo vestimos, sino tambi\u00e9n de c\u00f3mo vivimos y de las decisiones que tomamos como sociedad.<\/p>\n<p>La tecnolog\u00eda, por su parte, ha abierto nuevas puertas a la creatividad. Desde el uso de inteligencia artificial en el dise\u00f1o hasta la realidad aumentada en la experiencia de compra, las posibilidades son infinitas. Estas herramientas est\u00e1n redefiniendo la manera en que los dise\u00f1adores dan vida a sus visiones y permiten una interacci\u00f3n m\u00e1s profunda entre marcas y consumidores. La digitalizaci\u00f3n tambi\u00e9n fomenta la democratizaci\u00f3n de la moda, donde las voces diversas tienen plataformas para ser escuchadas y celebradas.<\/p>\n<p>El activismo social est\u00e1 tomando un papel protag\u00f3nico en este panorama cambiante. Las marcas que abogan por causas sociales y que promueven la diversidad y la inclusi\u00f3n est\u00e1n resonando fuertemente con las nuevas generaciones. Los consumidores de hoy no solo quieren adquirir productos, sino tambi\u00e9n apoyar marcas que se alineen con sus valores \u00e9ticos y sociales. Este fen\u00f3meno est\u00e1 impulsando un cambio radical en c\u00f3mo se construyen y mantienen las relaciones entre las marcas y su p\u00fablico.<\/p>\n<p>Finalmente, la moda se erige como un veh\u00edculo de expresi\u00f3n y resistencia ante las adversidades sociales y pol\u00edticas. A trav\u00e9s de sus propuestas, los dise\u00f1adores est\u00e1n no solo desafiando los est\u00e1ndares establecidos, sino tambi\u00e9n alentando a una reflexi\u00f3n profunda sobre nuestra identidad y el papel que cada uno juega en el mundo. En este sentido, la moda se convierte en un arte que va m\u00e1s all\u00e1 de la est\u00e9tica, convirti\u00e9ndose en un catalizador de cambio y un reflejo de nuestras aspiraciones colectivas.<\/p>\n<p>Con todas estas fuerzas en juego, el futuro de la moda promete ser tan din\u00e1mico y diverso como las culturas que la inspiran. Cada dise\u00f1o, cada pasarela y cada tendencia nos ofrece una nueva oportunidad para explorar y expresar lo que significa ser humano en un mundo en constante transformaci\u00f3n. La industria se encuentra en un punto de inflexi\u00f3n, y las decisiones que tomemos hoy dar\u00e1n forma a la narrativa de la moda de ma\u00f1ana.<\/p>\n<p><em> &#8221; Fuentes www.vogue.mx &#8221; <\/em><\/p>\n","protected":false},"excerpt":{"rendered":"<p>La moda es un espejo de la cultura contempor\u00e1nea, un campo de batalla donde se entrelazan la innovaci\u00f3n, la sostenibilidad y la inclusividad. En un mundo que cambia a un ritmo acelerado, los nuevos enfoques y tendencias en la industria del vestir est\u00e1n marcando la pauta en c\u00f3mo percibimos y consumimos la moda. Imagina un [&hellip;]<\/p>\n","protected":false},"author":14,"featured_media":1207552,"comment_status":"open","ping_status":"closed","sticky":false,"template":"","format":"standard","meta":{"om_disable_all_campaigns":false,"jnews-multi-image_gallery":[],"jnews_single_post":[],"jnews_primary_category":[],"jnews_social_meta":[],"footnotes":""},"categories":[144872],"tags":[55723,178487,212079,193,166,251609,70697,9624,372,6194,50356],"class_list":["post-1207551","post","type-post","status-publish","format-standard","has-post-thumbnail","hentry","category-fashion","tag-55723","tag-contemporary","tag-conversations","tag-culture","tag-fashion","tag-forces-of-fashion","tag-industry","tag-influencers","tag-style","tag-trends","tag-vogue"],"_links":{"self":[{"href":"https:\/\/dimensionturistica.com\/es\/wp-json\/wp\/v2\/posts\/1207551","targetHints":{"allow":["GET"]}}],"collection":[{"href":"https:\/\/dimensionturistica.com\/es\/wp-json\/wp\/v2\/posts"}],"about":[{"href":"https:\/\/dimensionturistica.com\/es\/wp-json\/wp\/v2\/types\/post"}],"author":[{"embeddable":true,"href":"https:\/\/dimensionturistica.com\/es\/wp-json\/wp\/v2\/users\/14"}],"replies":[{"embeddable":true,"href":"https:\/\/dimensionturistica.com\/es\/wp-json\/wp\/v2\/comments?post=1207551"}],"version-history":[{"count":1,"href":"https:\/\/dimensionturistica.com\/es\/wp-json\/wp\/v2\/posts\/1207551\/revisions"}],"predecessor-version":[{"id":1207553,"href":"https:\/\/dimensionturistica.com\/es\/wp-json\/wp\/v2\/posts\/1207551\/revisions\/1207553"}],"wp:featuredmedia":[{"embeddable":true,"href":"https:\/\/dimensionturistica.com\/es\/wp-json\/wp\/v2\/media\/1207552"}],"wp:attachment":[{"href":"https:\/\/dimensionturistica.com\/es\/wp-json\/wp\/v2\/media?parent=1207551"}],"wp:term":[{"taxonomy":"category","embeddable":true,"href":"https:\/\/dimensionturistica.com\/es\/wp-json\/wp\/v2\/categories?post=1207551"},{"taxonomy":"post_tag","embeddable":true,"href":"https:\/\/dimensionturistica.com\/es\/wp-json\/wp\/v2\/tags?post=1207551"}],"curies":[{"name":"wp","href":"https:\/\/api.w.org\/{rel}","templated":true}]}}