{"id":1207533,"date":"2026-09-05T04:56:31","date_gmt":"2026-09-05T04:56:31","guid":{"rendered":"https:\/\/dimensionturistica.com\/es\/?p=1207533"},"modified":"2026-09-05T04:56:31","modified_gmt":"2026-09-05T04:56:31","slug":"renata-vaca-y-juan-pablo-fuentes-en-la-portada-de-una-revista-de-moda-amar-en-tiempos-de-crisis-es-un-acto-de-rebeldia","status":"publish","type":"post","link":"https:\/\/dimensionturistica.com\/es\/renata-vaca-y-juan-pablo-fuentes-en-la-portada-de-una-revista-de-moda-amar-en-tiempos-de-crisis-es-un-acto-de-rebeldia\/","title":{"rendered":"Renata Vaca y Juan Pablo Fuentes en la portada de una revista de moda: &#8216;Amar en tiempos de crisis es un acto de rebeld\u00eda&#8217;"},"content":{"rendered":"<p>En el vibrante mundo de la moda, cada temporada trae consigo nuevas historias y colaboraciones que redefinen la creatividad y la est\u00e9tica. Este es el caso de la innovadora marca Mal de Amores, que ha logrado capturar la atenci\u00f3n de los amantes de la moda a trav\u00e9s de una fusi\u00f3n \u00fanica entre arte, cultura y dise\u00f1o. Por ello, el nombre de Renata Vaca y Juan Pablo Fuentes resuena como un eco de frescura y autenticidad en la escena del streetwear mexicano.<\/p>\n<p>En su panorama visual, Mal de Amores se presenta como un lienzo que narra historias profundas. Con una propuesta que se aleja de lo convencional, Vaca y Fuentes han cimentado su propuesta en la revalorizaci\u00f3n de la identidad. Las prendas no son solo colores y formas, sino que se convierten en mensajes que invitan a la reflexi\u00f3n sobre el amor, la p\u00e9rdida y la autoexpresi\u00f3n, elementos recurrentes que marcan la esencia de la juventud contempor\u00e1nea.<\/p>\n<p>Las \u00faltimas im\u00e1genes de su colecci\u00f3n, donde la dualidad entre la tristeza y la esperanza se entrelaza, ofrecen una mirada sincera hacia la vida moderna. La est\u00e9tica de cada pieza refleja no solo un sentido de pertenencia a una comunidad, sino un deseo ferviente de conectar emocionalmente con quienes se atreven a lucirlas. Los dise\u00f1os vibrantes cargan un simbolismo que abre un di\u00e1logo entre el individuo y su entorno, convirtiendo a cada atuendo en una declaraci\u00f3n personal.<\/p>\n<p>El uso de texturas org\u00e1nicas y una paleta de colores que fluct\u00faa entre lo mon\u00f3tono y lo exuberante invitan a los espectadores a experimentar una monta\u00f1a rusa de emociones. La visi\u00f3n creativa de esta colaboraci\u00f3n va m\u00e1s all\u00e1 de la simple vestimenta; busca instaurar un movimiento que celebre la individualidad. Este concepto ha resuelto la ecuaci\u00f3n que une la necesidad de expresarse con el deseo por un estilo aut\u00e9ntico, una b\u00fasqueda constante del equilibrio entre lo emocional y lo est\u00e9tico.<\/p>\n<p>La proyecci\u00f3n de Mal de Amores no se limita a las pasarelas. La interacci\u00f3n con su comunidad a trav\u00e9s de redes sociales ha creado un v\u00ednculo s\u00f3lido y aut\u00e9ntico con sus seguidores. Al generar contenido que no solo promociona productos, sino que tambi\u00e9n invita a reflexionar y compartir experiencias, Vaca y Fuentes han logrado un nicho donde el arte de la moda se transforma en un elemento social. Cada publicaci\u00f3n se convierte en una invitaci\u00f3n a la conversaci\u00f3n, fomentando una comunidad activa y comprometida.<\/p>\n<p>En un mundo donde la moda r\u00e1pida domina el mercado, la propuesta de Mal de Amores se erige como un faro de esperanza para aquellos que buscan m\u00e1s que simple vestimenta. Es una invitaci\u00f3n a cuestionar, a sentir y, sobre todo, a amar. A medida que los j\u00f3venes luchan por encontrar su lugar en un escenario complejo, estas piezas se tornan en emblemas visibles de su autodeterminaci\u00f3n y expresi\u00f3n.<\/p>\n<p>As\u00ed, Renata Vaca y Juan Pablo Fuentes contin\u00faan empujando los l\u00edmites de lo que puede ser la moda en el contexto actual. Con cada colecci\u00f3n, desaf\u00edan la percepci\u00f3n tradicional y construyen un universo donde cada nota, cada textura y cada dise\u00f1o resuena con el latido de una generaci\u00f3n en constante b\u00fasqueda de su identidad. Mal de Amores no solo representa un estilo; es un movimiento que invita a todos a participar y a expresar lo que sienten, una declaraci\u00f3n potente en el panorama de la moda contempor\u00e1nea.<\/p>\n<p><em> &#8221; Fuentes www.vogue.mx &#8221; <\/em><\/p>\n","protected":false},"excerpt":{"rendered":"<p>En el vibrante mundo de la moda, cada temporada trae consigo nuevas historias y colaboraciones que redefinen la creatividad y la est\u00e9tica. Este es el caso de la innovadora marca Mal de Amores, que ha logrado capturar la atenci\u00f3n de los amantes de la moda a trav\u00e9s de una fusi\u00f3n \u00fanica entre arte, cultura y [&hellip;]<\/p>\n","protected":false},"author":14,"featured_media":1207534,"comment_status":"open","ping_status":"closed","sticky":false,"template":"","format":"standard","meta":{"om_disable_all_campaigns":false,"jnews-multi-image_gallery":[],"jnews_single_post":[],"jnews_primary_category":[],"jnews_social_meta":[],"footnotes":""},"categories":[144872],"tags":[6647,875,662,1371,55109,250240,84339,1901,19490,296928,28717,39144,50356],"class_list":["post-1207533","post","type-post","status-publish","format-standard","has-post-thumbnail","hentry","category-fashion","tag-amor","tag-cine","tag-cultura","tag-entretenimiento","tag-historia-de-portada","tag-juan-pablo-fuentes","tag-mal-de-amores","tag-netflix","tag-portada","tag-renata-vaca","tag-revolucion","tag-series-de-tv","tag-vogue"],"_links":{"self":[{"href":"https:\/\/dimensionturistica.com\/es\/wp-json\/wp\/v2\/posts\/1207533","targetHints":{"allow":["GET"]}}],"collection":[{"href":"https:\/\/dimensionturistica.com\/es\/wp-json\/wp\/v2\/posts"}],"about":[{"href":"https:\/\/dimensionturistica.com\/es\/wp-json\/wp\/v2\/types\/post"}],"author":[{"embeddable":true,"href":"https:\/\/dimensionturistica.com\/es\/wp-json\/wp\/v2\/users\/14"}],"replies":[{"embeddable":true,"href":"https:\/\/dimensionturistica.com\/es\/wp-json\/wp\/v2\/comments?post=1207533"}],"version-history":[{"count":1,"href":"https:\/\/dimensionturistica.com\/es\/wp-json\/wp\/v2\/posts\/1207533\/revisions"}],"predecessor-version":[{"id":1207535,"href":"https:\/\/dimensionturistica.com\/es\/wp-json\/wp\/v2\/posts\/1207533\/revisions\/1207535"}],"wp:featuredmedia":[{"embeddable":true,"href":"https:\/\/dimensionturistica.com\/es\/wp-json\/wp\/v2\/media\/1207534"}],"wp:attachment":[{"href":"https:\/\/dimensionturistica.com\/es\/wp-json\/wp\/v2\/media?parent=1207533"}],"wp:term":[{"taxonomy":"category","embeddable":true,"href":"https:\/\/dimensionturistica.com\/es\/wp-json\/wp\/v2\/categories?post=1207533"},{"taxonomy":"post_tag","embeddable":true,"href":"https:\/\/dimensionturistica.com\/es\/wp-json\/wp\/v2\/tags?post=1207533"}],"curies":[{"name":"wp","href":"https:\/\/api.w.org\/{rel}","templated":true}]}}