{"id":1207515,"date":"2026-09-05T04:05:07","date_gmt":"2026-09-05T04:05:07","guid":{"rendered":"https:\/\/dimensionturistica.com\/es\/?p=1207515"},"modified":"2026-09-05T04:05:07","modified_gmt":"2026-09-05T04:05:07","slug":"danny-ocean-festejo-con-elegancia-en-monterrey-la-inauguracion-de-la-nueva-tienda-de-tiffany-co","status":"publish","type":"post","link":"https:\/\/dimensionturistica.com\/es\/danny-ocean-festejo-con-elegancia-en-monterrey-la-inauguracion-de-la-nueva-tienda-de-tiffany-co\/","title":{"rendered":"Danny Ocean festej\u00f3 con elegancia en Monterrey la inauguraci\u00f3n de la nueva tienda de Tiffany &#038; Co."},"content":{"rendered":"<p><strong>Un Estilo Radiante: La Inauguraci\u00f3n de Tiffany &amp; Co. en Monterrey<\/strong><\/p>\n<p>El mundo de la moda y el lujo se viste de gala, y Monterrey ha sido el escenario elegido para el despliegue de elegancia y sofisticaci\u00f3n con la apertura de una nueva boutique de Tiffany &amp; Co. Este ic\u00f3nico evento ha atra\u00eddo la atenci\u00f3n de celebridades, influencers y amantes del estilo, todos reunidos para celebrar un hito en el universo del dise\u00f1o y la joyer\u00eda.<\/p>\n<p>Danny Ocean, el c\u00e9lebre m\u00fasico y embajador de la marca, se convirti\u00f3 en el centro de atenci\u00f3n con su estilo singular. Su elecci\u00f3n de vestuario fusion\u00f3 elementos cl\u00e1sicos con toques contempor\u00e1neos, reflejando a la perfecci\u00f3n la esencia de Tiffany &amp; Co. Cada prenda que utiliz\u00f3 no solo gan\u00f3 elogios por su est\u00e9tica, sino que tambi\u00e9n reson\u00f3 profundamente con los valores de la marca: sofisticaci\u00f3n, calidad y atemporalidad.<\/p>\n<p>Los invitados fueron recibidos en un ambiente deslumbrante, donde el dise\u00f1o de la boutique se entrelazaba con la magia de la ciudad. La decoraci\u00f3n, que incorpor\u00f3 los emblem\u00e1ticos colores de Tiffany, cre\u00f3 un escenario de ensue\u00f1o, ideal para que los asistentes se sumergieran en una experiencia \u00fanica. Desde el momento en que cruzaron las puertas, los visitantes fueron transportados a un mundo donde la joyer\u00eda no es solo un accesorio, sino una expresi\u00f3n de identidad y estilo.<\/p>\n<p>La noche estuvo marcada por un despliegue de creatividad y glamour. Las joyas, con su brillo incomparable, cautivaron las miradas de todos. Cada pieza, desde anillos hasta collares, cuenta una historia y evoca emociones, y durante esta inauguraci\u00f3n, la magia se hizo palpable en cada esquina.<\/p>\n<p>El evento ofreci\u00f3 una oportunidad para que los asistentes no solo admiraran las joyas, sino que tambi\u00e9n establecieran conexiones significativas. Se generaron conversaciones sobre estilo, tendencias y, por supuesto, la experiencia emocional que trae consigo adquirir una joya de esta reconocida marca. El hashtag del evento comenz\u00f3 a circular r\u00e1pidamente en redes sociales, transformando la inauguraci\u00f3n en un trending topic que lleg\u00f3 a cautivar la atenci\u00f3n de una audiencia global.<\/p>\n<p>Tiffany &amp; Co. no solo ha decidido abrir una nueva boutique en Monterrey; ha establecido un v\u00ednculo con la ciudad y sus habitantes. Con cada joya, la marca invita a sus clientes a celebrar momentos especiales y a crear recuerdos que perduren en el tiempo. Esta apertura se convierte, as\u00ed, en un s\u00edmbolo de conexi\u00f3n que trasciende fronteras.<\/p>\n<p>La inauguraci\u00f3n no fue solo un evento, sino una declaraci\u00f3n de intenciones en el mundo de la moda y el lujo. En un entorno donde las experiencias son cada vez m\u00e1s valoradas, Tiffany &amp; Co. demuestra que la elegancia y el estilo son atemporales y siempre relevantes. Monterrey, con su vibrante escena cultural y su aprecio por la belleza, se suma a la lista de ciudades que acogieron el brillo de esta marca, prometiendo un futuro lleno de glamour y sofisticaci\u00f3n. <\/p>\n<p>En resumen, la apertura de Tiffany &amp; Co. en Monterrey no es solo un nuevo cap\u00edtulo para la marca, sino un testimonio del poder del lujo y el estilo al conectar a las personas de manera significativa. Las joyas brillantes y la elegancia del evento dejan una huella en la ciudad, recordando a todos que cada detalle cuenta en la b\u00fasqueda de la perfecci\u00f3n.<\/p>\n<p><em> &#8221; Fuentes www.vogue.mx &#8221; <\/em><\/p>\n","protected":false},"excerpt":{"rendered":"<p>Un Estilo Radiante: La Inauguraci\u00f3n de Tiffany &amp; Co. en Monterrey El mundo de la moda y el lujo se viste de gala, y Monterrey ha sido el escenario elegido para el despliegue de elegancia y sofisticaci\u00f3n con la apertura de una nueva boutique de Tiffany &amp; Co. Este ic\u00f3nico evento ha atra\u00eddo la atenci\u00f3n [&hellip;]<\/p>\n","protected":false},"author":14,"featured_media":1207516,"comment_status":"open","ping_status":"closed","sticky":false,"template":"","format":"standard","meta":{"om_disable_all_campaigns":false,"jnews-multi-image_gallery":[],"jnews_single_post":[],"jnews_primary_category":[],"jnews_social_meta":[],"footnotes":""},"categories":[144872],"tags":[4696,7185,2448,88876,7758,659,7528,204719,95507],"class_list":["post-1207515","post","type-post","status-publish","format-standard","has-post-thumbnail","hentry","category-fashion","tag-apertura","tag-boutique","tag-celebracion","tag-danny-ocean","tag-estilo","tag-moda","tag-monterrey","tag-tiffany","tag-tiffany-co"],"_links":{"self":[{"href":"https:\/\/dimensionturistica.com\/es\/wp-json\/wp\/v2\/posts\/1207515","targetHints":{"allow":["GET"]}}],"collection":[{"href":"https:\/\/dimensionturistica.com\/es\/wp-json\/wp\/v2\/posts"}],"about":[{"href":"https:\/\/dimensionturistica.com\/es\/wp-json\/wp\/v2\/types\/post"}],"author":[{"embeddable":true,"href":"https:\/\/dimensionturistica.com\/es\/wp-json\/wp\/v2\/users\/14"}],"replies":[{"embeddable":true,"href":"https:\/\/dimensionturistica.com\/es\/wp-json\/wp\/v2\/comments?post=1207515"}],"version-history":[{"count":1,"href":"https:\/\/dimensionturistica.com\/es\/wp-json\/wp\/v2\/posts\/1207515\/revisions"}],"predecessor-version":[{"id":1207517,"href":"https:\/\/dimensionturistica.com\/es\/wp-json\/wp\/v2\/posts\/1207515\/revisions\/1207517"}],"wp:featuredmedia":[{"embeddable":true,"href":"https:\/\/dimensionturistica.com\/es\/wp-json\/wp\/v2\/media\/1207516"}],"wp:attachment":[{"href":"https:\/\/dimensionturistica.com\/es\/wp-json\/wp\/v2\/media?parent=1207515"}],"wp:term":[{"taxonomy":"category","embeddable":true,"href":"https:\/\/dimensionturistica.com\/es\/wp-json\/wp\/v2\/categories?post=1207515"},{"taxonomy":"post_tag","embeddable":true,"href":"https:\/\/dimensionturistica.com\/es\/wp-json\/wp\/v2\/tags?post=1207515"}],"curies":[{"name":"wp","href":"https:\/\/api.w.org\/{rel}","templated":true}]}}