{"id":1207512,"date":"2026-09-05T03:54:25","date_gmt":"2026-09-05T03:54:25","guid":{"rendered":"https:\/\/dimensionturistica.com\/es\/?p=1207512"},"modified":"2026-09-05T03:54:25","modified_gmt":"2026-09-05T03:54:25","slug":"certificacion-de-viaje-peticion-a-las-aerolineas-para-facilitar-la-verificacion-del-descuento-de-residentes-26","status":"publish","type":"post","link":"https:\/\/dimensionturistica.com\/es\/certificacion-de-viaje-peticion-a-las-aerolineas-para-facilitar-la-verificacion-del-descuento-de-residentes-26\/","title":{"rendered":"Certificaci\u00f3n de Viaje: Petici\u00f3n a las Aerol\u00edneas para Facilitar la Verificaci\u00f3n del Descuento de Residentes 26"},"content":{"rendered":"<h3>La Nueva Era del Turismo en Mallorca: Desaf\u00edos y Oportunidades<\/h3>\n<p>Mallorca, uno de los destinos tur\u00edsticos m\u00e1s emblem\u00e1ticos del Mediterr\u00e1neo, se encuentra en un momento crucial. Con su deslumbrante costa, singulares tradiciones y una rica oferta cultural, la isla ha sido durante a\u00f1os un lugar privilegiado para turistas de todo el mundo. Sin embargo, la reciente demanda planteada por los agentes de viajes pone de manifiesto algunos retos que, si se abordan adecuadamente, pueden transformar el futuro del turismo en la isla.<\/p>\n<p>Los agentes de viajes han levantado la voz en torno a la necesidad de establecer una mejor colaboraci\u00f3n con las aerol\u00edneas. A medida que el sector tur\u00edstico se recupera tras los estragos de la pandemia, surge la urgencia de crear un ecosistema m\u00e1s integrado que beneficie tanto a los viajeros como a los proveedores de servicios tur\u00edsticos. La falta de coordinaci\u00f3n entre las aerol\u00edneas y los operadores tur\u00edsticos puede desencadenar problemas que afecten directamente la experiencia del visitante.<\/p>\n<p>Es fundamental que las aerol\u00edneas establezcan conexiones m\u00e1s eficientes y confiables con las agencias de viaje, permitiendo as\u00ed ofrecer un servicio m\u00e1s armonioso a los turistas. La coordinaci\u00f3n con los horarios de los vuelos, la implementaci\u00f3n de pol\u00edticas de cancelaci\u00f3n m\u00e1s flexibles y la mejora en la comunicaci\u00f3n son aspectos que deben ser priorizados. Las expectativas de los viajeros han cambiado; buscan m\u00e1s que nunca una experiencia sin contratiempos, y esto comienza desde el momento en que reservan su vuelo.<\/p>\n<p>Este llamado a la cooperaci\u00f3n no solo se trata de corregir problemas operativos, sino que tambi\u00e9n representa una oportunidad para innovar en la forma en que se comercializa el destino. En lugar de ver el turismo como un simple flujo de visitantes, hay que contemplarlo como una experiencia integral que comienza mucho antes de que el viajero pise la tierra firme de Mallorca. Las agencias de viaje se posicionan como los mejores aliados para promover el destino, pero necesitan herramientas eficaces para hacerlo.<\/p>\n<p>El potencial de un enfoque m\u00e1s cooperativo es inmenso. Con una sinergia adecuada, se pueden desarrollar paquetes tur\u00edsticos atractivos que combinen vuelos, traslados, alojamiento y actividades, mejorando as\u00ed la accesibilidad a todos los rincones de la isla. Adem\u00e1s, la mejora de la conectividad con otros destinos podr\u00eda abrir la puerta a un turismo m\u00e1s diversificado, atrayendo a nuevos perfiles de viajeros que buscan experiencias \u00fanicas.<\/p>\n<p>Por otro lado, no se puede pasar por alto la importancia de la sostenibilidad en esta nueva etapa del turismo. Mallorca ha sido un ejemplo de c\u00f3mo el turismo puede coexistir con la conservaci\u00f3n del medio ambiente. Un modelo de colaboraci\u00f3n que incluya est\u00e1ndares ecol\u00f3gicos y promueva una movilidad m\u00e1s sostenible atraer\u00e1 a un p\u00fablico consciente y comprometido con el cuidado de la isla.<\/p>\n<p>La esencia del turismo en Mallorca radica en su capacidad de adaptaci\u00f3n. La isla ha superado m\u00faltiples desaf\u00edos a lo largo de su historia, y el actual no es la excepci\u00f3n. La llamada de los agentes de viajes a una colaboraci\u00f3n m\u00e1s estrecha con las aerol\u00edneas representa una oportunidad para reimaginar el turismo mallorqu\u00edn, hacerlo m\u00e1s inclusivo y, sobre todo, m\u00e1s gratificante para cada viajero que llega en busca de sol, mar y cultura.<\/p>\n<p>En conclusi\u00f3n, Mallorca tiene ante s\u00ed el desaf\u00edo de reinventar su oferta tur\u00edstica con una mentalidad colaborativa. Con un enfoque orientado hacia la cooperaci\u00f3n y la innovaci\u00f3n, es posible construir un futuro brillante que no solo beneficie a los actores involucrados, sino que tambi\u00e9n enriquezca la experiencia del visitante, haciendo de Mallorca un destino a\u00fan m\u00e1s irresistible.<\/p>\n<p><em> &#8221; Sources www.diariodemallorca.es &#8221; <\/em><\/p>\n","protected":false},"excerpt":{"rendered":"<p>La Nueva Era del Turismo en Mallorca: Desaf\u00edos y Oportunidades Mallorca, uno de los destinos tur\u00edsticos m\u00e1s emblem\u00e1ticos del Mediterr\u00e1neo, se encuentra en un momento crucial. Con su deslumbrante costa, singulares tradiciones y una rica oferta cultural, la isla ha sido durante a\u00f1os un lugar privilegiado para turistas de todo el mundo. Sin embargo, la [&hellip;]<\/p>\n","protected":false},"author":4,"featured_media":1207513,"comment_status":"open","ping_status":"closed","sticky":false,"template":"","format":"standard","meta":{"om_disable_all_campaigns":false,"jnews-multi-image_gallery":[],"jnews_single_post":[],"jnews_primary_category":[],"jnews_social_meta":[],"footnotes":""},"categories":[40],"tags":[803,621,1619,5281,26494,4788,3134,9031,7438,947,544,790,545],"class_list":["post-1207512","post","type-post","status-publish","format-standard","has-post-thumbnail","hentry","category-industria","tag-aerolineas","tag-agentes","tag-aviba","tag-certificado","tag-cooperacion","tag-descuento","tag-pasajeros","tag-reclaman","tag-residente","tag-transporte-aereo","tag-turismo","tag-viajar","tag-viajes"],"_links":{"self":[{"href":"https:\/\/dimensionturistica.com\/es\/wp-json\/wp\/v2\/posts\/1207512","targetHints":{"allow":["GET"]}}],"collection":[{"href":"https:\/\/dimensionturistica.com\/es\/wp-json\/wp\/v2\/posts"}],"about":[{"href":"https:\/\/dimensionturistica.com\/es\/wp-json\/wp\/v2\/types\/post"}],"author":[{"embeddable":true,"href":"https:\/\/dimensionturistica.com\/es\/wp-json\/wp\/v2\/users\/4"}],"replies":[{"embeddable":true,"href":"https:\/\/dimensionturistica.com\/es\/wp-json\/wp\/v2\/comments?post=1207512"}],"version-history":[{"count":1,"href":"https:\/\/dimensionturistica.com\/es\/wp-json\/wp\/v2\/posts\/1207512\/revisions"}],"predecessor-version":[{"id":1207514,"href":"https:\/\/dimensionturistica.com\/es\/wp-json\/wp\/v2\/posts\/1207512\/revisions\/1207514"}],"wp:featuredmedia":[{"embeddable":true,"href":"https:\/\/dimensionturistica.com\/es\/wp-json\/wp\/v2\/media\/1207513"}],"wp:attachment":[{"href":"https:\/\/dimensionturistica.com\/es\/wp-json\/wp\/v2\/media?parent=1207512"}],"wp:term":[{"taxonomy":"category","embeddable":true,"href":"https:\/\/dimensionturistica.com\/es\/wp-json\/wp\/v2\/categories?post=1207512"},{"taxonomy":"post_tag","embeddable":true,"href":"https:\/\/dimensionturistica.com\/es\/wp-json\/wp\/v2\/tags?post=1207512"}],"curies":[{"name":"wp","href":"https:\/\/api.w.org\/{rel}","templated":true}]}}